{"id":59016,"date":"2015-06-15T09:26:52","date_gmt":"2015-06-15T12:26:52","guid":{"rendered":"http:\/\/www.eltrabajo.cl\/portal\/?p=59016"},"modified":"2015-06-15T09:26:52","modified_gmt":"2015-06-15T12:26:52","slug":"autoridades-y-vecinos-en-conjunto-analizaran-construccion-de-embalse-pocuro-alto","status":"publish","type":"post","link":"https:\/\/eltrabajo.cl\/portal\/autoridades-y-vecinos-en-conjunto-analizaran-construccion-de-embalse-pocuro-alto\/","title":{"rendered":"Autoridades y vecinos en conjunto analizar\u00e1n construcci\u00f3n de embalse Pocuro Alto"},"content":{"rendered":"<figure id=\"attachment_59017\" aria-describedby=\"caption-attachment-59017\" style=\"width: 300px\" class=\"wp-caption alignleft\"><a href=\"https:\/\/i0.wp.com\/www.eltrabajo.cl\/portal\/wp-content\/uploads\/2015\/06\/embalse-reunion1-ca.jpg\"><img data-recalc-dims=\"1\" loading=\"lazy\" decoding=\"async\" class=\"wp-image-59017 size-medium\" src=\"https:\/\/i0.wp.com\/www.eltrabajo.cl\/portal\/wp-content\/uploads\/2015\/06\/embalse-reunion1-ca-300x197.jpg?resize=300%2C197\" alt=\"Cabildos ciudadanos ser\u00e1 una de las opciones que barajan las autoridades de la comuna para vincular a los vecinos en lo que significar\u00e1 la construcci\u00f3n del embalse Pocuro Alto.\" width=\"300\" height=\"197\" srcset=\"https:\/\/i0.wp.com\/eltrabajo.cl\/portal\/wp-content\/uploads\/2015\/06\/embalse-reunion1-ca.jpg?resize=300%2C197&amp;ssl=1 300w, https:\/\/i0.wp.com\/eltrabajo.cl\/portal\/wp-content\/uploads\/2015\/06\/embalse-reunion1-ca.jpg?resize=200%2C131&amp;ssl=1 200w, https:\/\/i0.wp.com\/eltrabajo.cl\/portal\/wp-content\/uploads\/2015\/06\/embalse-reunion1-ca.jpg?resize=228%2C150&amp;ssl=1 228w, https:\/\/i0.wp.com\/eltrabajo.cl\/portal\/wp-content\/uploads\/2015\/06\/embalse-reunion1-ca.jpg?resize=400%2C263&amp;ssl=1 400w, https:\/\/i0.wp.com\/eltrabajo.cl\/portal\/wp-content\/uploads\/2015\/06\/embalse-reunion1-ca.jpg?w=530&amp;ssl=1 530w\" sizes=\"auto, (max-width: 300px) 100vw, 300px\" \/><\/a><figcaption id=\"caption-attachment-59017\" class=\"wp-caption-text\">Cabildos ciudadanos ser\u00e1 una de las opciones que barajan las autoridades de la comuna para vincular a los vecinos en lo que significar\u00e1 la construcci\u00f3n del embalse Pocuro Alto.<\/figcaption><\/figure>\n<ul>\n<li><strong>Autoridades de Calle Larga esperan tener una visi\u00f3n de todos los sectores para tener una postura com\u00fan.<\/strong><\/li>\n<\/ul>\n<p><strong>CALLE LARGA.-<\/strong> Con la realizaci\u00f3n de cabildos ciudadanos y la formaci\u00f3n de una coordinadora de organizaciones c\u00edvicas, la comuna de Calle Larga espera analizar de manera inclusiva y con participaci\u00f3n de todos los actores la implicancia que tendr\u00e1 la eventual construcci\u00f3n del embalse Pocuro Alto.<br \/>\nAs\u00ed qued\u00f3 establecido en la reuni\u00f3n sostenida por el alcalde Nelson Venegas con la comunidad del sector de San Vicente y Los Rosales, los m\u00e1s afectados en caso de que esta obra llegue a ser realidad.<br \/>\nEn este sentido, el alcalde Venegas manifest\u00f3 que el embalse es un tema delicado que debe ser abordado en forma seria y sin populismos de ninguna especie, escuchando todas las opiniones y estudiando cu\u00e1les ser\u00e1n los costos y beneficios de la obra.<br \/>\nPor ello consider\u00f3 altamente relevante la participaci\u00f3n de toda la ciudadan\u00eda, pero no solamente de Calle Larga, sino que tambi\u00e9n de las comunas de Los Andes y Rinconada que tambi\u00e9n se ver\u00e1n afectadas.<br \/>\nEl edil sostuvo que su oposici\u00f3n inicial al proyecto radica fundamentalmente en que no se conocen detalles de la obra y su construcci\u00f3n fue definida entre cuatro paredes en un a\u00f1o electoral.<br \/>\nExpres\u00f3 que por ello se deben analizar todos los alcances, pues a\u00fan falta realizar los estudios t\u00e9cnicos y de impacto ambiental, los cuales tambi\u00e9n podr\u00edan resultar negativos y eso echar\u00eda por tierra el proyecto.<br \/>\nEn este mismo sentido, el concejal V\u00edctor Jara, indic\u00f3 que es muy importante que estas organizaciones c\u00edvicas se informen t\u00e9cnicamente de lo que es el proyecto antes de adoptar una postura a favor o en contra.<br \/>\nAgreg\u00f3 que estos cabildos se realizar\u00e1n una vez que el Ministerio de Obras P\u00fablicas entregue toda la informaci\u00f3n respecto del proyecto y as\u00ed poder contratar una consultora externa que permita su evaluaci\u00f3n, \u201cpero para eso el gobierno tiene que definirse, porque no vamos a estar pagando estudios sobre cosas que no se sabe si se va realizar\u201d.<br \/>\nCoincidi\u00f3 con el alcalde Venegas que no antes de siete a\u00f1os se tendr\u00e1 una decisi\u00f3n definitiva respecto de su construcci\u00f3n.<br \/>\nEn tanto, el vocero de los vecinos, Jason Robles, comento que se aglutinar\u00e1n en una sola comisi\u00f3n para trabajar el tema del embalse con las diferentes organizaciones sociales de la comuna a fin de lograr una postura com\u00fan de todos los vecinos respecto de esta obra<\/p>\n","protected":false},"excerpt":{"rendered":"<p>Autoridades de Calle Larga esperan tener una visi\u00f3n de todos los sectores para tener una postura com\u00fan. CALLE LARGA.- Con la realizaci\u00f3n de cabildos ciudadanos y la formaci\u00f3n de una coordinadora de&#8230;<\/p>\n","protected":false},"author":482,"featured_media":59017,"comment_status":"open","ping_status":"open","sticky":false,"template":"","format":"standard","meta":{"advanced_seo_description":"","jetpack_seo_html_title":"","jetpack_seo_noindex":false,"_jetpack_memberships_contains_paid_content":false,"footnotes":""},"categories":[15],"tags":[],"class_list":["post-59016","post","type-post","status-publish","format-standard","has-post-thumbnail","hentry","category-comunidad"],"jetpack_featured_media_url":"https:\/\/i0.wp.com\/eltrabajo.cl\/portal\/wp-content\/uploads\/2015\/06\/embalse-reunion1-ca.jpg?fit=530%2C348&ssl=1","jetpack_sharing_enabled":true,"jetpack_likes_enabled":true,"jetpack-related-posts":[],"_links":{"self":[{"href":"https:\/\/eltrabajo.cl\/portal\/wp-json\/wp\/v2\/posts\/59016","targetHints":{"allow":["GET"]}}],"collection":[{"href":"https:\/\/eltrabajo.cl\/portal\/wp-json\/wp\/v2\/posts"}],"about":[{"href":"https:\/\/eltrabajo.cl\/portal\/wp-json\/wp\/v2\/types\/post"}],"author":[{"embeddable":true,"href":"https:\/\/eltrabajo.cl\/portal\/wp-json\/wp\/v2\/users\/482"}],"replies":[{"embeddable":true,"href":"https:\/\/eltrabajo.cl\/portal\/wp-json\/wp\/v2\/comments?post=59016"}],"version-history":[{"count":0,"href":"https:\/\/eltrabajo.cl\/portal\/wp-json\/wp\/v2\/posts\/59016\/revisions"}],"wp:featuredmedia":[{"embeddable":true,"href":"https:\/\/eltrabajo.cl\/portal\/wp-json\/wp\/v2\/media\/59017"}],"wp:attachment":[{"href":"https:\/\/eltrabajo.cl\/portal\/wp-json\/wp\/v2\/media?parent=59016"}],"wp:term":[{"taxonomy":"category","embeddable":true,"href":"https:\/\/eltrabajo.cl\/portal\/wp-json\/wp\/v2\/categories?post=59016"},{"taxonomy":"post_tag","embeddable":true,"href":"https:\/\/eltrabajo.cl\/portal\/wp-json\/wp\/v2\/tags?post=59016"}],"curies":[{"name":"wp","href":"https:\/\/api.w.org\/{rel}","templated":true}]}}