{"id":59029,"date":"2015-06-15T09:36:12","date_gmt":"2015-06-15T12:36:12","guid":{"rendered":"http:\/\/www.eltrabajo.cl\/portal\/?p=59029"},"modified":"2015-06-15T09:36:12","modified_gmt":"2015-06-15T12:36:12","slug":"muere-gabriela-castro-duena-de-rosticeria-santa-julia","status":"publish","type":"post","link":"https:\/\/eltrabajo.cl\/portal\/muere-gabriela-castro-duena-de-rosticeria-santa-julia\/","title":{"rendered":"Muere Gabriela Castro, due\u00f1a de Rosticer\u00eda Santa Julia"},"content":{"rendered":"<figure id=\"attachment_59030\" aria-describedby=\"caption-attachment-59030\" style=\"width: 300px\" class=\"wp-caption alignleft\"><a href=\"https:\/\/i0.wp.com\/www.eltrabajo.cl\/portal\/wp-content\/uploads\/2015\/06\/Gabriela-Castro.jpg\"><img data-recalc-dims=\"1\" loading=\"lazy\" decoding=\"async\" class=\"wp-image-59030 size-medium\" src=\"https:\/\/i0.wp.com\/www.eltrabajo.cl\/portal\/wp-content\/uploads\/2015\/06\/Gabriela-Castro-300x197.jpg?resize=300%2C197\" alt=\"MUJER EJEMPLAR.- Do\u00f1a Gabriela Castro luch\u00f3 por los suyos y nos dej\u00f3 una excelente lecci\u00f3n: Si se quiere, se puede.\" width=\"300\" height=\"197\" srcset=\"https:\/\/i0.wp.com\/eltrabajo.cl\/portal\/wp-content\/uploads\/2015\/06\/Gabriela-Castro.jpg?resize=300%2C197&amp;ssl=1 300w, https:\/\/i0.wp.com\/eltrabajo.cl\/portal\/wp-content\/uploads\/2015\/06\/Gabriela-Castro.jpg?resize=200%2C131&amp;ssl=1 200w, https:\/\/i0.wp.com\/eltrabajo.cl\/portal\/wp-content\/uploads\/2015\/06\/Gabriela-Castro.jpg?resize=228%2C150&amp;ssl=1 228w, https:\/\/i0.wp.com\/eltrabajo.cl\/portal\/wp-content\/uploads\/2015\/06\/Gabriela-Castro.jpg?resize=400%2C263&amp;ssl=1 400w, https:\/\/i0.wp.com\/eltrabajo.cl\/portal\/wp-content\/uploads\/2015\/06\/Gabriela-Castro.jpg?w=530&amp;ssl=1 530w\" sizes=\"auto, (max-width: 300px) 100vw, 300px\" \/><\/a><figcaption id=\"caption-attachment-59030\" class=\"wp-caption-text\">MUJER EJEMPLAR.- Do\u00f1a Gabriela Castro luch\u00f3 por los suyos y nos dej\u00f3 una excelente lecci\u00f3n: Si se quiere, se puede.<\/figcaption><\/figure>\n<p>Fueron conocidos como \u2018Don Nico\u2019 y \u2018Do\u00f1a Julia\u2019, due\u00f1os de una de las chancher\u00edas m\u00e1s conocidas en San Felipe, y que ahora se llama Rosticer\u00eda Santa Julia, ubicada en Chacabuco con Traslavi\u00f1a. La raz\u00f3n del porqu\u00e9 en Diario El Trabajo hoy les estamos compartiendo esta historia, obedece al lamentable fallecimiento de Gabriela Del Carmen Castro Herrera, a quien todos en la provincia conocimos como \u2018Do\u00f1a Julia\u2019.<\/p>\n<p><strong>VEND\u00cdA CARNE\u00a0EN UN TRICICLO<\/strong><br \/>\nElla naci\u00f3 el 21 de enero de 1944 en La Calera, lleg\u00f3 a San Felipe siendo una ni\u00f1a muy chica y vivi\u00f3 en nuestra ciudad hasta el mi\u00e9rcoles 10 de junio de 2015, cuando falleci\u00f3 a causa de un infarto al coraz\u00f3n. Es por ello que, para conocer y compartir su historia, Diario El Trabajo habl\u00f3 con su hija Ana Varas Castro.<br \/>\n<strong>&#8211; \u00bfC\u00f3mo les cont\u00f3 do\u00f1a Gabriela la historia de su negocio?<\/strong><br \/>\n<strong>&#8211;<\/strong> Mam\u00e1 se conoci\u00f3 con pap\u00e1, Nicanor Varas Villarroel, luego que ambos se encontraran trabajando en Chancher\u00eda El Porvenir de Calle Prat, all\u00e1 por 1964, un tiempo despu\u00e9s se casaron. Somos dos hijos de ellos y dos de crianza, Patricia, Mirka, Carlos y yo.<br \/>\n<strong>&#8211; \u00bfDesde cu\u00e1ndo tuvo negocio de chancher\u00eda su mam\u00e1?<\/strong><br \/>\n<strong>&#8211;<\/strong> Como ambos conoc\u00edan bien el oficio, en 1966 decidieron independizarse y, con un cerdito que un vecino les prest\u00f3, porque no ten\u00edan ni un peso en el bolsillo, abrieron las puertas de Chancher\u00eda Santa Julia, era el nombre de la antigua due\u00f1a, pero que mam\u00e1 conserv\u00f3 hasta la fecha.<br \/>\n<strong>&#8211; \u00bfEra duro para una mujer esa clase de oficio?<\/strong><br \/>\n<strong>&#8211;<\/strong> S\u00ed. Muy duro. Mis padres eran unos luchadores, a mam\u00e1 por ejemplo, a ella no le daba verg\u00fcenza alguna de recorrer las calles de San Felipe en un triciclo ofreciendo carne de cerdo, ella trabajaba de sol a sol y hasta por las noches, s\u00f3lo buscaba construir un futuro a toda su familia, y lo hizo.<br \/>\n<strong>&#8211; \u00bfQu\u00e9 logr\u00f3 su mam\u00e1 con tanto sacrificio de su parte?<\/strong><br \/>\n<strong>&#8211;<\/strong> Gracias a su enorme sacrificio, Carlos y yo logramos profesionalizarnos, \u00e9l es Ingeniero en Inform\u00e1tica e Ingeniero Civil, yo soy Profesora en Filosof\u00eda. Logramos acceder a una educaci\u00f3n superior gracias a los cerditos que ella y pap\u00e1 vend\u00edan en la calle, luego su negocio pas\u00f3 tambi\u00e9n a vender s\u00e1ndwiches.<br \/>\n<strong>&#8211; \u00bfAlguna an\u00e9cdota que puedas compartir de su mam\u00e1 para nuestros lectores?<\/strong><br \/>\n<strong>&#8211;<\/strong> Mam\u00e1 era muy regalona, vers\u00e1til y llena de an\u00e9cdotas dignas de recordar, por ejemplo nos contaba, que ella al principio, para poder llevar el bocado a nuestra mesa, quienes est\u00e1bamos chicos, a veces vend\u00eda vino en botellas con etiqueta falsa, lo compraba en garrafas y llenaba las botellas. Mam\u00e1 tambi\u00e9n era muy buena para el tango, le encantaba bailar.<br \/>\n<strong>&#8211; \u00bfQu\u00e9 har\u00e1n ahora con este negocio que les dej\u00f3 su mam\u00e1?<\/strong><br \/>\n<strong>&#8211;<\/strong> Sobre el futuro de la rosticer\u00eda, mam\u00e1 siempre nos dec\u00eda que ella no deseaba que trabaj\u00e1ramos ah\u00ed con ella, pues deseaba algo mejor para nosotros, pero sin embargo, ahora que muri\u00f3, hemos decidido seguir adelante con la empresita, nos apoyan tambi\u00e9n nuestros hermanos de crianza Patricia y Mirka.<\/p>\n<p><strong>MUJER EJEMPLAR<\/strong><br \/>\nDo\u00f1a Gabriela era la cuarta de nueve hermanos, era viuda, pues su esposo \u2018Nico\u2019 Varas hab\u00eda fallecido hace ya varios a\u00f1os. Fue una mujer ejemplar y muy emprendedora. En 2012 el Municipio reconoci\u00f3 su trayectoria como una de las peque\u00f1as empresarias m\u00e1s destacada en la ciudad.<br \/>\nQuienes laboramos en Diario El Trabajo hoy, como tributo a la vida ejemplar que llev\u00f3 y por su tenacidad para alcanzar sus metas honradamente, por medio del presente reportaje le queremos recordar con cari\u00f1o y mucho respeto, porque a mujeres como ella no se las puedes olvidar.<br \/>\n<strong>Roberto Gonz\u00e1lez Short<\/strong><br \/>\nrgonzalez@eltrabajo.cl<\/p>\n<div class=\"tiled-gallery type-rectangular tiled-gallery-unresized\" data-original-width=\"640\" data-carousel-extra='null' itemscope itemtype=\"http:\/\/schema.org\/ImageGallery\" > <div class=\"gallery-row\" style=\"width: 640px; height: 284px;\" data-original-width=\"640\" data-original-height=\"284\" > <div class=\"gallery-group images-1\" style=\"width: 427px; height: 284px;\" data-original-width=\"427\" data-original-height=\"284\" > <div class=\"tiled-gallery-item tiled-gallery-item-large\" itemprop=\"associatedMedia\" itemscope itemtype=\"http:\/\/schema.org\/ImageObject\"> <a href=\"https:\/\/eltrabajo.cl\/portal\/muere-gabriela-castro-duena-de-rosticeria-santa-julia\/familia1-16\/\" border=\"0\" itemprop=\"url\"> <meta itemprop=\"width\" content=\"423\"> <meta itemprop=\"height\" content=\"280\"> <img decoding=\"async\" class=\"\" data-attachment-id=\"59033\" data-orig-file=\"https:\/\/eltrabajo.cl\/portal\/wp-content\/uploads\/2015\/06\/Familia1.jpg\" data-orig-size=\"530,350\" data-comments-opened=\"1\" data-image-meta=\"{&quot;aperture&quot;:&quot;0&quot;,&quot;credit&quot;:&quot;&quot;,&quot;camera&quot;:&quot;&quot;,&quot;caption&quot;:&quot;&quot;,&quot;created_timestamp&quot;:&quot;0&quot;,&quot;copyright&quot;:&quot;&quot;,&quot;focal_length&quot;:&quot;0&quot;,&quot;iso&quot;:&quot;0&quot;,&quot;shutter_speed&quot;:&quot;0&quot;,&quot;title&quot;:&quot;&quot;,&quot;orientation&quot;:&quot;0&quot;}\" data-image-title=\"Familia1\" data-image-description=\"&lt;p&gt;SU DESCENDENCIA.- Ellos son parte de la extensa familia de do\u00f1a Gabriela Castro, quienes despidieron a su madre y abuela esta semana reci\u00e9n pasada.&lt;\/p&gt; \" data-medium-file=\"https:\/\/i0.wp.com\/eltrabajo.cl\/portal\/wp-content\/uploads\/2015\/06\/Familia1.jpg?fit=300%2C198&#038;ssl=1\" data-large-file=\"https:\/\/i0.wp.com\/eltrabajo.cl\/portal\/wp-content\/uploads\/2015\/06\/Familia1.jpg?fit=530%2C350&#038;ssl=1\" src=\"https:\/\/i0.wp.com\/eltrabajo.cl\/portal\/wp-content\/uploads\/2015\/06\/Familia1.jpg?w=423&#038;h=280&#038;ssl=1\" srcset=\"https:\/\/i0.wp.com\/eltrabajo.cl\/portal\/wp-content\/uploads\/2015\/06\/Familia1.jpg?w=530&amp;ssl=1 530w, https:\/\/i0.wp.com\/eltrabajo.cl\/portal\/wp-content\/uploads\/2015\/06\/Familia1.jpg?resize=200%2C132&amp;ssl=1 200w, https:\/\/i0.wp.com\/eltrabajo.cl\/portal\/wp-content\/uploads\/2015\/06\/Familia1.jpg?resize=300%2C198&amp;ssl=1 300w, https:\/\/i0.wp.com\/eltrabajo.cl\/portal\/wp-content\/uploads\/2015\/06\/Familia1.jpg?resize=227%2C150&amp;ssl=1 227w, https:\/\/i0.wp.com\/eltrabajo.cl\/portal\/wp-content\/uploads\/2015\/06\/Familia1.jpg?resize=400%2C264&amp;ssl=1 400w\" width=\"423\" height=\"280\" loading=\"lazy\" data-original-width=\"423\" data-original-height=\"280\" itemprop=\"http:\/\/schema.org\/image\" title=\"Familia1\" alt=\"SU DESCENDENCIA.- Ellos son parte de la extensa familia de do\u00f1a Gabriela Castro, quienes despidieron a su madre y abuela esta semana reci\u00e9n pasada.\" style=\"width: 423px; height: 280px;\" \/> <\/a> <div class=\"tiled-gallery-caption\" itemprop=\"caption description\"> SU DESCENDENCIA.- Ellos son parte de la extensa familia de do\u00f1a Gabriela Castro, quienes despidieron a su madre y abuela esta semana reci\u00e9n pasada. <\/div> <\/div> <\/div> <!-- close group --> <div class=\"gallery-group images-2\" style=\"width: 213px; height: 284px;\" data-original-width=\"213\" data-original-height=\"284\" > <div class=\"tiled-gallery-item tiled-gallery-item-small\" itemprop=\"associatedMedia\" itemscope itemtype=\"http:\/\/schema.org\/ImageObject\"> <a href=\"https:\/\/eltrabajo.cl\/portal\/muere-gabriela-castro-duena-de-rosticeria-santa-julia\/prestigio1\/\" border=\"0\" itemprop=\"url\"> <meta itemprop=\"width\" content=\"209\"> <meta itemprop=\"height\" content=\"138\"> <img decoding=\"async\" class=\"\" data-attachment-id=\"59034\" data-orig-file=\"https:\/\/eltrabajo.cl\/portal\/wp-content\/uploads\/2015\/06\/Prestigio1.jpg\" data-orig-size=\"530,350\" data-comments-opened=\"1\" data-image-meta=\"{&quot;aperture&quot;:&quot;0&quot;,&quot;credit&quot;:&quot;&quot;,&quot;camera&quot;:&quot;&quot;,&quot;caption&quot;:&quot;&quot;,&quot;created_timestamp&quot;:&quot;0&quot;,&quot;copyright&quot;:&quot;&quot;,&quot;focal_length&quot;:&quot;0&quot;,&quot;iso&quot;:&quot;0&quot;,&quot;shutter_speed&quot;:&quot;0&quot;,&quot;title&quot;:&quot;&quot;,&quot;orientation&quot;:&quot;0&quot;}\" data-image-title=\"Prestigio1\" data-image-description=\"&lt;p&gt;PRESTIGIO.- Durante la administraci\u00f3n municipal de Jaime Amar fue premiada su trayectoria y val\u00eda como mediana empresaria.&lt;\/p&gt; \" data-medium-file=\"https:\/\/i0.wp.com\/eltrabajo.cl\/portal\/wp-content\/uploads\/2015\/06\/Prestigio1.jpg?fit=300%2C198&#038;ssl=1\" data-large-file=\"https:\/\/i0.wp.com\/eltrabajo.cl\/portal\/wp-content\/uploads\/2015\/06\/Prestigio1.jpg?fit=530%2C350&#038;ssl=1\" src=\"https:\/\/i0.wp.com\/eltrabajo.cl\/portal\/wp-content\/uploads\/2015\/06\/Prestigio1.jpg?w=209&#038;h=138&#038;ssl=1\" srcset=\"https:\/\/i0.wp.com\/eltrabajo.cl\/portal\/wp-content\/uploads\/2015\/06\/Prestigio1.jpg?w=530&amp;ssl=1 530w, https:\/\/i0.wp.com\/eltrabajo.cl\/portal\/wp-content\/uploads\/2015\/06\/Prestigio1.jpg?resize=200%2C132&amp;ssl=1 200w, https:\/\/i0.wp.com\/eltrabajo.cl\/portal\/wp-content\/uploads\/2015\/06\/Prestigio1.jpg?resize=300%2C198&amp;ssl=1 300w, https:\/\/i0.wp.com\/eltrabajo.cl\/portal\/wp-content\/uploads\/2015\/06\/Prestigio1.jpg?resize=227%2C150&amp;ssl=1 227w, https:\/\/i0.wp.com\/eltrabajo.cl\/portal\/wp-content\/uploads\/2015\/06\/Prestigio1.jpg?resize=400%2C264&amp;ssl=1 400w\" width=\"209\" height=\"138\" loading=\"lazy\" data-original-width=\"209\" data-original-height=\"138\" itemprop=\"http:\/\/schema.org\/image\" title=\"Prestigio1\" alt=\"PRESTIGIO.- Durante la administraci\u00f3n municipal de Jaime Amar fue premiada su trayectoria y val\u00eda como mediana empresaria.\" style=\"width: 209px; height: 138px;\" \/> <\/a> <div class=\"tiled-gallery-caption\" itemprop=\"caption description\"> PRESTIGIO.- Durante la administraci\u00f3n municipal de Jaime Amar fue premiada su trayectoria y val\u00eda como mediana empresaria. <\/div> <\/div> <div class=\"tiled-gallery-item tiled-gallery-item-small\" itemprop=\"associatedMedia\" itemscope itemtype=\"http:\/\/schema.org\/ImageObject\"> <a href=\"https:\/\/eltrabajo.cl\/portal\/muere-gabriela-castro-duena-de-rosticeria-santa-julia\/ana-varas\/\" border=\"0\" itemprop=\"url\"> <meta itemprop=\"width\" content=\"209\"> <meta itemprop=\"height\" content=\"138\"> <img decoding=\"async\" class=\"\" data-attachment-id=\"59031\" data-orig-file=\"https:\/\/eltrabajo.cl\/portal\/wp-content\/uploads\/2015\/06\/Ana-Varas.jpg\" data-orig-size=\"530,350\" data-comments-opened=\"1\" data-image-meta=\"{&quot;aperture&quot;:&quot;0&quot;,&quot;credit&quot;:&quot;&quot;,&quot;camera&quot;:&quot;&quot;,&quot;caption&quot;:&quot;&quot;,&quot;created_timestamp&quot;:&quot;0&quot;,&quot;copyright&quot;:&quot;&quot;,&quot;focal_length&quot;:&quot;0&quot;,&quot;iso&quot;:&quot;0&quot;,&quot;shutter_speed&quot;:&quot;0&quot;,&quot;title&quot;:&quot;&quot;,&quot;orientation&quot;:&quot;0&quot;}\" data-image-title=\"Ana Varas\" data-image-description=\"&lt;p&gt;Ana Varas, hija de do\u00f1a Gabriela, quien habl\u00f3 con Diario El Trabajo.&lt;\/p&gt; \" data-medium-file=\"https:\/\/i0.wp.com\/eltrabajo.cl\/portal\/wp-content\/uploads\/2015\/06\/Ana-Varas.jpg?fit=300%2C198&#038;ssl=1\" data-large-file=\"https:\/\/i0.wp.com\/eltrabajo.cl\/portal\/wp-content\/uploads\/2015\/06\/Ana-Varas.jpg?fit=530%2C350&#038;ssl=1\" src=\"https:\/\/i0.wp.com\/eltrabajo.cl\/portal\/wp-content\/uploads\/2015\/06\/Ana-Varas.jpg?w=209&#038;h=138&#038;ssl=1\" srcset=\"https:\/\/i0.wp.com\/eltrabajo.cl\/portal\/wp-content\/uploads\/2015\/06\/Ana-Varas.jpg?w=530&amp;ssl=1 530w, https:\/\/i0.wp.com\/eltrabajo.cl\/portal\/wp-content\/uploads\/2015\/06\/Ana-Varas.jpg?resize=200%2C132&amp;ssl=1 200w, https:\/\/i0.wp.com\/eltrabajo.cl\/portal\/wp-content\/uploads\/2015\/06\/Ana-Varas.jpg?resize=300%2C198&amp;ssl=1 300w, https:\/\/i0.wp.com\/eltrabajo.cl\/portal\/wp-content\/uploads\/2015\/06\/Ana-Varas.jpg?resize=227%2C150&amp;ssl=1 227w, https:\/\/i0.wp.com\/eltrabajo.cl\/portal\/wp-content\/uploads\/2015\/06\/Ana-Varas.jpg?resize=400%2C264&amp;ssl=1 400w\" width=\"209\" height=\"138\" loading=\"lazy\" data-original-width=\"209\" data-original-height=\"138\" itemprop=\"http:\/\/schema.org\/image\" title=\"Ana Varas\" alt=\"Ana Varas, hija de do\u00f1a Gabriela, quien habl\u00f3 con Diario El Trabajo.\" style=\"width: 209px; height: 138px;\" \/> <\/a> <div class=\"tiled-gallery-caption\" itemprop=\"caption description\"> Ana Varas, hija de do\u00f1a Gabriela, quien habl\u00f3 con Diario El Trabajo. <\/div> <\/div> <\/div> <!-- close group --> <\/div> <!-- close row --> <div class=\"gallery-row\" style=\"width: 640px; height: 424px;\" data-original-width=\"640\" data-original-height=\"424\" > <div class=\"gallery-group images-1\" style=\"width: 640px; height: 424px;\" data-original-width=\"640\" data-original-height=\"424\" > <div class=\"tiled-gallery-item tiled-gallery-item-large\" itemprop=\"associatedMedia\" itemscope itemtype=\"http:\/\/schema.org\/ImageObject\"> <a href=\"https:\/\/eltrabajo.cl\/portal\/muere-gabriela-castro-duena-de-rosticeria-santa-julia\/cerditos77\/\" border=\"0\" itemprop=\"url\"> <meta itemprop=\"width\" content=\"636\"> <meta itemprop=\"height\" content=\"420\"> <img decoding=\"async\" class=\"\" data-attachment-id=\"59032\" data-orig-file=\"https:\/\/eltrabajo.cl\/portal\/wp-content\/uploads\/2015\/06\/Cerditos77.jpg\" data-orig-size=\"530,350\" data-comments-opened=\"1\" data-image-meta=\"{&quot;aperture&quot;:&quot;0&quot;,&quot;credit&quot;:&quot;&quot;,&quot;camera&quot;:&quot;&quot;,&quot;caption&quot;:&quot;&quot;,&quot;created_timestamp&quot;:&quot;0&quot;,&quot;copyright&quot;:&quot;&quot;,&quot;focal_length&quot;:&quot;0&quot;,&quot;iso&quot;:&quot;0&quot;,&quot;shutter_speed&quot;:&quot;0&quot;,&quot;title&quot;:&quot;&quot;,&quot;orientation&quot;:&quot;0&quot;}\" data-image-title=\"Cerditos77\" data-image-description=\"&lt;p&gt;VENTA DE CERDOS.- Inici\u00f3 su empresa con un cerdito prestado, gracias a ese inicio, ella pudo dar un futuro a sus hijos y trabajo a su familia. &lt;\/p&gt; \" data-medium-file=\"https:\/\/i0.wp.com\/eltrabajo.cl\/portal\/wp-content\/uploads\/2015\/06\/Cerditos77.jpg?fit=300%2C198&#038;ssl=1\" data-large-file=\"https:\/\/i0.wp.com\/eltrabajo.cl\/portal\/wp-content\/uploads\/2015\/06\/Cerditos77.jpg?fit=530%2C350&#038;ssl=1\" src=\"https:\/\/i0.wp.com\/eltrabajo.cl\/portal\/wp-content\/uploads\/2015\/06\/Cerditos77.jpg?w=636&#038;h=420&#038;ssl=1\" srcset=\"https:\/\/i0.wp.com\/eltrabajo.cl\/portal\/wp-content\/uploads\/2015\/06\/Cerditos77.jpg?w=530&amp;ssl=1 530w, https:\/\/i0.wp.com\/eltrabajo.cl\/portal\/wp-content\/uploads\/2015\/06\/Cerditos77.jpg?resize=200%2C132&amp;ssl=1 200w, https:\/\/i0.wp.com\/eltrabajo.cl\/portal\/wp-content\/uploads\/2015\/06\/Cerditos77.jpg?resize=300%2C198&amp;ssl=1 300w, https:\/\/i0.wp.com\/eltrabajo.cl\/portal\/wp-content\/uploads\/2015\/06\/Cerditos77.jpg?resize=227%2C150&amp;ssl=1 227w, https:\/\/i0.wp.com\/eltrabajo.cl\/portal\/wp-content\/uploads\/2015\/06\/Cerditos77.jpg?resize=400%2C264&amp;ssl=1 400w\" width=\"636\" height=\"420\" loading=\"lazy\" data-original-width=\"636\" data-original-height=\"420\" itemprop=\"http:\/\/schema.org\/image\" title=\"Cerditos77\" alt=\"VENTA DE CERDOS.- Inici\u00f3 su empresa con un cerdito prestado, gracias a ese inicio, ella pudo dar un futuro a sus hijos y trabajo a su familia.\" style=\"width: 636px; height: 420px;\" \/> <\/a> <div class=\"tiled-gallery-caption\" itemprop=\"caption description\"> VENTA DE CERDOS.- Inici\u00f3 su empresa con un cerdito prestado, gracias a ese inicio, ella pudo dar un futuro a sus hijos y trabajo a su familia. <\/div> <\/div> <\/div> <!-- close group --> <\/div> <!-- close row --> <\/div>\n","protected":false},"excerpt":{"rendered":"<p>Fueron conocidos como \u2018Don Nico\u2019 y \u2018Do\u00f1a Julia\u2019, due\u00f1os de una de las chancher\u00edas m\u00e1s conocidas en San Felipe, y que ahora se llama Rosticer\u00eda Santa Julia, ubicada en Chacabuco con Traslavi\u00f1a&#8230;.<\/p>\n","protected":false},"author":482,"featured_media":59030,"comment_status":"open","ping_status":"open","sticky":false,"template":"","format":"standard","meta":{"advanced_seo_description":"","jetpack_seo_html_title":"","jetpack_seo_noindex":false,"_jetpack_memberships_contains_paid_content":false,"footnotes":""},"categories":[15],"tags":[],"class_list":["post-59029","post","type-post","status-publish","format-standard","has-post-thumbnail","hentry","category-comunidad"],"jetpack_featured_media_url":"https:\/\/i0.wp.com\/eltrabajo.cl\/portal\/wp-content\/uploads\/2015\/06\/Gabriela-Castro.jpg?fit=530%2C348&ssl=1","jetpack_sharing_enabled":true,"jetpack_likes_enabled":true,"jetpack-related-posts":[],"_links":{"self":[{"href":"https:\/\/eltrabajo.cl\/portal\/wp-json\/wp\/v2\/posts\/59029","targetHints":{"allow":["GET"]}}],"collection":[{"href":"https:\/\/eltrabajo.cl\/portal\/wp-json\/wp\/v2\/posts"}],"about":[{"href":"https:\/\/eltrabajo.cl\/portal\/wp-json\/wp\/v2\/types\/post"}],"author":[{"embeddable":true,"href":"https:\/\/eltrabajo.cl\/portal\/wp-json\/wp\/v2\/users\/482"}],"replies":[{"embeddable":true,"href":"https:\/\/eltrabajo.cl\/portal\/wp-json\/wp\/v2\/comments?post=59029"}],"version-history":[{"count":0,"href":"https:\/\/eltrabajo.cl\/portal\/wp-json\/wp\/v2\/posts\/59029\/revisions"}],"wp:featuredmedia":[{"embeddable":true,"href":"https:\/\/eltrabajo.cl\/portal\/wp-json\/wp\/v2\/media\/59030"}],"wp:attachment":[{"href":"https:\/\/eltrabajo.cl\/portal\/wp-json\/wp\/v2\/media?parent=59029"}],"wp:term":[{"taxonomy":"category","embeddable":true,"href":"https:\/\/eltrabajo.cl\/portal\/wp-json\/wp\/v2\/categories?post=59029"},{"taxonomy":"post_tag","embeddable":true,"href":"https:\/\/eltrabajo.cl\/portal\/wp-json\/wp\/v2\/tags?post=59029"}],"curies":[{"name":"wp","href":"https:\/\/api.w.org\/{rel}","templated":true}]}}