{"id":59036,"date":"2015-06-15T09:37:39","date_gmt":"2015-06-15T12:37:39","guid":{"rendered":"http:\/\/www.eltrabajo.cl\/portal\/?p=59036"},"modified":"2015-06-15T09:37:39","modified_gmt":"2015-06-15T12:37:39","slug":"antisociales-roban-alimentos-desde-jardin-las-hormiguitas-de-aconcagua","status":"publish","type":"post","link":"https:\/\/eltrabajo.cl\/portal\/antisociales-roban-alimentos-desde-jardin-las-hormiguitas-de-aconcagua\/","title":{"rendered":"Antisociales roban alimentos desde Jard\u00edn \u2018Las Hormiguitas de Aconcagua\u2019"},"content":{"rendered":"<figure id=\"attachment_59037\" aria-describedby=\"caption-attachment-59037\" style=\"width: 300px\" class=\"wp-caption alignleft\"><a href=\"https:\/\/i0.wp.com\/www.eltrabajo.cl\/portal\/wp-content\/uploads\/2015\/06\/ALFREDO-CASTILLO.jpg\"><img data-recalc-dims=\"1\" loading=\"lazy\" decoding=\"async\" class=\"wp-image-59037 size-medium\" src=\"https:\/\/i0.wp.com\/www.eltrabajo.cl\/portal\/wp-content\/uploads\/2015\/06\/ALFREDO-CASTILLO-300x198.jpg?resize=300%2C198\" alt=\"El Capit\u00e1n de Carabineros, Alfredo Castillo entreg\u00f3 detalles del procedimiento que afect\u00f3 al Jard\u00edn Infantil \u2018Las Hormiguitas de Aconcagua\u2019 en San Felipe.\" width=\"300\" height=\"198\" srcset=\"https:\/\/i0.wp.com\/eltrabajo.cl\/portal\/wp-content\/uploads\/2015\/06\/ALFREDO-CASTILLO.jpg?resize=300%2C198&amp;ssl=1 300w, https:\/\/i0.wp.com\/eltrabajo.cl\/portal\/wp-content\/uploads\/2015\/06\/ALFREDO-CASTILLO.jpg?resize=200%2C132&amp;ssl=1 200w, https:\/\/i0.wp.com\/eltrabajo.cl\/portal\/wp-content\/uploads\/2015\/06\/ALFREDO-CASTILLO.jpg?resize=227%2C150&amp;ssl=1 227w, https:\/\/i0.wp.com\/eltrabajo.cl\/portal\/wp-content\/uploads\/2015\/06\/ALFREDO-CASTILLO.jpg?resize=400%2C264&amp;ssl=1 400w, https:\/\/i0.wp.com\/eltrabajo.cl\/portal\/wp-content\/uploads\/2015\/06\/ALFREDO-CASTILLO.jpg?w=530&amp;ssl=1 530w\" sizes=\"auto, (max-width: 300px) 100vw, 300px\" \/><\/a><figcaption id=\"caption-attachment-59037\" class=\"wp-caption-text\">El Capit\u00e1n de Carabineros, Alfredo Castillo entreg\u00f3 detalles del procedimiento que afect\u00f3 al Jard\u00edn Infantil \u2018Las Hormiguitas de Aconcagua\u2019 en San Felipe.<\/figcaption><\/figure>\n<p>Un llamado an\u00f3nimo a Carabineros advirti\u00f3, a eso de las 04:00 de la madrugada del viernes, la ocurrencia de un robo al interior del Jard\u00edn Infantil \u2018Homiguitas de Aconcagua\u2019, ubicado en avenida Sargento Aldea de San Felipe. Los delincuentes ingresaron con el objetivo de sustraer los alimentos de los menores, adem\u00e1s de un horno microondas.<br \/>\nEn breves minutos Carabineros se traslad\u00f3 hasta el sitio del suceso, comprobando que los antisociales lograron escapar con parte de las especies alimenticias, ocult\u00e1ndose al interior de domicilios cercanos sin lograr su captura.<br \/>\nLa polic\u00eda uniformada tom\u00f3 contacto con los sostenedores del Jard\u00edn Infantil afectado para dar cuenta de la situaci\u00f3n, descubriendo que los sujetos escalaron por la reja de cierre perimetral e ingresaron por una puerta que conduce al sector de la cocina en donde apilaron la mercader\u00eda, logrando apoderarse de algunos productos.<br \/>\nEl Capit\u00e1n Alfredo Castillo inform\u00f3 que, si bien no se logr\u00f3 la captura de estos antisociales, se levantaron muestras de huellas dactilares para establecer la identidad de los individuos durante la investigaci\u00f3n del caso.<br \/>\n\u201cSe hizo una revisi\u00f3n con los sostenedores del establecimiento, donde se pudo establecer que efectivamente, estos antisociales habr\u00edan alcanzado a sustraer especies consistentes en alimentaci\u00f3n, un microondas y otros enseres que fueron recuperados. No lograron ser detenidos debido a que se ocultaron por los domicilios del sector. No obstante, se lograron recabar antecedentes como el levantamiento de huellas para ser adjuntadas a la investigaci\u00f3n correspondiente\u201d, argument\u00f3 el oficial policial.<br \/>\n<strong>Pablo Salinas Sald\u00edas<\/strong><\/p>\n","protected":false},"excerpt":{"rendered":"<p>Un llamado an\u00f3nimo a Carabineros advirti\u00f3, a eso de las 04:00 de la madrugada del viernes, la ocurrencia de un robo al interior del Jard\u00edn Infantil \u2018Homiguitas de Aconcagua\u2019, ubicado en avenida&#8230;<\/p>\n","protected":false},"author":482,"featured_media":59037,"comment_status":"open","ping_status":"open","sticky":false,"template":"","format":"standard","meta":{"advanced_seo_description":"","jetpack_seo_html_title":"","jetpack_seo_noindex":false,"_jetpack_memberships_contains_paid_content":false,"footnotes":""},"categories":[21],"tags":[],"class_list":["post-59036","post","type-post","status-publish","format-standard","has-post-thumbnail","hentry","category-policial"],"jetpack_featured_media_url":"https:\/\/i0.wp.com\/eltrabajo.cl\/portal\/wp-content\/uploads\/2015\/06\/ALFREDO-CASTILLO.jpg?fit=530%2C350&ssl=1","jetpack_sharing_enabled":true,"jetpack_likes_enabled":true,"jetpack-related-posts":[],"_links":{"self":[{"href":"https:\/\/eltrabajo.cl\/portal\/wp-json\/wp\/v2\/posts\/59036","targetHints":{"allow":["GET"]}}],"collection":[{"href":"https:\/\/eltrabajo.cl\/portal\/wp-json\/wp\/v2\/posts"}],"about":[{"href":"https:\/\/eltrabajo.cl\/portal\/wp-json\/wp\/v2\/types\/post"}],"author":[{"embeddable":true,"href":"https:\/\/eltrabajo.cl\/portal\/wp-json\/wp\/v2\/users\/482"}],"replies":[{"embeddable":true,"href":"https:\/\/eltrabajo.cl\/portal\/wp-json\/wp\/v2\/comments?post=59036"}],"version-history":[{"count":0,"href":"https:\/\/eltrabajo.cl\/portal\/wp-json\/wp\/v2\/posts\/59036\/revisions"}],"wp:featuredmedia":[{"embeddable":true,"href":"https:\/\/eltrabajo.cl\/portal\/wp-json\/wp\/v2\/media\/59037"}],"wp:attachment":[{"href":"https:\/\/eltrabajo.cl\/portal\/wp-json\/wp\/v2\/media?parent=59036"}],"wp:term":[{"taxonomy":"category","embeddable":true,"href":"https:\/\/eltrabajo.cl\/portal\/wp-json\/wp\/v2\/categories?post=59036"},{"taxonomy":"post_tag","embeddable":true,"href":"https:\/\/eltrabajo.cl\/portal\/wp-json\/wp\/v2\/tags?post=59036"}],"curies":[{"name":"wp","href":"https:\/\/api.w.org\/{rel}","templated":true}]}}