{"id":59042,"date":"2015-06-15T09:40:07","date_gmt":"2015-06-15T12:40:07","guid":{"rendered":"http:\/\/www.eltrabajo.cl\/portal\/?p=59042"},"modified":"2015-06-15T09:41:05","modified_gmt":"2015-06-15T12:41:05","slug":"a-mediados-de-julio-inauguraran-oficialmente-embalse-chacrillas","status":"publish","type":"post","link":"https:\/\/eltrabajo.cl\/portal\/a-mediados-de-julio-inauguraran-oficialmente-embalse-chacrillas\/","title":{"rendered":"A mediados de julio inaugurar\u00e1n oficialmente Embalse Chacrillas"},"content":{"rendered":"<figure id=\"attachment_59043\" aria-describedby=\"caption-attachment-59043\" style=\"width: 300px\" class=\"wp-caption alignleft\"><a href=\"https:\/\/i0.wp.com\/www.eltrabajo.cl\/portal\/wp-content\/uploads\/2015\/06\/EMBALSE-CHACRILLAS-1.jpg\"><img data-recalc-dims=\"1\" loading=\"lazy\" decoding=\"async\" class=\"wp-image-59043 size-medium\" src=\"https:\/\/i0.wp.com\/www.eltrabajo.cl\/portal\/wp-content\/uploads\/2015\/06\/EMBALSE-CHACRILLAS-1-300x197.jpg?resize=300%2C197\" alt=\"Una comitiva conformada por el directorio de la Junta de Vigilancia del R\u00edo Putaendo, visit\u00f3 el Embalse Chacrillas, el que ser\u00e1 inaugurado a mediados de julio por la Presidenta Michelle Bachelet.\" width=\"300\" height=\"197\" srcset=\"https:\/\/i0.wp.com\/eltrabajo.cl\/portal\/wp-content\/uploads\/2015\/06\/EMBALSE-CHACRILLAS-1.jpg?resize=300%2C197&amp;ssl=1 300w, https:\/\/i0.wp.com\/eltrabajo.cl\/portal\/wp-content\/uploads\/2015\/06\/EMBALSE-CHACRILLAS-1.jpg?resize=200%2C131&amp;ssl=1 200w, https:\/\/i0.wp.com\/eltrabajo.cl\/portal\/wp-content\/uploads\/2015\/06\/EMBALSE-CHACRILLAS-1.jpg?resize=228%2C150&amp;ssl=1 228w, https:\/\/i0.wp.com\/eltrabajo.cl\/portal\/wp-content\/uploads\/2015\/06\/EMBALSE-CHACRILLAS-1.jpg?resize=400%2C263&amp;ssl=1 400w, https:\/\/i0.wp.com\/eltrabajo.cl\/portal\/wp-content\/uploads\/2015\/06\/EMBALSE-CHACRILLAS-1.jpg?w=530&amp;ssl=1 530w\" sizes=\"auto, (max-width: 300px) 100vw, 300px\" \/><\/a><figcaption id=\"caption-attachment-59043\" class=\"wp-caption-text\">Una comitiva conformada por el directorio de la Junta de Vigilancia del R\u00edo Putaendo, visit\u00f3 el Embalse Chacrillas, el que ser\u00e1 inaugurado a mediados de julio por la Presidenta Michelle Bachelet.<\/figcaption><\/figure>\n<p><strong>PUTAENDO.<\/strong>&#8211; Casi en un 95% se encuentra terminado el Embalse Chacrillas, que podr\u00eda ser inaugurado a mediados del pr\u00f3ximo mes por la Presidenta Michelle Bachelet.<br \/>\nLa ma\u00f1ana de este jueves, el directorio de la Junta de Vigilancia del R\u00edo Putaendo visit\u00f3 el Embalse Chacrillas en donde fueron recibidos por el Inspector Fiscal, Mario Rosales, para poder afinar detalles de la ceremonia protocolar que se realizar\u00e1 el pr\u00f3ximo jueves 18 de junio con motivo de la visita del Ministro de Obras P\u00fablicas, Alberto Undurraga, para dar inicio al llenado de la torre de toma del Embalse, en donde se pretenden almacenar durante cinco d\u00edas m\u00e1s de 375.000 metros c\u00fabicos de agua.<br \/>\nDespu\u00e9s de la reuni\u00f3n en la cual se acordaron distintas tem\u00e1ticas de seguridad y protocolo, los representantes de la Junta de Vigilancia del R\u00edo Putaendo y quienes a futuro administrar\u00e1n el Embalse Chacrillas, subieron hasta la cortina de la mega obra y pudieron ser testigos de c\u00f3mo, tanto el camino lateral como el camino que est\u00e1 en la misma cortina, fueron asfaltados por completo, convirti\u00e9ndolos en rutas de alta seguridad para veh\u00edculos livianos y pesados.<br \/>\nDesde la altura se pudo apreciar con claridad la zona que ser\u00e1 inundada el pr\u00f3ximo jueves y adem\u00e1s ya se pueden observar los detalles finales que hoy tienen algunos trabajadores limpiando la cortina de Chacrillas.<br \/>\nPosteriormente, la comitiva se traslad\u00f3 casi dos kil\u00f3metros hacia el interior, donde se ha construido un mirador que ser\u00eda el lugar preparado para que entre el 15 y 17 de julio de este a\u00f1o, sea la Presidenta Michelle Bachelet quien d\u00e9 por inaugurado el Embalse, ya a lo menos con una capacidad de llenado del 50%.<br \/>\nGracias al compromiso y perseverancia del Inspector Fiscal Mario Rosales, hoy ya se pueden observar los detalles finos de la obra, como por ejemplo la moderna sala de v\u00e1lvulas y maquinaria, que incluso contar\u00e1 con acceso para camiones, todo con altos est\u00e1ndares de seguridad y accesibilidad.<br \/>\nEntre las obras que m\u00e1s destacan en la cortina del Embalse Chacrillas se puede observar la imponente construcci\u00f3n de lo que ser\u00e1 el futuro rebalse que en caso que el Embalse est\u00e9 lleno y se produzca una crecida del r\u00edo, permitir\u00e1 evacuar una importante cantidad de agua en una pendiente que la llevar\u00e1 nuevamente hasta el R\u00edo Roc\u00edn.<br \/>\nAl t\u00e9rmino de la visita, el Inspector Fiscal Mario Rosales asegur\u00f3 a Diario El Trabajo que lo que se realizar\u00e1 la pr\u00f3xima semana es una maniobra m\u00e1s de las m\u00faltiples que se desarrollan en la obra, que sin lugar a dudas es importante, pero no es la ceremonia oficial ni tampoco es donde comenzar\u00e1 el llenado del Embalse, porque esa ceremonia de car\u00e1cter oficial ser\u00e1 con la presencia de la Presidenta Bachelet durante la quincena del pr\u00f3ximo mes.<br \/>\nRosales precis\u00f3 adem\u00e1s que una vez que el Embalse Chacrillas est\u00e9 entregado, la comunidad podr\u00e1 visitar la construcci\u00f3n, e indic\u00f3 que se siente feliz de haber formado parte del equipo de profesionales que han dado vida a una obra que no tan s\u00f3lo es una represa, sino que es un trabajo del m\u00e1s alto nivel, con tecnolog\u00eda de punta y que merece ser conocida ojala por todos los vecinos de Putaendo.<br \/>\nEn tanto, el Presidente de la Junta de Vigilancia del R\u00edo Putaendo, Miguel Vega, declar\u00f3 que como directorio no pueden dejar de sentir una emoci\u00f3n enorme al ver c\u00f3mo hoy el Embalse Chacrillas est\u00e1 pr\u00e1cticamente terminado, agregando que esta obra no ser\u00eda tan imponente de no haber sido por el decidido apoyo de Mario Rosales, que a pesar de todas las adversidades se preocup\u00f3 hasta de los \u00faltimos detalles, en lo que calific\u00f3 como uno de los embalses m\u00e1s modernos de Chile.<br \/>\n<strong>Patricio Gallardo M.<\/strong><\/p>\n","protected":false},"excerpt":{"rendered":"<p>PUTAENDO.&#8211; Casi en un 95% se encuentra terminado el Embalse Chacrillas, que podr\u00eda ser inaugurado a mediados del pr\u00f3ximo mes por la Presidenta Michelle Bachelet. La ma\u00f1ana de este jueves, el directorio&#8230;<\/p>\n","protected":false},"author":482,"featured_media":59043,"comment_status":"open","ping_status":"open","sticky":false,"template":"","format":"standard","meta":{"advanced_seo_description":"","jetpack_seo_html_title":"","jetpack_seo_noindex":false,"_jetpack_memberships_contains_paid_content":false,"footnotes":""},"categories":[15],"tags":[],"class_list":["post-59042","post","type-post","status-publish","format-standard","has-post-thumbnail","hentry","category-comunidad"],"jetpack_featured_media_url":"https:\/\/i0.wp.com\/eltrabajo.cl\/portal\/wp-content\/uploads\/2015\/06\/EMBALSE-CHACRILLAS-1.jpg?fit=530%2C348&ssl=1","jetpack_sharing_enabled":true,"jetpack_likes_enabled":true,"jetpack-related-posts":[],"_links":{"self":[{"href":"https:\/\/eltrabajo.cl\/portal\/wp-json\/wp\/v2\/posts\/59042","targetHints":{"allow":["GET"]}}],"collection":[{"href":"https:\/\/eltrabajo.cl\/portal\/wp-json\/wp\/v2\/posts"}],"about":[{"href":"https:\/\/eltrabajo.cl\/portal\/wp-json\/wp\/v2\/types\/post"}],"author":[{"embeddable":true,"href":"https:\/\/eltrabajo.cl\/portal\/wp-json\/wp\/v2\/users\/482"}],"replies":[{"embeddable":true,"href":"https:\/\/eltrabajo.cl\/portal\/wp-json\/wp\/v2\/comments?post=59042"}],"version-history":[{"count":0,"href":"https:\/\/eltrabajo.cl\/portal\/wp-json\/wp\/v2\/posts\/59042\/revisions"}],"wp:featuredmedia":[{"embeddable":true,"href":"https:\/\/eltrabajo.cl\/portal\/wp-json\/wp\/v2\/media\/59043"}],"wp:attachment":[{"href":"https:\/\/eltrabajo.cl\/portal\/wp-json\/wp\/v2\/media?parent=59042"}],"wp:term":[{"taxonomy":"category","embeddable":true,"href":"https:\/\/eltrabajo.cl\/portal\/wp-json\/wp\/v2\/categories?post=59042"},{"taxonomy":"post_tag","embeddable":true,"href":"https:\/\/eltrabajo.cl\/portal\/wp-json\/wp\/v2\/tags?post=59042"}],"curies":[{"name":"wp","href":"https:\/\/api.w.org\/{rel}","templated":true}]}}