{"id":59054,"date":"2015-06-16T09:22:50","date_gmt":"2015-06-16T12:22:50","guid":{"rendered":"http:\/\/www.eltrabajo.cl\/portal\/?p=59054"},"modified":"2015-06-16T09:22:50","modified_gmt":"2015-06-16T12:22:50","slug":"realizan-encuentro-deportivo-para-personas-en-situacion-de-discapacidad","status":"publish","type":"post","link":"https:\/\/eltrabajo.cl\/portal\/realizan-encuentro-deportivo-para-personas-en-situacion-de-discapacidad\/","title":{"rendered":"Realizan encuentro deportivo para personas en situaci\u00f3n de discapacidad"},"content":{"rendered":"<figure id=\"attachment_59055\" aria-describedby=\"caption-attachment-59055\" style=\"width: 300px\" class=\"wp-caption alignleft\"><a href=\"https:\/\/i0.wp.com\/www.eltrabajo.cl\/portal\/wp-content\/uploads\/2015\/06\/Encuentro-deportivo-calle-larga.jpg\"><img data-recalc-dims=\"1\" loading=\"lazy\" decoding=\"async\" class=\"wp-image-59055 size-medium\" src=\"https:\/\/i0.wp.com\/www.eltrabajo.cl\/portal\/wp-content\/uploads\/2015\/06\/Encuentro-deportivo-calle-larga-300x198.jpg?resize=300%2C198\" alt=\"M\u00e1s de cien personas, pertenecientes a diversas organizaciones deportivas, participaron del primer encuentro del programa \u2018Deporte para Personas en Situaci\u00f3n de Discapacidad\u2019.\" width=\"300\" height=\"198\" srcset=\"https:\/\/i0.wp.com\/eltrabajo.cl\/portal\/wp-content\/uploads\/2015\/06\/Encuentro-deportivo-calle-larga.jpg?resize=300%2C198&amp;ssl=1 300w, https:\/\/i0.wp.com\/eltrabajo.cl\/portal\/wp-content\/uploads\/2015\/06\/Encuentro-deportivo-calle-larga.jpg?resize=200%2C132&amp;ssl=1 200w, https:\/\/i0.wp.com\/eltrabajo.cl\/portal\/wp-content\/uploads\/2015\/06\/Encuentro-deportivo-calle-larga.jpg?resize=227%2C150&amp;ssl=1 227w, https:\/\/i0.wp.com\/eltrabajo.cl\/portal\/wp-content\/uploads\/2015\/06\/Encuentro-deportivo-calle-larga.jpg?resize=400%2C264&amp;ssl=1 400w, https:\/\/i0.wp.com\/eltrabajo.cl\/portal\/wp-content\/uploads\/2015\/06\/Encuentro-deportivo-calle-larga.jpg?w=530&amp;ssl=1 530w\" sizes=\"auto, (max-width: 300px) 100vw, 300px\" \/><\/a><figcaption id=\"caption-attachment-59055\" class=\"wp-caption-text\">M\u00e1s de cien personas, pertenecientes a diversas organizaciones deportivas, participaron del primer encuentro del programa \u2018Deporte para Personas en Situaci\u00f3n de Discapacidad\u2019.<\/figcaption><\/figure>\n<p><strong>CALLE LARGA<\/strong>.- Con la participaci\u00f3n de m\u00e1s de 100 personas de diversas organizaciones deportivas de Calle Larga, La Pintana y Huechuraba se desarroll\u00f3 en el Gimnasio Municipal de la comuna, el primer encuentro del programa \u2018Deporte para Personas en Situaci\u00f3n de Discapacidad\u2019. La actividad consisti\u00f3 en un encuentro de bochas adaptado y cont\u00f3 con la presencia de la Gobernadora de Los Andes Mar\u00eda Victoria Rodr\u00edguez y del Director Regional del IND V\u00edctor Torres.<br \/>\nEl Director Regional del IND V\u00edctor Torres coment\u00f3. \u201cLas cosas que se prometen en alg\u00fan momento, comienzan a transformarse en realidad. Me impresiona mucho ver la cantidad de personas que est\u00e1n jugando. Se sienten contentas haciendo esta actividad y nos demuestra que el deporte a todo nivel, nos puede llevar a una mejor calidad de vida y mayor inclusividad\u201d.<br \/>\nLa Gobernadora de Los Andes, Mar\u00eda Victoria Rodr\u00edguez destac\u00f3 la importancia que tiene para el gobierno la integraci\u00f3n. \u201cEs s\u00faper importante la integraci\u00f3n y podemos ver como las personas en condici\u00f3n de discapacidad, se pueden ver integrados en una actividad deportiva con sus familias, disfrutando y sintiendo la motivaci\u00f3n en un campeonato. Esto contribuye a su autoestima, a desarrollar habilidades de movilidad\u201d.<br \/>\nA nivel regional se est\u00e1n desarrollando once talleres dos veces por semanas con un promedio de 15 beneficiarios por taller en las comunas de; Vi\u00f1a del Mar, Valpara\u00edso, Quilpu\u00e9, Quillota, Los Andes, San Antonio y El Quisco. Las disciplinas que se ejecutan son; tenis adaptado, nataci\u00f3n, atletismo adaptado, bochas, f\u00fatbol 7 y goalball. La profesora del IND a cargo del programa es Claudia Zamora.<\/p>\n","protected":false},"excerpt":{"rendered":"<p>CALLE LARGA.- Con la participaci\u00f3n de m\u00e1s de 100 personas de diversas organizaciones deportivas de Calle Larga, La Pintana y Huechuraba se desarroll\u00f3 en el Gimnasio Municipal de la comuna, el primer&#8230;<\/p>\n","protected":false},"author":482,"featured_media":59055,"comment_status":"open","ping_status":"open","sticky":false,"template":"","format":"standard","meta":{"advanced_seo_description":"","jetpack_seo_html_title":"","jetpack_seo_noindex":false,"_jetpack_memberships_contains_paid_content":false,"footnotes":""},"categories":[15],"tags":[],"class_list":["post-59054","post","type-post","status-publish","format-standard","has-post-thumbnail","hentry","category-comunidad"],"jetpack_featured_media_url":"https:\/\/i0.wp.com\/eltrabajo.cl\/portal\/wp-content\/uploads\/2015\/06\/Encuentro-deportivo-calle-larga.jpg?fit=530%2C350&ssl=1","jetpack_sharing_enabled":true,"jetpack_likes_enabled":true,"jetpack-related-posts":[],"_links":{"self":[{"href":"https:\/\/eltrabajo.cl\/portal\/wp-json\/wp\/v2\/posts\/59054","targetHints":{"allow":["GET"]}}],"collection":[{"href":"https:\/\/eltrabajo.cl\/portal\/wp-json\/wp\/v2\/posts"}],"about":[{"href":"https:\/\/eltrabajo.cl\/portal\/wp-json\/wp\/v2\/types\/post"}],"author":[{"embeddable":true,"href":"https:\/\/eltrabajo.cl\/portal\/wp-json\/wp\/v2\/users\/482"}],"replies":[{"embeddable":true,"href":"https:\/\/eltrabajo.cl\/portal\/wp-json\/wp\/v2\/comments?post=59054"}],"version-history":[{"count":0,"href":"https:\/\/eltrabajo.cl\/portal\/wp-json\/wp\/v2\/posts\/59054\/revisions"}],"wp:featuredmedia":[{"embeddable":true,"href":"https:\/\/eltrabajo.cl\/portal\/wp-json\/wp\/v2\/media\/59055"}],"wp:attachment":[{"href":"https:\/\/eltrabajo.cl\/portal\/wp-json\/wp\/v2\/media?parent=59054"}],"wp:term":[{"taxonomy":"category","embeddable":true,"href":"https:\/\/eltrabajo.cl\/portal\/wp-json\/wp\/v2\/categories?post=59054"},{"taxonomy":"post_tag","embeddable":true,"href":"https:\/\/eltrabajo.cl\/portal\/wp-json\/wp\/v2\/tags?post=59054"}],"curies":[{"name":"wp","href":"https:\/\/api.w.org\/{rel}","templated":true}]}}