{"id":59057,"date":"2015-06-16T09:24:07","date_gmt":"2015-06-16T12:24:07","guid":{"rendered":"http:\/\/www.eltrabajo.cl\/portal\/?p=59057"},"modified":"2015-06-16T09:24:07","modified_gmt":"2015-06-16T12:24:07","slug":"programa-de-promocion-de-la-salud-realizara-zumbaton-en-plaza-de-armas","status":"publish","type":"post","link":"https:\/\/eltrabajo.cl\/portal\/programa-de-promocion-de-la-salud-realizara-zumbaton-en-plaza-de-armas\/","title":{"rendered":"Programa de Promoci\u00f3n de la Salud realizar\u00e1 zumbaton en Plaza de Armas"},"content":{"rendered":"<figure id=\"attachment_59058\" aria-describedby=\"caption-attachment-59058\" style=\"width: 300px\" class=\"wp-caption alignleft\"><a href=\"https:\/\/i0.wp.com\/www.eltrabajo.cl\/portal\/wp-content\/uploads\/2015\/06\/zumbaton-1.jpg\"><img data-recalc-dims=\"1\" loading=\"lazy\" decoding=\"async\" class=\"wp-image-59058 size-medium\" src=\"https:\/\/i0.wp.com\/www.eltrabajo.cl\/portal\/wp-content\/uploads\/2015\/06\/zumbaton-1-300x199.jpg?resize=300%2C199\" alt=\"El pr\u00f3ximo viernes 26 de junio se realizar\u00e1 una zumbaton en el marco del programa de Promoci\u00f3n de la Salud en la Plaza de Armas de San Felipe.\" width=\"300\" height=\"199\" srcset=\"https:\/\/i0.wp.com\/eltrabajo.cl\/portal\/wp-content\/uploads\/2015\/06\/zumbaton-1.jpg?resize=300%2C199&amp;ssl=1 300w, https:\/\/i0.wp.com\/eltrabajo.cl\/portal\/wp-content\/uploads\/2015\/06\/zumbaton-1.jpg?resize=200%2C133&amp;ssl=1 200w, https:\/\/i0.wp.com\/eltrabajo.cl\/portal\/wp-content\/uploads\/2015\/06\/zumbaton-1.jpg?resize=226%2C150&amp;ssl=1 226w, https:\/\/i0.wp.com\/eltrabajo.cl\/portal\/wp-content\/uploads\/2015\/06\/zumbaton-1.jpg?resize=400%2C266&amp;ssl=1 400w, https:\/\/i0.wp.com\/eltrabajo.cl\/portal\/wp-content\/uploads\/2015\/06\/zumbaton-1.jpg?w=527&amp;ssl=1 527w\" sizes=\"auto, (max-width: 300px) 100vw, 300px\" \/><\/a><figcaption id=\"caption-attachment-59058\" class=\"wp-caption-text\">El pr\u00f3ximo viernes 26 de junio se realizar\u00e1 una zumbaton en el marco del programa de Promoci\u00f3n de la Salud en la Plaza de Armas de San Felipe.<\/figcaption><\/figure>\n<ul>\n<li><strong>La actividad se realizar\u00e1 el pr\u00f3ximo viernes 26 de junio y adem\u00e1s habr\u00e1 una feria naturista.<\/strong><\/li>\n<\/ul>\n<p>Enmarcada en el plan de Promoci\u00f3n de la Salud que lidera el alcalde Patricio Freire, el pr\u00f3ximo 26 de junio se realizar\u00e1 una nueva y entretenida zumbat\u00f3n para todos los vecinos de la comuna de San Felipe.<br \/>\nLa actividad se realizar\u00e1 en la remodelada terraza de la Plaza de Armas, desde las 10 horas y hasta el mediod\u00eda y estar\u00e1 a cargo del instructor Pablo Osorio.<br \/>\n\u201cEsta es una actividad familiar, destinada a todos los vecinos de nuestra comuna y en general la invitaci\u00f3n es a todo el Valle de Aconcagua a participar. Queremos que sea un d\u00eda para practicar actividad f\u00edsica y tambi\u00e9n de encuentro, por medio del deporte, de los vecinos del valle\u201d, se\u00f1al\u00f3 la asistente social del programa de promoci\u00f3n, Loreto Olgu\u00edn.<br \/>\nEse d\u00eda adem\u00e1s se realizar\u00e1 una feria naturista, que contar\u00e1 con exponentes de la masoterapia y otras disciplinas, para que los vecinos conozcan y as\u00ed puedan disfrutar de los distintos m\u00f3dulos que estar\u00e1n presentes en la iniciativa.<br \/>\n\u201cNuestro alcalde Patricio Freire nos ha instado a desarrollar actividades familiares y participativas, para generar una mejor calidad de vida de cada uno de los sanfelipe\u00f1os y en eso estamos trabajando. El programa de Promoci\u00f3n tiene la misi\u00f3n de ejecutar actividades como son caminatas a Los Cipreses, corridas familiares que realizaremos todos los meses, actividades de zumba descentralizadas, tanto en Curim\u00f3n, San Felipe, El Algarrobal y El Asiento\u201d, se\u00f1al\u00f3 la profesional.<br \/>\nDurante el a\u00f1o adem\u00e1s se tiene establecido realizar seminarios enfocados en distintas tem\u00e1ticas de inter\u00e9s de los vecinos, entre los que destacan la importancia de la diabetes, VIH, hipertensi\u00f3n, as\u00ed como tambi\u00e9n referido a patolog\u00edas cr\u00f3nicas.<\/p>\n","protected":false},"excerpt":{"rendered":"<p>La actividad se realizar\u00e1 el pr\u00f3ximo viernes 26 de junio y adem\u00e1s habr\u00e1 una feria naturista. Enmarcada en el plan de Promoci\u00f3n de la Salud que lidera el alcalde Patricio Freire, el&#8230;<\/p>\n","protected":false},"author":482,"featured_media":59058,"comment_status":"open","ping_status":"open","sticky":false,"template":"","format":"standard","meta":{"advanced_seo_description":"","jetpack_seo_html_title":"","jetpack_seo_noindex":false,"_jetpack_memberships_contains_paid_content":false,"footnotes":""},"categories":[15],"tags":[],"class_list":["post-59057","post","type-post","status-publish","format-standard","has-post-thumbnail","hentry","category-comunidad"],"jetpack_featured_media_url":"https:\/\/i0.wp.com\/eltrabajo.cl\/portal\/wp-content\/uploads\/2015\/06\/zumbaton-1.jpg?fit=527%2C350&ssl=1","jetpack_sharing_enabled":true,"jetpack_likes_enabled":true,"jetpack-related-posts":[],"_links":{"self":[{"href":"https:\/\/eltrabajo.cl\/portal\/wp-json\/wp\/v2\/posts\/59057","targetHints":{"allow":["GET"]}}],"collection":[{"href":"https:\/\/eltrabajo.cl\/portal\/wp-json\/wp\/v2\/posts"}],"about":[{"href":"https:\/\/eltrabajo.cl\/portal\/wp-json\/wp\/v2\/types\/post"}],"author":[{"embeddable":true,"href":"https:\/\/eltrabajo.cl\/portal\/wp-json\/wp\/v2\/users\/482"}],"replies":[{"embeddable":true,"href":"https:\/\/eltrabajo.cl\/portal\/wp-json\/wp\/v2\/comments?post=59057"}],"version-history":[{"count":0,"href":"https:\/\/eltrabajo.cl\/portal\/wp-json\/wp\/v2\/posts\/59057\/revisions"}],"wp:featuredmedia":[{"embeddable":true,"href":"https:\/\/eltrabajo.cl\/portal\/wp-json\/wp\/v2\/media\/59058"}],"wp:attachment":[{"href":"https:\/\/eltrabajo.cl\/portal\/wp-json\/wp\/v2\/media?parent=59057"}],"wp:term":[{"taxonomy":"category","embeddable":true,"href":"https:\/\/eltrabajo.cl\/portal\/wp-json\/wp\/v2\/categories?post=59057"},{"taxonomy":"post_tag","embeddable":true,"href":"https:\/\/eltrabajo.cl\/portal\/wp-json\/wp\/v2\/tags?post=59057"}],"curies":[{"name":"wp","href":"https:\/\/api.w.org\/{rel}","templated":true}]}}