{"id":59066,"date":"2015-06-16T09:30:03","date_gmt":"2015-06-16T12:30:03","guid":{"rendered":"http:\/\/www.eltrabajo.cl\/portal\/?p=59066"},"modified":"2015-06-16T09:29:54","modified_gmt":"2015-06-16T12:29:54","slug":"con-fractura-de-pelvis-resulta-joven-que-dormia-bajo-un-microbus","status":"publish","type":"post","link":"https:\/\/eltrabajo.cl\/portal\/con-fractura-de-pelvis-resulta-joven-que-dormia-bajo-un-microbus\/","title":{"rendered":"Con fractura de pelvis resulta joven que dorm\u00eda bajo un microb\u00fas"},"content":{"rendered":"<figure id=\"attachment_59067\" aria-describedby=\"caption-attachment-59067\" style=\"width: 300px\" class=\"wp-caption alignleft\"><a href=\"https:\/\/i0.wp.com\/www.eltrabajo.cl\/portal\/wp-content\/uploads\/2015\/06\/Atropello-los-andes.jpg\"><img data-recalc-dims=\"1\" loading=\"lazy\" decoding=\"async\" class=\"wp-image-59067 size-medium\" src=\"https:\/\/i0.wp.com\/www.eltrabajo.cl\/portal\/wp-content\/uploads\/2015\/06\/Atropello-los-andes-300x198.jpg?resize=300%2C198\" alt=\"El joven fue trasladado por una ambulancia del Samu al Urgencias del Hospital San Juan de Dios, en donde lo diagnosticaron con una fractura de pelvis de car\u00e1cter grave. (Foto referencial).\" width=\"300\" height=\"198\" srcset=\"https:\/\/i0.wp.com\/eltrabajo.cl\/portal\/wp-content\/uploads\/2015\/06\/Atropello-los-andes.jpg?resize=300%2C198&amp;ssl=1 300w, https:\/\/i0.wp.com\/eltrabajo.cl\/portal\/wp-content\/uploads\/2015\/06\/Atropello-los-andes.jpg?resize=200%2C132&amp;ssl=1 200w, https:\/\/i0.wp.com\/eltrabajo.cl\/portal\/wp-content\/uploads\/2015\/06\/Atropello-los-andes.jpg?resize=228%2C150&amp;ssl=1 228w, https:\/\/i0.wp.com\/eltrabajo.cl\/portal\/wp-content\/uploads\/2015\/06\/Atropello-los-andes.jpg?resize=400%2C263&amp;ssl=1 400w, https:\/\/i0.wp.com\/eltrabajo.cl\/portal\/wp-content\/uploads\/2015\/06\/Atropello-los-andes.jpg?w=530&amp;ssl=1 530w\" sizes=\"auto, (max-width: 300px) 100vw, 300px\" \/><\/a><figcaption id=\"caption-attachment-59067\" class=\"wp-caption-text\">El joven fue trasladado por una ambulancia del Samu al Urgencias del Hospital San Juan de Dios, en donde lo diagnosticaron con una fractura de pelvis de car\u00e1cter grave. (Foto referencial).<\/figcaption><\/figure>\n<ul>\n<li><strong>Conductor no se percat\u00f3 de la presencia del joven iniciando la marcha y arroll\u00e1ndolo con las ruedas posteriores.<\/strong><\/li>\n<\/ul>\n<p><strong>LOS ANDES<\/strong>.- Con lesiones de car\u00e1cter grave result\u00f3 un joven de 19 a\u00f1os que se qued\u00f3 dormido debajo de un microb\u00fas, siendo arrollado por las ruedas traseras de la m\u00e1quina al iniciar su marcha.<br \/>\nEl hecho se produjo pasadas las 8 de la ma\u00f1ana del domingo, cuando el conductor del microb\u00fas matr\u00edcula SF 53-27, sali\u00f3 de su domicilio ubicado en avenida Independencia N\u00ba 130 con la finalidad de iniciar su recorrido.<br \/>\nEl chofer primero encendi\u00f3 el motor y comenz\u00f3 a calentarlo, para transcurridos algunos minutos iniciar su marcha, sin percatarse que bajo el veh\u00edculo se encontraba durmiendo el joven de iniciales G.G.G. (19).<br \/>\nAl sentir un salto en las ruedas posteriores, el conductor detuvo la marcha y al bajarse para ver qu\u00e9 hab\u00eda ocurrido se dio cuenta de la presencia del joven, al cual hab\u00eda pasado por encima.<br \/>\nDe inmediato se comunic\u00f3 con Carabineros quienes r\u00e1pidamente llegaron al lugar constatando que el joven se encontraba gravemente herido, llamando a una ambulancia del Samu que lo traslad\u00f3 hasta el Servicio de Urgencia del Hospital San Juan de Dios, donde le diagnosticaron una fractura de pelvis de car\u00e1cter grave.<br \/>\nEn tanto, el conductor del bus identificado como H.F.P. (41), qued\u00f3 a la espera de ser citado a declarar en la fiscal\u00eda.<br \/>\nCarabineros investiga las razones por las cuales el joven se qued\u00f3 dormido debajo del bus, no descart\u00e1ndose que haya estado bajo los efectos del alcohol.<\/p>\n","protected":false},"excerpt":{"rendered":"<p>Conductor no se percat\u00f3 de la presencia del joven iniciando la marcha y arroll\u00e1ndolo con las ruedas posteriores. LOS ANDES.- Con lesiones de car\u00e1cter grave result\u00f3 un joven de 19 a\u00f1os que&#8230;<\/p>\n","protected":false},"author":482,"featured_media":59067,"comment_status":"open","ping_status":"open","sticky":false,"template":"","format":"standard","meta":{"advanced_seo_description":"","jetpack_seo_html_title":"","jetpack_seo_noindex":false,"_jetpack_memberships_contains_paid_content":false,"footnotes":""},"categories":[21],"tags":[],"class_list":["post-59066","post","type-post","status-publish","format-standard","has-post-thumbnail","hentry","category-policial"],"jetpack_featured_media_url":"https:\/\/i0.wp.com\/eltrabajo.cl\/portal\/wp-content\/uploads\/2015\/06\/Atropello-los-andes.jpg?fit=530%2C349&ssl=1","jetpack_sharing_enabled":true,"jetpack_likes_enabled":true,"jetpack-related-posts":[],"_links":{"self":[{"href":"https:\/\/eltrabajo.cl\/portal\/wp-json\/wp\/v2\/posts\/59066","targetHints":{"allow":["GET"]}}],"collection":[{"href":"https:\/\/eltrabajo.cl\/portal\/wp-json\/wp\/v2\/posts"}],"about":[{"href":"https:\/\/eltrabajo.cl\/portal\/wp-json\/wp\/v2\/types\/post"}],"author":[{"embeddable":true,"href":"https:\/\/eltrabajo.cl\/portal\/wp-json\/wp\/v2\/users\/482"}],"replies":[{"embeddable":true,"href":"https:\/\/eltrabajo.cl\/portal\/wp-json\/wp\/v2\/comments?post=59066"}],"version-history":[{"count":0,"href":"https:\/\/eltrabajo.cl\/portal\/wp-json\/wp\/v2\/posts\/59066\/revisions"}],"wp:featuredmedia":[{"embeddable":true,"href":"https:\/\/eltrabajo.cl\/portal\/wp-json\/wp\/v2\/media\/59067"}],"wp:attachment":[{"href":"https:\/\/eltrabajo.cl\/portal\/wp-json\/wp\/v2\/media?parent=59066"}],"wp:term":[{"taxonomy":"category","embeddable":true,"href":"https:\/\/eltrabajo.cl\/portal\/wp-json\/wp\/v2\/categories?post=59066"},{"taxonomy":"post_tag","embeddable":true,"href":"https:\/\/eltrabajo.cl\/portal\/wp-json\/wp\/v2\/tags?post=59066"}],"curies":[{"name":"wp","href":"https:\/\/api.w.org\/{rel}","templated":true}]}}