{"id":59069,"date":"2015-06-16T09:29:26","date_gmt":"2015-06-16T12:29:26","guid":{"rendered":"http:\/\/www.eltrabajo.cl\/portal\/?p=59069"},"modified":"2015-06-16T09:29:26","modified_gmt":"2015-06-16T12:29:26","slug":"vecinos-reducen-a-adolescente-que-ingreso-a-robar-un-notebook","status":"publish","type":"post","link":"https:\/\/eltrabajo.cl\/portal\/vecinos-reducen-a-adolescente-que-ingreso-a-robar-un-notebook\/","title":{"rendered":"Vecinos reducen a adolescente que ingres\u00f3 a robar un notebook"},"content":{"rendered":"<figure id=\"attachment_59070\" aria-describedby=\"caption-attachment-59070\" style=\"width: 300px\" class=\"wp-caption alignleft\"><a href=\"https:\/\/i0.wp.com\/www.eltrabajo.cl\/portal\/wp-content\/uploads\/2015\/06\/maureen-espinoza.jpg\"><img data-recalc-dims=\"1\" loading=\"lazy\" decoding=\"async\" class=\"wp-image-59070 size-medium\" src=\"https:\/\/i0.wp.com\/www.eltrabajo.cl\/portal\/wp-content\/uploads\/2015\/06\/maureen-espinoza-300x198.jpg?resize=300%2C198\" alt=\"La Comisario Mayor Maureen Espinoza destac\u00f3 la actitud proactiva de los vecinos al denunciar a Carabineros oportunamente frente a hechos delictuales.\" width=\"300\" height=\"198\" srcset=\"https:\/\/i0.wp.com\/eltrabajo.cl\/portal\/wp-content\/uploads\/2015\/06\/maureen-espinoza.jpg?resize=300%2C198&amp;ssl=1 300w, https:\/\/i0.wp.com\/eltrabajo.cl\/portal\/wp-content\/uploads\/2015\/06\/maureen-espinoza.jpg?resize=200%2C132&amp;ssl=1 200w, https:\/\/i0.wp.com\/eltrabajo.cl\/portal\/wp-content\/uploads\/2015\/06\/maureen-espinoza.jpg?resize=228%2C150&amp;ssl=1 228w, https:\/\/i0.wp.com\/eltrabajo.cl\/portal\/wp-content\/uploads\/2015\/06\/maureen-espinoza.jpg?resize=400%2C263&amp;ssl=1 400w, https:\/\/i0.wp.com\/eltrabajo.cl\/portal\/wp-content\/uploads\/2015\/06\/maureen-espinoza.jpg?w=530&amp;ssl=1 530w\" sizes=\"auto, (max-width: 300px) 100vw, 300px\" \/><\/a><figcaption id=\"caption-attachment-59070\" class=\"wp-caption-text\">La Comisario Mayor Maureen Espinoza destac\u00f3 la actitud proactiva de los vecinos al denunciar a Carabineros oportunamente frente a hechos delictuales.<\/figcaption><\/figure>\n<p>Los residentes de la villa Terra Noble del sector La Troya de San Felipe, redujeron a un adolescente de 16 a\u00f1os que momentos antes hab\u00eda ingresado a una vivienda sin moradores para apoderarse de un notebook, la detenci\u00f3n ciudadana permiti\u00f3 que fuera entregado a Carabineros para ser procesado por la justicia.<br \/>\nGracias a un sistema de vigilancia entre los vecinos de la villa Terra Noble en el sector La Troya de San Felipe, se logr\u00f3 frustrar el robo de un notebook por un adolescente de 16 a\u00f1os de edad, quien momentos antes hab\u00eda ingresado hasta una vivienda que se encontraba sin moradores, siendo advertido por los mismos vecinos que lograron su retenci\u00f3n para ser entregado a Carabineros.<br \/>\nEl hecho se produjo cerca de las 21:30 horas del viernes, cuando la Polic\u00eda uniformada recibi\u00f3 un llamado de los vecinos de ese conjunto habitacional, informando la retenci\u00f3n de un antisocial que hab\u00eda irrumpido en una vivienda de ese sector, cometiendo un delito.<br \/>\nTras la oportuna intervenci\u00f3n de los mismos vecinos que no dudaron en reducir al delincuente, Carabineros minutos m\u00e1s tarde pudo capturarlo y conducirlo hasta la unidad policial.<br \/>\nEn horas de la ma\u00f1ana del pasado s\u00e1bado, la Fiscal\u00eda lo formaliz\u00f3 por el delito de robo en lugar habitado requiriendo ante el Tribunal la internaci\u00f3n bajo r\u00e9gimen cerrado provisoria en el Centro para Adolescentes Imputados \u2018Lihu\u00e9n\u2019 de Limache, por representar un peligro para la sociedad, sumado a su nutrido prontuario delictivo, medida que fue concedida por el juez decretando su traslado hasta ese recinto mientras dure el periodo de investigaci\u00f3n a cargo del Ministerio P\u00fablico.<br \/>\nFrente a este tema la Comisario de Carabineros, Mayor Maureen Espinoza, precis\u00f3 que la instituci\u00f3n est\u00e1 realizando un an\u00e1lisis de todas las denuncias que realizan los vecinos a fin de determinar los lugares y horarios que se cometen este tipo de delitos, con el objetivo de distribuir de manera \u00f3ptima los patrullajes policiales.<br \/>\nLa oficial policial agreg\u00f3 que durante el fin de semana adem\u00e1s se logr\u00f3 capturar a tres sujetos que manten\u00edan orden de detenci\u00f3n pendiente, robo de accesorios de veh\u00edculos, conducci\u00f3n en estado de ebriedad y porte de arma blanca: \u201cEstas detenciones se lograron fundamentalmente gracias al apoyo de vecinos quienes en una situaci\u00f3n de alerta y en actitud proactiva contra la delincuencia, informan y transmiten esta informaci\u00f3n a Carabineros en un tiempo oportuno que nos ha permitido la detenci\u00f3n de estos individuos\u201d, subray\u00f3 la Comisario Maureen Espinoza.<br \/>\n<strong>Pablo Salinas Sald\u00edas<\/strong><\/p>\n","protected":false},"excerpt":{"rendered":"<p>Los residentes de la villa Terra Noble del sector La Troya de San Felipe, redujeron a un adolescente de 16 a\u00f1os que momentos antes hab\u00eda ingresado a una vivienda sin moradores para&#8230;<\/p>\n","protected":false},"author":482,"featured_media":59070,"comment_status":"open","ping_status":"open","sticky":false,"template":"","format":"standard","meta":{"advanced_seo_description":"","jetpack_seo_html_title":"","jetpack_seo_noindex":false,"_jetpack_memberships_contains_paid_content":false,"footnotes":""},"categories":[21],"tags":[],"class_list":["post-59069","post","type-post","status-publish","format-standard","has-post-thumbnail","hentry","category-policial"],"jetpack_featured_media_url":"https:\/\/i0.wp.com\/eltrabajo.cl\/portal\/wp-content\/uploads\/2015\/06\/maureen-espinoza.jpg?fit=530%2C349&ssl=1","jetpack_sharing_enabled":true,"jetpack_likes_enabled":true,"jetpack-related-posts":[],"_links":{"self":[{"href":"https:\/\/eltrabajo.cl\/portal\/wp-json\/wp\/v2\/posts\/59069","targetHints":{"allow":["GET"]}}],"collection":[{"href":"https:\/\/eltrabajo.cl\/portal\/wp-json\/wp\/v2\/posts"}],"about":[{"href":"https:\/\/eltrabajo.cl\/portal\/wp-json\/wp\/v2\/types\/post"}],"author":[{"embeddable":true,"href":"https:\/\/eltrabajo.cl\/portal\/wp-json\/wp\/v2\/users\/482"}],"replies":[{"embeddable":true,"href":"https:\/\/eltrabajo.cl\/portal\/wp-json\/wp\/v2\/comments?post=59069"}],"version-history":[{"count":0,"href":"https:\/\/eltrabajo.cl\/portal\/wp-json\/wp\/v2\/posts\/59069\/revisions"}],"wp:featuredmedia":[{"embeddable":true,"href":"https:\/\/eltrabajo.cl\/portal\/wp-json\/wp\/v2\/media\/59070"}],"wp:attachment":[{"href":"https:\/\/eltrabajo.cl\/portal\/wp-json\/wp\/v2\/media?parent=59069"}],"wp:term":[{"taxonomy":"category","embeddable":true,"href":"https:\/\/eltrabajo.cl\/portal\/wp-json\/wp\/v2\/categories?post=59069"},{"taxonomy":"post_tag","embeddable":true,"href":"https:\/\/eltrabajo.cl\/portal\/wp-json\/wp\/v2\/tags?post=59069"}],"curies":[{"name":"wp","href":"https:\/\/api.w.org\/{rel}","templated":true}]}}