{"id":59081,"date":"2015-06-16T09:37:50","date_gmt":"2015-06-16T12:37:50","guid":{"rendered":"http:\/\/www.eltrabajo.cl\/portal\/?p=59081"},"modified":"2015-06-16T09:37:50","modified_gmt":"2015-06-16T12:37:50","slug":"comerciantes-indignados-ante-seguidilla-de-robos-en-su-fuente-de-soda","status":"publish","type":"post","link":"https:\/\/eltrabajo.cl\/portal\/comerciantes-indignados-ante-seguidilla-de-robos-en-su-fuente-de-soda\/","title":{"rendered":"Comerciantes indignados ante seguidilla de robos en su fuente de soda"},"content":{"rendered":"<figure id=\"attachment_59082\" aria-describedby=\"caption-attachment-59082\" style=\"width: 300px\" class=\"wp-caption alignleft\"><a href=\"https:\/\/i0.wp.com\/www.eltrabajo.cl\/portal\/wp-content\/uploads\/2015\/06\/Matrimonio.jpg\"><img data-recalc-dims=\"1\" loading=\"lazy\" decoding=\"async\" class=\"wp-image-59082 size-medium\" src=\"https:\/\/i0.wp.com\/www.eltrabajo.cl\/portal\/wp-content\/uploads\/2015\/06\/Matrimonio-300x198.jpg?resize=300%2C198\" alt=\"Los propietarios de la Fuente de Soda \u2018Pachy\u2019, ubicada en la Villa Las Palmeras de San Felipe, han sufrido una seguidilla de robos durante el \u00faltimo tiempo.\" width=\"300\" height=\"198\" srcset=\"https:\/\/i0.wp.com\/eltrabajo.cl\/portal\/wp-content\/uploads\/2015\/06\/Matrimonio.jpg?resize=300%2C198&amp;ssl=1 300w, https:\/\/i0.wp.com\/eltrabajo.cl\/portal\/wp-content\/uploads\/2015\/06\/Matrimonio.jpg?resize=200%2C132&amp;ssl=1 200w, https:\/\/i0.wp.com\/eltrabajo.cl\/portal\/wp-content\/uploads\/2015\/06\/Matrimonio.jpg?resize=227%2C150&amp;ssl=1 227w, https:\/\/i0.wp.com\/eltrabajo.cl\/portal\/wp-content\/uploads\/2015\/06\/Matrimonio.jpg?resize=400%2C264&amp;ssl=1 400w, https:\/\/i0.wp.com\/eltrabajo.cl\/portal\/wp-content\/uploads\/2015\/06\/Matrimonio.jpg?w=530&amp;ssl=1 530w\" sizes=\"auto, (max-width: 300px) 100vw, 300px\" \/><\/a><figcaption id=\"caption-attachment-59082\" class=\"wp-caption-text\">Los propietarios de la Fuente de Soda \u2018Pachy\u2019, ubicada en la Villa Las Palmeras de San Felipe, han sufrido una seguidilla de robos durante el \u00faltimo tiempo.<\/figcaption><\/figure>\n<ul>\n<li><strong>Los emprendedores de villa Las Palmeras de San Felipe, acusan que durante este \u00faltimo tiempo su local comercial ha sufrido un gran n\u00famero de robos perpetrados por desconocidos que se hacen pasar por clientes. Seg\u00fan su testimonio, la existencia de un sitio eriazo que colinda con su negocio se ha convertido en \u2018tierra de nadie\u2019, transformado en un basural y en un lugar propicio para que los antisociales se droguen y consuman alcohol en medio de la oscuridad.<\/strong><\/li>\n<\/ul>\n<p>Cuando el matrimonio compuesto por Elizabeth \u00c1guila Covarrubias y su esposo Isa\u00edas Castro Soto, obtuvieron el sue\u00f1o de la casa propia -hace ya ocho largos a\u00f1os- decidieron a su vez instalar una fuente de soda y minimarket al cual bautizaron como \u2018La Pachy,\u2019 iniciando una vida como comerciantes en villa Las Palmeras de San Felipe, espec\u00edficamente en calle Portus esquina de pasaje Argentina.<br \/>\nSus primeros clientes fueron sus vecinos, y con el tiempo el negocio se fue dando a conocer, aumentando la clientela proveniente de otras villas debido a que en pocos almacenes hay picadas para comer. As\u00ed, estos comerciantes se han caracterizado siempre por abrir muy temprano y cerrar la jornada a altas horas de la madrugada, de domingo a domingo, para incrementar al m\u00e1ximo las ventas.<br \/>\nSin embargo durante los \u00faltimos meses, estos comerciantes comenzaron a sufrir la invasi\u00f3n de la delincuencia, convirti\u00e9ndose en reiteradas ocasiones en v\u00edctimas de robos por avezados antisociales que han sustra\u00eddo desde displays de bebidas, alimentos, llegando incluso hasta ser enga\u00f1ados por ladrones de cuello y corbata, quienes elegantemente vestidos en un abrir y cerrar de ojos, se apoderaron de una cifra cercana a los 600.000 pesos perteneciente a la Caja Vecina de Banco Estado, a lo que se suma a una estafa telef\u00f3nica conocida como \u2018El Cuento del T\u00edo\u2019.<br \/>\nAunque el matrimonio describe que estos delitos fueron cometidos sin el uso de la fuerza ni violencia, est\u00e1n devastados ante las p\u00e9rdidas econ\u00f3micas por la seguidilla de robos que han sufrido y que han sido denunciados en su debido momento a Carabineros y a personal de la Polic\u00eda de Investigaciones.<br \/>\nLos emprendedores acusan que un sitio eriazo de propiedad de un privado, que colinda con su local, tiene libre acceso por lo que se ha transformado desde un vertedero de basura hasta un foco delictual, donde desconocidos se ocultan luego de cometer delitos, o simplemente a consumir alcohol y drogas.<br \/>\nEl terreno se ha convertido en un punto negro en medio de la urbanidad y ha sido tema de debate entre dirigentes vecinales desde hace m\u00e1s de diez a\u00f1os, y en el Municipio, mediante las interpelaciones de la Junta de Vecinos, confirman que la propiedad pertenecer\u00eda a un privado, y que en definitiva, \u00e9sta y otras problem\u00e1ticas, ata\u00f1en adem\u00e1s al resto del vecindario que han sufrido robos en su propiedad.<\/p>\n<p><strong>LA ENTREVISTA<\/strong><br \/>\n<strong>&#8211; \u00bfC\u00f3mo se sienten ante esta seguidilla de robos?<\/strong><br \/>\n<strong>&#8211;<\/strong> Nos afectan porque son dineros que debemos reponer y eso no es ganancia para ning\u00fan comerciante, porque lo poco que uno logra obtener te lo quitan. . Nos han robado mercader\u00eda y dinero, no es la gracia que uno est\u00e9 ganando y a la vez reponiendo una mercader\u00eda que fue robada.<br \/>\n<strong>&#8211; \u00bfDej\u00f3 de ser tranquilo este sector?<\/strong><br \/>\n<strong>&#8211;<\/strong>S\u00ed, regularmente es tranquilo y por lo mismo hay menos resguardo policial y los malhechores se aprovechan de esa ausencia de Carabineros; por aqu\u00ed transitan sujetos hacia otras poblaciones peligrosas m\u00e1s abajo.<br \/>\n<strong>&#8211; \u00bfLes afecta colindar con este sitio eriazo?<\/strong><br \/>\n<strong>&#8211;<\/strong> Este es un escondite de todos estos malandros, adem\u00e1s se ha convertido en un basural por la misma gente. Pasan muchas cosas ah\u00ed y se transform\u00f3 en un foco para la delincuencia, consumo de drogas y alcohol, incluso ha habido incendios de pastizales, debiendo llamar a bomberos.<br \/>\n<strong>&#8211; \u00bfC\u00f3mo lograron los delincuentes apoderarse del dinero?<\/strong><br \/>\n<strong>&#8211;<\/strong> Mientras yo fui a buscar unas bebidas, me tap\u00f3 la visual y uno de dos que andaban bien vestidos, me rob\u00f3 la plata de la caja vecina en segundos, m\u00e1s de $600.000 en efectivo y son delincuentes de cuello y corbata; andaban en un auto con un tercero, seg\u00fan me inform\u00e9 con unos vecinos.<br \/>\n<strong>&#8211; Usted result\u00f3 herido hace unos d\u00edas por frustrar un robo.<\/strong><br \/>\n<strong>&#8211;<\/strong>S\u00ed, dos mujeres ingresaron hace unos d\u00edas como clientes, pero al tener los productos en las manos huyen y no los pagan. Cuando uno sale a cobrarles se tornan agresivos. Ellas me rasgu\u00f1aron la cara y con un palo me golpearon, hice la denuncia ante Carabineros.<br \/>\n<strong>&#8211; \u00bfEsperan la intervenci\u00f3n de las autoridades?<\/strong><br \/>\n<strong>&#8211;<\/strong> Tenemos derecho a ser respetados. Cuando uno solicita la ayuda de las autoridades, que sea inmediata y que circulen m\u00e1s dotaci\u00f3n de Carabineros. Yo fui dirigente de la Junta de Vecinos y sobre el tema del sitio eriazo es un cuento de nunca acabar. Se hizo lo posible de que ese sitio fuera expropiado por Bienes Nacionales. En el 2008 me reun\u00ed varias veces con el anterior alcalde y me asegur\u00f3 que ser\u00eda expropiado, pero hasta ahora no lo ha sido, es un basural, una cueva de ladrones, es un lugar inseguro.<br \/>\n<strong>&#8211; \u00bfEsta villa est\u00e1 bien resguardada por Carabineros?<\/strong><br \/>\n<strong>&#8211;<\/strong>Antes pasaban muchas rondas de Carabineros, cuando fui dirigente ped\u00eda al Comisario anterior m\u00e1s vigilancia, pero cuando uno los llama por alguna denuncia, llegan, pero es demasiado tarde .<br \/>\n<strong>&#8211; \u00bfHan debido invertir en seguridad?<\/strong><br \/>\n<strong>&#8211;<\/strong>S\u00ed, en c\u00e1maras y alarma de seguridad, apelamos ante la autoridad a que tome cartas en el asunto para que no se produzcan m\u00e1s hechos delictuales.<br \/>\n<strong>&#8211; \u00bfTemen ser v\u00edctimas de asalto a mano armada?<\/strong><br \/>\n<strong>&#8211;<\/strong> El temor est\u00e1 latente de que alguien nos asalte con un arma de fuego, hasta ahora nos han robado sin violencia, pero no se sabe cu\u00e1ndo llegan estos delincuentes, por eso hacemos el llamado a proporcionarnos m\u00e1s vigilancia policial.<br \/>\n<strong>Pablo Salinas Sald\u00edas<\/strong><\/p>\n<div class=\"tiled-gallery type-rectangular tiled-gallery-unresized\" data-original-width=\"640\" data-carousel-extra='null' itemscope itemtype=\"http:\/\/schema.org\/ImageGallery\" > <div class=\"gallery-row\" style=\"width: 640px; height: 284px;\" data-original-width=\"640\" data-original-height=\"284\" > <div class=\"gallery-group images-1\" style=\"width: 428px; height: 284px;\" data-original-width=\"428\" data-original-height=\"284\" > <div class=\"tiled-gallery-item tiled-gallery-item-large\" itemprop=\"associatedMedia\" itemscope itemtype=\"http:\/\/schema.org\/ImageObject\"> <a href=\"https:\/\/eltrabajo.cl\/portal\/comerciantes-indignados-ante-seguidilla-de-robos-en-su-fuente-de-soda\/basural-2\/\" border=\"0\" itemprop=\"url\"> <meta itemprop=\"width\" content=\"424\"> <meta itemprop=\"height\" content=\"280\"> <img decoding=\"async\" class=\"\" data-attachment-id=\"59084\" data-orig-file=\"https:\/\/eltrabajo.cl\/portal\/wp-content\/uploads\/2015\/06\/Basural-2.jpg\" data-orig-size=\"530,350\" data-comments-opened=\"1\" data-image-meta=\"{&quot;aperture&quot;:&quot;0&quot;,&quot;credit&quot;:&quot;&quot;,&quot;camera&quot;:&quot;&quot;,&quot;caption&quot;:&quot;&quot;,&quot;created_timestamp&quot;:&quot;0&quot;,&quot;copyright&quot;:&quot;&quot;,&quot;focal_length&quot;:&quot;0&quot;,&quot;iso&quot;:&quot;0&quot;,&quot;shutter_speed&quot;:&quot;0&quot;,&quot;title&quot;:&quot;&quot;,&quot;orientation&quot;:&quot;0&quot;}\" data-image-title=\"Basural 2\" data-image-description=\"&lt;p&gt;Los vecinos han denunciado estos hechos ante las autoridades que responden que el terreno corresponder\u00eda a un privado.&lt;\/p&gt; \" data-medium-file=\"https:\/\/i0.wp.com\/eltrabajo.cl\/portal\/wp-content\/uploads\/2015\/06\/Basural-2.jpg?fit=300%2C198&#038;ssl=1\" data-large-file=\"https:\/\/i0.wp.com\/eltrabajo.cl\/portal\/wp-content\/uploads\/2015\/06\/Basural-2.jpg?fit=530%2C350&#038;ssl=1\" src=\"https:\/\/i0.wp.com\/eltrabajo.cl\/portal\/wp-content\/uploads\/2015\/06\/Basural-2.jpg?w=424&#038;h=280&#038;ssl=1\" srcset=\"https:\/\/i0.wp.com\/eltrabajo.cl\/portal\/wp-content\/uploads\/2015\/06\/Basural-2.jpg?w=530&amp;ssl=1 530w, https:\/\/i0.wp.com\/eltrabajo.cl\/portal\/wp-content\/uploads\/2015\/06\/Basural-2.jpg?resize=200%2C132&amp;ssl=1 200w, https:\/\/i0.wp.com\/eltrabajo.cl\/portal\/wp-content\/uploads\/2015\/06\/Basural-2.jpg?resize=300%2C198&amp;ssl=1 300w, https:\/\/i0.wp.com\/eltrabajo.cl\/portal\/wp-content\/uploads\/2015\/06\/Basural-2.jpg?resize=227%2C150&amp;ssl=1 227w, https:\/\/i0.wp.com\/eltrabajo.cl\/portal\/wp-content\/uploads\/2015\/06\/Basural-2.jpg?resize=400%2C264&amp;ssl=1 400w\" width=\"424\" height=\"280\" loading=\"lazy\" data-original-width=\"424\" data-original-height=\"280\" itemprop=\"http:\/\/schema.org\/image\" title=\"Basural 2\" alt=\"Los vecinos han denunciado estos hechos ante las autoridades que responden que el terreno corresponder\u00eda a un privado.\" style=\"width: 424px; height: 280px;\" \/> <\/a> <div class=\"tiled-gallery-caption\" itemprop=\"caption description\"> Los vecinos han denunciado estos hechos ante las autoridades que responden que el terreno corresponder\u00eda a un privado. <\/div> <\/div> <\/div> <!-- close group --> <div class=\"gallery-group images-2\" style=\"width: 212px; height: 284px;\" data-original-width=\"212\" data-original-height=\"284\" > <div class=\"tiled-gallery-item tiled-gallery-item-small\" itemprop=\"associatedMedia\" itemscope itemtype=\"http:\/\/schema.org\/ImageObject\"> <a href=\"https:\/\/eltrabajo.cl\/portal\/comerciantes-indignados-ante-seguidilla-de-robos-en-su-fuente-de-soda\/basural-1\/\" border=\"0\" itemprop=\"url\"> <meta itemprop=\"width\" content=\"208\"> <meta itemprop=\"height\" content=\"138\"> <img decoding=\"async\" class=\"\" data-attachment-id=\"59083\" data-orig-file=\"https:\/\/eltrabajo.cl\/portal\/wp-content\/uploads\/2015\/06\/Basural-1.jpg\" data-orig-size=\"528,350\" data-comments-opened=\"1\" data-image-meta=\"{&quot;aperture&quot;:&quot;0&quot;,&quot;credit&quot;:&quot;&quot;,&quot;camera&quot;:&quot;&quot;,&quot;caption&quot;:&quot;&quot;,&quot;created_timestamp&quot;:&quot;0&quot;,&quot;copyright&quot;:&quot;&quot;,&quot;focal_length&quot;:&quot;0&quot;,&quot;iso&quot;:&quot;0&quot;,&quot;shutter_speed&quot;:&quot;0&quot;,&quot;title&quot;:&quot;&quot;,&quot;orientation&quot;:&quot;0&quot;}\" data-image-title=\"Basural 1\" data-image-description=\"&lt;p&gt;En \u2018tierra de nadie\u2019 se ha convertido este sitio que hace una d\u00e9cada opera como basural.&lt;\/p&gt; \" data-medium-file=\"https:\/\/i0.wp.com\/eltrabajo.cl\/portal\/wp-content\/uploads\/2015\/06\/Basural-1.jpg?fit=300%2C199&#038;ssl=1\" data-large-file=\"https:\/\/i0.wp.com\/eltrabajo.cl\/portal\/wp-content\/uploads\/2015\/06\/Basural-1.jpg?fit=528%2C350&#038;ssl=1\" src=\"https:\/\/i0.wp.com\/eltrabajo.cl\/portal\/wp-content\/uploads\/2015\/06\/Basural-1.jpg?w=208&#038;h=138&#038;ssl=1\" srcset=\"https:\/\/i0.wp.com\/eltrabajo.cl\/portal\/wp-content\/uploads\/2015\/06\/Basural-1.jpg?w=528&amp;ssl=1 528w, https:\/\/i0.wp.com\/eltrabajo.cl\/portal\/wp-content\/uploads\/2015\/06\/Basural-1.jpg?resize=200%2C133&amp;ssl=1 200w, https:\/\/i0.wp.com\/eltrabajo.cl\/portal\/wp-content\/uploads\/2015\/06\/Basural-1.jpg?resize=300%2C199&amp;ssl=1 300w, https:\/\/i0.wp.com\/eltrabajo.cl\/portal\/wp-content\/uploads\/2015\/06\/Basural-1.jpg?resize=226%2C150&amp;ssl=1 226w, https:\/\/i0.wp.com\/eltrabajo.cl\/portal\/wp-content\/uploads\/2015\/06\/Basural-1.jpg?resize=400%2C265&amp;ssl=1 400w\" width=\"208\" height=\"138\" loading=\"lazy\" data-original-width=\"208\" data-original-height=\"138\" itemprop=\"http:\/\/schema.org\/image\" title=\"Basural 1\" alt=\"En \u2018tierra de nadie\u2019 se ha convertido este sitio que hace una d\u00e9cada opera como basural.\" style=\"width: 208px; height: 138px;\" \/> <\/a> <div class=\"tiled-gallery-caption\" itemprop=\"caption description\"> En \u2018tierra de nadie\u2019 se ha convertido este sitio que hace una d\u00e9cada opera como basural. <\/div> <\/div> <div class=\"tiled-gallery-item tiled-gallery-item-small\" itemprop=\"associatedMedia\" itemscope itemtype=\"http:\/\/schema.org\/ImageObject\"> <a href=\"https:\/\/eltrabajo.cl\/portal\/comerciantes-indignados-ante-seguidilla-de-robos-en-su-fuente-de-soda\/sitio-1\/\" border=\"0\" itemprop=\"url\"> <meta itemprop=\"width\" content=\"208\"> <meta itemprop=\"height\" content=\"138\"> <img decoding=\"async\" class=\"\" data-attachment-id=\"59086\" data-orig-file=\"https:\/\/eltrabajo.cl\/portal\/wp-content\/uploads\/2015\/06\/Sitio-1.jpg\" data-orig-size=\"530,350\" data-comments-opened=\"1\" data-image-meta=\"{&quot;aperture&quot;:&quot;0&quot;,&quot;credit&quot;:&quot;&quot;,&quot;camera&quot;:&quot;&quot;,&quot;caption&quot;:&quot;&quot;,&quot;created_timestamp&quot;:&quot;0&quot;,&quot;copyright&quot;:&quot;&quot;,&quot;focal_length&quot;:&quot;0&quot;,&quot;iso&quot;:&quot;0&quot;,&quot;shutter_speed&quot;:&quot;0&quot;,&quot;title&quot;:&quot;&quot;,&quot;orientation&quot;:&quot;0&quot;}\" data-image-title=\"Sitio 1\" data-image-description=\"&lt;p&gt;Este terreno cubre casi dos manzanas desde Toro Mazote en paralelo a calle Abraham Ahumada en la comuna de San Felipe, que se encuentra completamente abierto a los transe\u00fantes y que, al caer la noche, alberga a individuos que se drogan o cometen hechos delictuales ocult\u00e1ndose en medio de la oscuridad del lugar.&lt;\/p&gt; \" data-medium-file=\"https:\/\/i0.wp.com\/eltrabajo.cl\/portal\/wp-content\/uploads\/2015\/06\/Sitio-1.jpg?fit=300%2C198&#038;ssl=1\" data-large-file=\"https:\/\/i0.wp.com\/eltrabajo.cl\/portal\/wp-content\/uploads\/2015\/06\/Sitio-1.jpg?fit=530%2C350&#038;ssl=1\" src=\"https:\/\/i0.wp.com\/eltrabajo.cl\/portal\/wp-content\/uploads\/2015\/06\/Sitio-1.jpg?w=208&#038;h=138&#038;ssl=1\" srcset=\"https:\/\/i0.wp.com\/eltrabajo.cl\/portal\/wp-content\/uploads\/2015\/06\/Sitio-1.jpg?w=530&amp;ssl=1 530w, https:\/\/i0.wp.com\/eltrabajo.cl\/portal\/wp-content\/uploads\/2015\/06\/Sitio-1.jpg?resize=200%2C132&amp;ssl=1 200w, https:\/\/i0.wp.com\/eltrabajo.cl\/portal\/wp-content\/uploads\/2015\/06\/Sitio-1.jpg?resize=300%2C198&amp;ssl=1 300w, https:\/\/i0.wp.com\/eltrabajo.cl\/portal\/wp-content\/uploads\/2015\/06\/Sitio-1.jpg?resize=227%2C150&amp;ssl=1 227w, https:\/\/i0.wp.com\/eltrabajo.cl\/portal\/wp-content\/uploads\/2015\/06\/Sitio-1.jpg?resize=400%2C264&amp;ssl=1 400w\" width=\"208\" height=\"138\" loading=\"lazy\" data-original-width=\"208\" data-original-height=\"138\" itemprop=\"http:\/\/schema.org\/image\" title=\"Sitio 1\" alt=\"Este terreno cubre casi dos manzanas desde Toro Mazote en paralelo a calle Abraham Ahumada en la comuna de San Felipe, que se encuentra completamente abierto a los transe\u00fantes y que, al caer la noche, alberga a individuos que se drogan o cometen hechos delictuales ocult\u00e1ndose en medio de la oscuridad del lugar.\" style=\"width: 208px; height: 138px;\" \/> <\/a> <div class=\"tiled-gallery-caption\" itemprop=\"caption description\"> Este terreno cubre casi dos manzanas desde Toro Mazote en paralelo a calle Abraham Ahumada en la comuna de San Felipe, que se encuentra completamente abierto a los transe\u00fantes y que, al caer la noche, alberga a individuos que se drogan o cometen hechos delictuales ocult\u00e1ndose en medio de la oscuridad del lugar. <\/div> <\/div> <\/div> <!-- close group --> <\/div> <!-- close row --> <div class=\"gallery-row\" style=\"width: 640px; height: 423px;\" data-original-width=\"640\" data-original-height=\"423\" > <div class=\"gallery-group images-1\" style=\"width: 640px; height: 423px;\" data-original-width=\"640\" data-original-height=\"423\" > <div class=\"tiled-gallery-item tiled-gallery-item-large\" itemprop=\"associatedMedia\" itemscope itemtype=\"http:\/\/schema.org\/ImageObject\"> <a href=\"https:\/\/eltrabajo.cl\/portal\/comerciantes-indignados-ante-seguidilla-de-robos-en-su-fuente-de-soda\/panoramica\/\" border=\"0\" itemprop=\"url\"> <meta itemprop=\"width\" content=\"636\"> <meta itemprop=\"height\" content=\"419\"> <img decoding=\"async\" class=\"\" data-attachment-id=\"59085\" data-orig-file=\"https:\/\/eltrabajo.cl\/portal\/wp-content\/uploads\/2015\/06\/Panoramica.jpg\" data-orig-size=\"530,349\" data-comments-opened=\"1\" data-image-meta=\"{&quot;aperture&quot;:&quot;0&quot;,&quot;credit&quot;:&quot;&quot;,&quot;camera&quot;:&quot;&quot;,&quot;caption&quot;:&quot;&quot;,&quot;created_timestamp&quot;:&quot;0&quot;,&quot;copyright&quot;:&quot;&quot;,&quot;focal_length&quot;:&quot;0&quot;,&quot;iso&quot;:&quot;0&quot;,&quot;shutter_speed&quot;:&quot;0&quot;,&quot;title&quot;:&quot;&quot;,&quot;orientation&quot;:&quot;0&quot;}\" data-image-title=\"Panoramica\" data-image-description=\"&lt;p&gt;El punto negro en medio de la urbanidad que se ubica entre las villas El Real y Las Palmeras de la comuna de San Felipe.&lt;\/p&gt; \" data-medium-file=\"https:\/\/i0.wp.com\/eltrabajo.cl\/portal\/wp-content\/uploads\/2015\/06\/Panoramica.jpg?fit=300%2C198&#038;ssl=1\" data-large-file=\"https:\/\/i0.wp.com\/eltrabajo.cl\/portal\/wp-content\/uploads\/2015\/06\/Panoramica.jpg?fit=530%2C349&#038;ssl=1\" src=\"https:\/\/i0.wp.com\/eltrabajo.cl\/portal\/wp-content\/uploads\/2015\/06\/Panoramica.jpg?w=636&#038;h=419&#038;ssl=1\" srcset=\"https:\/\/i0.wp.com\/eltrabajo.cl\/portal\/wp-content\/uploads\/2015\/06\/Panoramica.jpg?w=530&amp;ssl=1 530w, https:\/\/i0.wp.com\/eltrabajo.cl\/portal\/wp-content\/uploads\/2015\/06\/Panoramica.jpg?resize=200%2C132&amp;ssl=1 200w, https:\/\/i0.wp.com\/eltrabajo.cl\/portal\/wp-content\/uploads\/2015\/06\/Panoramica.jpg?resize=300%2C198&amp;ssl=1 300w, https:\/\/i0.wp.com\/eltrabajo.cl\/portal\/wp-content\/uploads\/2015\/06\/Panoramica.jpg?resize=228%2C150&amp;ssl=1 228w, https:\/\/i0.wp.com\/eltrabajo.cl\/portal\/wp-content\/uploads\/2015\/06\/Panoramica.jpg?resize=400%2C263&amp;ssl=1 400w\" width=\"636\" height=\"419\" loading=\"lazy\" data-original-width=\"636\" data-original-height=\"419\" itemprop=\"http:\/\/schema.org\/image\" title=\"Panoramica\" alt=\"El punto negro en medio de la urbanidad que se ubica entre las villas El Real y Las Palmeras de la comuna de San Felipe.\" style=\"width: 636px; height: 419px;\" \/> <\/a> <div class=\"tiled-gallery-caption\" itemprop=\"caption description\"> El punto negro en medio de la urbanidad que se ubica entre las villas El Real y Las Palmeras de la comuna de San Felipe. <\/div> <\/div> <\/div> <!-- close group --> <\/div> <!-- close row --> <\/div>\n","protected":false},"excerpt":{"rendered":"<p>Los emprendedores de villa Las Palmeras de San Felipe, acusan que durante este \u00faltimo tiempo su local comercial ha sufrido un gran n\u00famero de robos perpetrados por desconocidos que se hacen pasar&#8230;<\/p>\n","protected":false},"author":482,"featured_media":59082,"comment_status":"open","ping_status":"open","sticky":false,"template":"","format":"standard","meta":{"advanced_seo_description":"","jetpack_seo_html_title":"","jetpack_seo_noindex":false,"_jetpack_memberships_contains_paid_content":false,"footnotes":""},"categories":[15],"tags":[],"class_list":["post-59081","post","type-post","status-publish","format-standard","has-post-thumbnail","hentry","category-comunidad"],"jetpack_featured_media_url":"https:\/\/i0.wp.com\/eltrabajo.cl\/portal\/wp-content\/uploads\/2015\/06\/Matrimonio.jpg?fit=530%2C350&ssl=1","jetpack_sharing_enabled":true,"jetpack_likes_enabled":true,"jetpack-related-posts":[],"_links":{"self":[{"href":"https:\/\/eltrabajo.cl\/portal\/wp-json\/wp\/v2\/posts\/59081","targetHints":{"allow":["GET"]}}],"collection":[{"href":"https:\/\/eltrabajo.cl\/portal\/wp-json\/wp\/v2\/posts"}],"about":[{"href":"https:\/\/eltrabajo.cl\/portal\/wp-json\/wp\/v2\/types\/post"}],"author":[{"embeddable":true,"href":"https:\/\/eltrabajo.cl\/portal\/wp-json\/wp\/v2\/users\/482"}],"replies":[{"embeddable":true,"href":"https:\/\/eltrabajo.cl\/portal\/wp-json\/wp\/v2\/comments?post=59081"}],"version-history":[{"count":0,"href":"https:\/\/eltrabajo.cl\/portal\/wp-json\/wp\/v2\/posts\/59081\/revisions"}],"wp:featuredmedia":[{"embeddable":true,"href":"https:\/\/eltrabajo.cl\/portal\/wp-json\/wp\/v2\/media\/59082"}],"wp:attachment":[{"href":"https:\/\/eltrabajo.cl\/portal\/wp-json\/wp\/v2\/media?parent=59081"}],"wp:term":[{"taxonomy":"category","embeddable":true,"href":"https:\/\/eltrabajo.cl\/portal\/wp-json\/wp\/v2\/categories?post=59081"},{"taxonomy":"post_tag","embeddable":true,"href":"https:\/\/eltrabajo.cl\/portal\/wp-json\/wp\/v2\/tags?post=59081"}],"curies":[{"name":"wp","href":"https:\/\/api.w.org\/{rel}","templated":true}]}}