{"id":59092,"date":"2015-06-17T09:49:39","date_gmt":"2015-06-17T12:49:39","guid":{"rendered":"http:\/\/www.eltrabajo.cl\/portal\/?p=59092"},"modified":"2015-06-17T09:49:39","modified_gmt":"2015-06-17T12:49:39","slug":"hospital-san-camilo-inaugura-nueva-sala-de-archivo-para-resguardar-fichas-clinicas","status":"publish","type":"post","link":"https:\/\/eltrabajo.cl\/portal\/hospital-san-camilo-inaugura-nueva-sala-de-archivo-para-resguardar-fichas-clinicas\/","title":{"rendered":"Hospital San Camilo inaugura nueva sala de archivo para resguardar fichas cl\u00ednicas"},"content":{"rendered":"<figure id=\"attachment_59093\" aria-describedby=\"caption-attachment-59093\" style=\"width: 300px\" class=\"wp-caption alignleft\"><a href=\"https:\/\/i0.wp.com\/www.eltrabajo.cl\/portal\/wp-content\/uploads\/2015\/06\/Cinta1.jpg\"><img data-recalc-dims=\"1\" loading=\"lazy\" decoding=\"async\" class=\"wp-image-59093 size-medium\" src=\"https:\/\/i0.wp.com\/www.eltrabajo.cl\/portal\/wp-content\/uploads\/2015\/06\/Cinta1-300x198.jpg?resize=300%2C198\" alt=\"Esta construcci\u00f3n demand\u00f3 $54 millones y est\u00e1 ubicado en el segundo piso del Some albergando 230.000 fichas cl\u00ednicas de usuarios.\" width=\"300\" height=\"198\" srcset=\"https:\/\/i0.wp.com\/eltrabajo.cl\/portal\/wp-content\/uploads\/2015\/06\/Cinta1.jpg?resize=300%2C198&amp;ssl=1 300w, https:\/\/i0.wp.com\/eltrabajo.cl\/portal\/wp-content\/uploads\/2015\/06\/Cinta1.jpg?resize=200%2C132&amp;ssl=1 200w, https:\/\/i0.wp.com\/eltrabajo.cl\/portal\/wp-content\/uploads\/2015\/06\/Cinta1.jpg?resize=227%2C150&amp;ssl=1 227w, https:\/\/i0.wp.com\/eltrabajo.cl\/portal\/wp-content\/uploads\/2015\/06\/Cinta1.jpg?resize=400%2C264&amp;ssl=1 400w, https:\/\/i0.wp.com\/eltrabajo.cl\/portal\/wp-content\/uploads\/2015\/06\/Cinta1.jpg?w=530&amp;ssl=1 530w\" sizes=\"auto, (max-width: 300px) 100vw, 300px\" \/><\/a><figcaption id=\"caption-attachment-59093\" class=\"wp-caption-text\">Esta construcci\u00f3n demand\u00f3 $54 millones y est\u00e1 ubicado en el segundo piso del Some albergando 230.000 fichas cl\u00ednicas de usuarios.<\/figcaption><\/figure>\n<p>Gracias a una inversi\u00f3n superior a los 54 millones de pesos, el Some del Hospital San Camilo acaba de inaugurar su nueva sala de archivo para el resguardo de las m\u00e1s de 230.000 fichas cl\u00ednicas de usuarios, que se mantienen activas y que ahora cuentan con un espacio adecuado para su custodia y uso cada vez que son requeridas.<br \/>\nEl espacio f\u00edsico, que requiri\u00f3 la construcci\u00f3n de un segundo piso del edificio administrativo, permite albergar las miles de fichas que a diario se mueven entre los diversos servicios cl\u00ednicos y los policl\u00ednicos de atenci\u00f3n ambulatoria, para estar disponibles cada vez que un usuario concurre a su atenci\u00f3n m\u00e9dica, permitiendo un mejor ordenamiento y a la vez mayor seguridad.<br \/>\n\u00abLa importancia de esta inauguraci\u00f3n es poder avanzar en lo que es la calidad y resguardo de la ficha cl\u00ednica y as\u00ed garantizar una adecuada custodia de los antecedentes de los usuarios, as\u00ed como mejorar las condiciones laborales de los trabajadores, ya que el contar con archivos y almacenamiento adecuados, con buenos espacios de circulaci\u00f3n y con un orden establecido de las fichas cl\u00ednicas, facilita la labor del d\u00eda a d\u00eda tienen que realizar los funcionarios\u00bb, asegur\u00f3 la Dra. Vilma Olave, directora del Servicio de Salud Aconcagua.<br \/>\nLa nueva unidad cuenta entre otras ventajas con un sistema de montacargas para evitar llevar peso entre el primer y segundo piso, adem\u00e1s de una estaci\u00f3n de trabajo para el orden administrativo propio de un fichero tan grande; aire acondicionado para evitar las altas temperaturas y todos los implementos de seguridad.<br \/>\n\u00abEsta inversi\u00f3n concretada durante el a\u00f1o 2014 y acondicionada a inicios del 2015, permiti\u00f3 dotar al Some de un segundo piso acorde a las necesidades, ya que, hasta la construcci\u00f3n de este espacio f\u00edsico, las fichas estaban distribuidas en diversos espacios menores, lo que ocasionaba recurrentes problemas para los funcionarios, adem\u00e1s de las consiguientes p\u00e9rdidas de documentos y posteriores reclamos de los usuarios por este concepto, por lo que esto claramente es un avance en materia de calidad del servicio que entregamos\u00bb, agreg\u00f3 Olave.<br \/>\nFinalmente Susan Contardo, Jefe de la Unidad, agradeci\u00f3 el poder concretar esta inauguraci\u00f3n, ya que junto con el beneficio para los usuarios, est\u00e1 el bienestar de los seis funcionarios de un total de 32 que conforman el Some, quienes diariamente coordinan un movimiento cercano a las mil fichas, las que se distribuyen a las distintas \u00e1reas del establecimiento.<\/p>\n","protected":false},"excerpt":{"rendered":"<p>Gracias a una inversi\u00f3n superior a los 54 millones de pesos, el Some del Hospital San Camilo acaba de inaugurar su nueva sala de archivo para el resguardo de las m\u00e1s de&#8230;<\/p>\n","protected":false},"author":482,"featured_media":59093,"comment_status":"open","ping_status":"open","sticky":false,"template":"","format":"standard","meta":{"advanced_seo_description":"","jetpack_seo_html_title":"","jetpack_seo_noindex":false,"_jetpack_memberships_contains_paid_content":false,"footnotes":""},"categories":[15],"tags":[],"class_list":["post-59092","post","type-post","status-publish","format-standard","has-post-thumbnail","hentry","category-comunidad"],"jetpack_featured_media_url":"https:\/\/i0.wp.com\/eltrabajo.cl\/portal\/wp-content\/uploads\/2015\/06\/Cinta1.jpg?fit=530%2C350&ssl=1","jetpack_sharing_enabled":true,"jetpack_likes_enabled":true,"jetpack-related-posts":[],"_links":{"self":[{"href":"https:\/\/eltrabajo.cl\/portal\/wp-json\/wp\/v2\/posts\/59092","targetHints":{"allow":["GET"]}}],"collection":[{"href":"https:\/\/eltrabajo.cl\/portal\/wp-json\/wp\/v2\/posts"}],"about":[{"href":"https:\/\/eltrabajo.cl\/portal\/wp-json\/wp\/v2\/types\/post"}],"author":[{"embeddable":true,"href":"https:\/\/eltrabajo.cl\/portal\/wp-json\/wp\/v2\/users\/482"}],"replies":[{"embeddable":true,"href":"https:\/\/eltrabajo.cl\/portal\/wp-json\/wp\/v2\/comments?post=59092"}],"version-history":[{"count":0,"href":"https:\/\/eltrabajo.cl\/portal\/wp-json\/wp\/v2\/posts\/59092\/revisions"}],"wp:featuredmedia":[{"embeddable":true,"href":"https:\/\/eltrabajo.cl\/portal\/wp-json\/wp\/v2\/media\/59093"}],"wp:attachment":[{"href":"https:\/\/eltrabajo.cl\/portal\/wp-json\/wp\/v2\/media?parent=59092"}],"wp:term":[{"taxonomy":"category","embeddable":true,"href":"https:\/\/eltrabajo.cl\/portal\/wp-json\/wp\/v2\/categories?post=59092"},{"taxonomy":"post_tag","embeddable":true,"href":"https:\/\/eltrabajo.cl\/portal\/wp-json\/wp\/v2\/tags?post=59092"}],"curies":[{"name":"wp","href":"https:\/\/api.w.org\/{rel}","templated":true}]}}