{"id":59101,"date":"2015-06-17T09:53:08","date_gmt":"2015-06-17T12:53:08","guid":{"rendered":"http:\/\/www.eltrabajo.cl\/portal\/?p=59101"},"modified":"2015-06-17T09:53:08","modified_gmt":"2015-06-17T12:53:08","slug":"entregan-once-tractores-corta-cesped-a-clubes-de-futbol-callelarguinos","status":"publish","type":"post","link":"https:\/\/eltrabajo.cl\/portal\/entregan-once-tractores-corta-cesped-a-clubes-de-futbol-callelarguinos\/","title":{"rendered":"Entregan once tractores corta c\u00e9sped a clubes de f\u00fatbol callelarguinos"},"content":{"rendered":"<figure id=\"attachment_59102\" aria-describedby=\"caption-attachment-59102\" style=\"width: 300px\" class=\"wp-caption alignleft\"><a href=\"https:\/\/i0.wp.com\/www.eltrabajo.cl\/portal\/wp-content\/uploads\/2015\/06\/Cortadora-de-pasto.jpg\"><img data-recalc-dims=\"1\" loading=\"lazy\" decoding=\"async\" class=\"wp-image-59102 size-medium\" src=\"https:\/\/i0.wp.com\/www.eltrabajo.cl\/portal\/wp-content\/uploads\/2015\/06\/Cortadora-de-pasto-300x198.jpg?resize=300%2C198\" alt=\"Con una inversi\u00f3n de m\u00e1s de $ 40 millones, fueron entregados este fin de semana por el municipio once corta c\u00e9sped a los clubes deportivos que cuentan con canchas.\" width=\"300\" height=\"198\" srcset=\"https:\/\/i0.wp.com\/eltrabajo.cl\/portal\/wp-content\/uploads\/2015\/06\/Cortadora-de-pasto.jpg?resize=300%2C198&amp;ssl=1 300w, https:\/\/i0.wp.com\/eltrabajo.cl\/portal\/wp-content\/uploads\/2015\/06\/Cortadora-de-pasto.jpg?resize=200%2C132&amp;ssl=1 200w, https:\/\/i0.wp.com\/eltrabajo.cl\/portal\/wp-content\/uploads\/2015\/06\/Cortadora-de-pasto.jpg?resize=227%2C150&amp;ssl=1 227w, https:\/\/i0.wp.com\/eltrabajo.cl\/portal\/wp-content\/uploads\/2015\/06\/Cortadora-de-pasto.jpg?resize=400%2C264&amp;ssl=1 400w, https:\/\/i0.wp.com\/eltrabajo.cl\/portal\/wp-content\/uploads\/2015\/06\/Cortadora-de-pasto.jpg?w=530&amp;ssl=1 530w\" sizes=\"auto, (max-width: 300px) 100vw, 300px\" \/><\/a><figcaption id=\"caption-attachment-59102\" class=\"wp-caption-text\">Con una inversi\u00f3n de m\u00e1s de $ 40 millones, fueron entregados este fin de semana por el municipio once corta c\u00e9sped a los clubes deportivos que cuentan con canchas.<\/figcaption><\/figure>\n<ul>\n<li><strong>Gracias a proyecto postulado por el municipio al Gobierno Regional, clubes que cuentan con canchas adem\u00e1s recibir\u00e1n dos grader\u00edas, cada una con una capacidad de trescientas personas<\/strong><\/li>\n<\/ul>\n<p><strong>CALLE LARGA.<\/strong>&#8211; Once tractores corta c\u00e9sped (9 para los clubes deportivos, uno para la liga s\u00faper senior y uno para el estadio municipal) fueron entregados este fin de semana por el municipio a los clubes deportivos que cuentan con canchas, en el marco de la inauguraci\u00f3n del Campeonato de F\u00fatbol 2015 de Calle Larga.<br \/>\nUn total de 43.984.428 pesos, fueron invertidos en este proyecto que permitir\u00e1 a los clubes realizar el corte del c\u00e9sped con sus propios medios.<br \/>\nEl presidente de la Asociaci\u00f3n de F\u00fatbol de Calle Larga, Danilo Ortiz, destac\u00f3 los beneficios econ\u00f3micos que tendr\u00e1n los clubes con esta entrega.<br \/>\n\u201cEs de gran importancia la entrega de los tractores para todos los clubes que tienen sus canchas porque muchos no pod\u00edan financiar el corte del pasto y con estos tractores van a poder realizar este trabajo por su cuenta, ahorrando as\u00ed una gran cantidad de recursos\u201d, sostuvo Ortiz.<br \/>\nJunto con los tractores, el proyecto adjudicado ante el Gobierno Regional contempla la adquisici\u00f3n de grader\u00edas para los clubes deportivos que cuentan con canchas. Cada uno de ellos recibir\u00e1 dos grader\u00edas con una capacidad para trescientas personas. Estas grader\u00edas que pr\u00f3ximamente ser\u00e1n entregadas a los clubes, tuvieron una inversi\u00f3n de m\u00e1s de 81 millones de pesos.<br \/>\nDurante la ceremonia de inauguraci\u00f3n del Campeonato de F\u00fatbol de Calle Larga, el municipio hizo entrega a los dos clubes de f\u00fatbol que no cuentan con cancha, de un completo equipamiento deportivo.<\/p>\n","protected":false},"excerpt":{"rendered":"<p>Gracias a proyecto postulado por el municipio al Gobierno Regional, clubes que cuentan con canchas adem\u00e1s recibir\u00e1n dos grader\u00edas, cada una con una capacidad de trescientas personas CALLE LARGA.&#8211; Once tractores corta&#8230;<\/p>\n","protected":false},"author":482,"featured_media":59102,"comment_status":"open","ping_status":"open","sticky":false,"template":"","format":"standard","meta":{"advanced_seo_description":"","jetpack_seo_html_title":"","jetpack_seo_noindex":false,"_jetpack_memberships_contains_paid_content":false,"footnotes":""},"categories":[15],"tags":[],"class_list":["post-59101","post","type-post","status-publish","format-standard","has-post-thumbnail","hentry","category-comunidad"],"jetpack_featured_media_url":"https:\/\/i0.wp.com\/eltrabajo.cl\/portal\/wp-content\/uploads\/2015\/06\/Cortadora-de-pasto.jpg?fit=530%2C350&ssl=1","jetpack_sharing_enabled":true,"jetpack_likes_enabled":true,"jetpack-related-posts":[],"_links":{"self":[{"href":"https:\/\/eltrabajo.cl\/portal\/wp-json\/wp\/v2\/posts\/59101","targetHints":{"allow":["GET"]}}],"collection":[{"href":"https:\/\/eltrabajo.cl\/portal\/wp-json\/wp\/v2\/posts"}],"about":[{"href":"https:\/\/eltrabajo.cl\/portal\/wp-json\/wp\/v2\/types\/post"}],"author":[{"embeddable":true,"href":"https:\/\/eltrabajo.cl\/portal\/wp-json\/wp\/v2\/users\/482"}],"replies":[{"embeddable":true,"href":"https:\/\/eltrabajo.cl\/portal\/wp-json\/wp\/v2\/comments?post=59101"}],"version-history":[{"count":0,"href":"https:\/\/eltrabajo.cl\/portal\/wp-json\/wp\/v2\/posts\/59101\/revisions"}],"wp:featuredmedia":[{"embeddable":true,"href":"https:\/\/eltrabajo.cl\/portal\/wp-json\/wp\/v2\/media\/59102"}],"wp:attachment":[{"href":"https:\/\/eltrabajo.cl\/portal\/wp-json\/wp\/v2\/media?parent=59101"}],"wp:term":[{"taxonomy":"category","embeddable":true,"href":"https:\/\/eltrabajo.cl\/portal\/wp-json\/wp\/v2\/categories?post=59101"},{"taxonomy":"post_tag","embeddable":true,"href":"https:\/\/eltrabajo.cl\/portal\/wp-json\/wp\/v2\/tags?post=59101"}],"curies":[{"name":"wp","href":"https:\/\/api.w.org\/{rel}","templated":true}]}}