{"id":59104,"date":"2015-06-17T09:54:16","date_gmt":"2015-06-17T12:54:16","guid":{"rendered":"http:\/\/www.eltrabajo.cl\/portal\/?p=59104"},"modified":"2015-06-17T09:54:16","modified_gmt":"2015-06-17T12:54:16","slug":"personal-alimentacion-del-psiquiatrico-protesta-por-condiciones-laborales","status":"publish","type":"post","link":"https:\/\/eltrabajo.cl\/portal\/personal-alimentacion-del-psiquiatrico-protesta-por-condiciones-laborales\/","title":{"rendered":"Personal Alimentaci\u00f3n del Psiqui\u00e1trico protesta por condiciones laborales"},"content":{"rendered":"<figure id=\"attachment_59105\" aria-describedby=\"caption-attachment-59105\" style=\"width: 300px\" class=\"wp-caption alignleft\"><a href=\"https:\/\/i0.wp.com\/www.eltrabajo.cl\/portal\/wp-content\/uploads\/2015\/06\/psiquiatrico-alimentacion-protesta.jpg\"><img data-recalc-dims=\"1\" loading=\"lazy\" decoding=\"async\" class=\"wp-image-59105 size-medium\" src=\"https:\/\/i0.wp.com\/www.eltrabajo.cl\/portal\/wp-content\/uploads\/2015\/06\/psiquiatrico-alimentacion-protesta-300x198.jpg?resize=300%2C198\" alt=\"Las obras abandonadas que desarrollaba la empresa Pixels ha pasado la cuenta a los funcionarios que se desempe\u00f1an en forma bastante inc\u00f3moda.\" width=\"300\" height=\"198\" srcset=\"https:\/\/i0.wp.com\/eltrabajo.cl\/portal\/wp-content\/uploads\/2015\/06\/psiquiatrico-alimentacion-protesta.jpg?resize=300%2C198&amp;ssl=1 300w, https:\/\/i0.wp.com\/eltrabajo.cl\/portal\/wp-content\/uploads\/2015\/06\/psiquiatrico-alimentacion-protesta.jpg?resize=200%2C132&amp;ssl=1 200w, https:\/\/i0.wp.com\/eltrabajo.cl\/portal\/wp-content\/uploads\/2015\/06\/psiquiatrico-alimentacion-protesta.jpg?resize=227%2C150&amp;ssl=1 227w, https:\/\/i0.wp.com\/eltrabajo.cl\/portal\/wp-content\/uploads\/2015\/06\/psiquiatrico-alimentacion-protesta.jpg?resize=400%2C264&amp;ssl=1 400w, https:\/\/i0.wp.com\/eltrabajo.cl\/portal\/wp-content\/uploads\/2015\/06\/psiquiatrico-alimentacion-protesta.jpg?w=530&amp;ssl=1 530w\" sizes=\"auto, (max-width: 300px) 100vw, 300px\" \/><\/a><figcaption id=\"caption-attachment-59105\" class=\"wp-caption-text\">Las obras abandonadas que desarrollaba la empresa Pixels ha pasado la cuenta a los funcionarios que se desempe\u00f1an en forma bastante inc\u00f3moda.<\/figcaption><\/figure>\n<p><strong>PUTAENDO.-<\/strong> Un grupo de funcionarios de la Central de Alimentaci\u00f3n del Hospital Psiqui\u00e1trico Dr. Philippe Pinel, decidi\u00f3 protestar al interior del recinto por las inc\u00f3modas condiciones en las que hoy deben cumplir su trabajo.<br \/>\nLos funcionarios, que fueron apoyados por la Fenats del establecimiento, aseguraron que si bien es cierto sab\u00edan que con la obra de reconstrucci\u00f3n hab\u00eda que acomodarse a las condiciones, y entendiendo que tras el fraude cometido por Pixels se hicieron compromisos para habilitar de mejor manera las cocinas al interior de algunas unidades del Philippe Pinel como medidas de mitigaci\u00f3n, que en algunos casos no se ha cumplido con las fechas de entrega, y sumado a las condiciones de estr\u00e9s que deben enfrentar a diario, decidieron movilizarse para exigir que lo antes posible se puedan poner en funcionamiento las dependencias que permitan un mejor desempe\u00f1o de sus funciones, pues reiteraron que actualmente las condiciones no son adecuadas.<br \/>\nLos funcionarios de la Central de Alimentaci\u00f3n exigieron una pronta y r\u00e1pida soluci\u00f3n, para lo cual mantuvieron reuniones durante todo el d\u00eda, entre las que se cont\u00f3 una reuni\u00f3n de trabajo con el equipo directivo del Hospital.<br \/>\nAl respecto, el Director del Psiqui\u00e1trico, Dr. Jaime Retamal, asegur\u00f3 que comprende y entiende el malestar de los funcionarios, pero sostuvo que lo ocurrido tras el t\u00e9rmino moment\u00e1neo de las obras de reconstrucci\u00f3n del recinto ha generado problemas e incomodidades a los distintos servicios del Hospital, e indic\u00f3 que durante esta semana quedar\u00e1n terminados y habilitados cinco reposteros o cocinas para que el personal pueda desempe\u00f1ar sus labores con normalidad. Junto con ello, el Dr. Retamal hizo un llamado a trabajar unidos y a retomar sus funciones en pos del beneficio de los usuarios del Hospital Philippe Pinel.<br \/>\n<strong>Patricio Gallardo M.<\/strong><\/p>\n","protected":false},"excerpt":{"rendered":"<p>PUTAENDO.- Un grupo de funcionarios de la Central de Alimentaci\u00f3n del Hospital Psiqui\u00e1trico Dr. Philippe Pinel, decidi\u00f3 protestar al interior del recinto por las inc\u00f3modas condiciones en las que hoy deben cumplir&#8230;<\/p>\n","protected":false},"author":482,"featured_media":59105,"comment_status":"open","ping_status":"open","sticky":false,"template":"","format":"standard","meta":{"advanced_seo_description":"","jetpack_seo_html_title":"","jetpack_seo_noindex":false,"_jetpack_memberships_contains_paid_content":false,"footnotes":""},"categories":[15],"tags":[],"class_list":["post-59104","post","type-post","status-publish","format-standard","has-post-thumbnail","hentry","category-comunidad"],"jetpack_featured_media_url":"https:\/\/i0.wp.com\/eltrabajo.cl\/portal\/wp-content\/uploads\/2015\/06\/psiquiatrico-alimentacion-protesta.jpg?fit=530%2C350&ssl=1","jetpack_sharing_enabled":true,"jetpack_likes_enabled":true,"jetpack-related-posts":[],"_links":{"self":[{"href":"https:\/\/eltrabajo.cl\/portal\/wp-json\/wp\/v2\/posts\/59104","targetHints":{"allow":["GET"]}}],"collection":[{"href":"https:\/\/eltrabajo.cl\/portal\/wp-json\/wp\/v2\/posts"}],"about":[{"href":"https:\/\/eltrabajo.cl\/portal\/wp-json\/wp\/v2\/types\/post"}],"author":[{"embeddable":true,"href":"https:\/\/eltrabajo.cl\/portal\/wp-json\/wp\/v2\/users\/482"}],"replies":[{"embeddable":true,"href":"https:\/\/eltrabajo.cl\/portal\/wp-json\/wp\/v2\/comments?post=59104"}],"version-history":[{"count":0,"href":"https:\/\/eltrabajo.cl\/portal\/wp-json\/wp\/v2\/posts\/59104\/revisions"}],"wp:featuredmedia":[{"embeddable":true,"href":"https:\/\/eltrabajo.cl\/portal\/wp-json\/wp\/v2\/media\/59105"}],"wp:attachment":[{"href":"https:\/\/eltrabajo.cl\/portal\/wp-json\/wp\/v2\/media?parent=59104"}],"wp:term":[{"taxonomy":"category","embeddable":true,"href":"https:\/\/eltrabajo.cl\/portal\/wp-json\/wp\/v2\/categories?post=59104"},{"taxonomy":"post_tag","embeddable":true,"href":"https:\/\/eltrabajo.cl\/portal\/wp-json\/wp\/v2\/tags?post=59104"}],"curies":[{"name":"wp","href":"https:\/\/api.w.org\/{rel}","templated":true}]}}