{"id":59120,"date":"2015-06-17T10:02:21","date_gmt":"2015-06-17T13:02:21","guid":{"rendered":"http:\/\/www.eltrabajo.cl\/portal\/?p=59120"},"modified":"2015-06-17T10:02:21","modified_gmt":"2015-06-17T13:02:21","slug":"la-princesa-dilshad-estara-en-almendral-para-ayudar-a-nino-con-autismo","status":"publish","type":"post","link":"https:\/\/eltrabajo.cl\/portal\/la-princesa-dilshad-estara-en-almendral-para-ayudar-a-nino-con-autismo\/","title":{"rendered":"\u2018La Princesa Dilshad\u2019 estar\u00e1 en Almendral para ayudar a ni\u00f1o con autismo"},"content":{"rendered":"<figure id=\"attachment_59121\" aria-describedby=\"caption-attachment-59121\" style=\"width: 300px\" class=\"wp-caption alignleft\"><a href=\"https:\/\/i0.wp.com\/www.eltrabajo.cl\/portal\/wp-content\/uploads\/2015\/06\/KCHUREOS1.jpg\"><img data-recalc-dims=\"1\" loading=\"lazy\" decoding=\"async\" class=\"wp-image-59121 size-medium\" src=\"https:\/\/i0.wp.com\/www.eltrabajo.cl\/portal\/wp-content\/uploads\/2015\/06\/KCHUREOS1-300x198.jpg?resize=300%2C198\" alt=\"SIN SUS M\u00c1SCARAS.- Estos electrizantes artistas son quienes dar\u00e1n vida a los personajes de Los K-cachureos de Conchal\u00ed el s\u00e1bado en la cancha de Almendral bajo.\" width=\"300\" height=\"198\" srcset=\"https:\/\/i0.wp.com\/eltrabajo.cl\/portal\/wp-content\/uploads\/2015\/06\/KCHUREOS1.jpg?resize=300%2C198&amp;ssl=1 300w, https:\/\/i0.wp.com\/eltrabajo.cl\/portal\/wp-content\/uploads\/2015\/06\/KCHUREOS1.jpg?resize=200%2C132&amp;ssl=1 200w, https:\/\/i0.wp.com\/eltrabajo.cl\/portal\/wp-content\/uploads\/2015\/06\/KCHUREOS1.jpg?resize=227%2C150&amp;ssl=1 227w, https:\/\/i0.wp.com\/eltrabajo.cl\/portal\/wp-content\/uploads\/2015\/06\/KCHUREOS1.jpg?resize=400%2C264&amp;ssl=1 400w, https:\/\/i0.wp.com\/eltrabajo.cl\/portal\/wp-content\/uploads\/2015\/06\/KCHUREOS1.jpg?w=530&amp;ssl=1 530w\" sizes=\"auto, (max-width: 300px) 100vw, 300px\" \/><\/a><figcaption id=\"caption-attachment-59121\" class=\"wp-caption-text\">SIN SUS M\u00c1SCARAS.- Estos electrizantes artistas son quienes dar\u00e1n vida a los personajes de Los K-cachureos de Conchal\u00ed el s\u00e1bado en la cancha de Almendral bajo.<\/figcaption><\/figure>\n<p>La joven Yipcia Ferrer, madre de Alex Collao, un ni\u00f1o de diez a\u00f1os que padece autismo, es mam\u00e1 soltera de dos hijos y actualmente depende de lo poco que gana en su fuente de soda, en su propia casa. Ella es vecina de Poblaci\u00f3n Santa Br\u00edgida y habl\u00f3 con Diario El Trabajo para solicitar apoyo de nuestros lectores, a fin de invitarlos a disfrutar de un festival art\u00edstico a beneficio de su hijo Maximiliano Collao quien, como ya dijimos, sufre de autismo y necesita mucho dinero todos los meses para poder acceder a complementos nutritivos que le ayuden a no descompensarse emocionalmente.<br \/>\n\u00abYa hace unas semanas solicit\u00e9 el apoyo solidario de los sanfelipe\u00f1os, sin embargo el evento se suspendi\u00f3 en esa ocasi\u00f3n por mal clima, ahora s\u00ed lo haremos este s\u00e1bado en la cancha de Almendral, si el clima no fuera el \u00f3ptimo, siempre lo har\u00edamos en un galp\u00f3n o gimnasio de El Tambo\u00bb, dijo a Diario El Trabajo la joven Yipcia.<\/p>\n<figure id=\"attachment_59122\" aria-describedby=\"caption-attachment-59122\" style=\"width: 300px\" class=\"wp-caption alignright\"><a href=\"https:\/\/i0.wp.com\/www.eltrabajo.cl\/portal\/wp-content\/uploads\/2015\/06\/PRINCESA-DILSHAD-ISABEL.jpg\"><img data-recalc-dims=\"1\" loading=\"lazy\" decoding=\"async\" class=\"wp-image-59122 size-medium\" src=\"https:\/\/i0.wp.com\/www.eltrabajo.cl\/portal\/wp-content\/uploads\/2015\/06\/PRINCESA-DILSHAD-ISABEL-300x198.jpg?resize=300%2C198\" alt=\"IMPRESIONANTE.- La despampanante Princesa Dilshad Isabel, bella por todos los \u00e1ngulos de los que se le mire, estar\u00e1 tambi\u00e9n el s\u00e1bado en Almendral bajo.\" width=\"300\" height=\"198\" srcset=\"https:\/\/i0.wp.com\/eltrabajo.cl\/portal\/wp-content\/uploads\/2015\/06\/PRINCESA-DILSHAD-ISABEL.jpg?resize=300%2C198&amp;ssl=1 300w, https:\/\/i0.wp.com\/eltrabajo.cl\/portal\/wp-content\/uploads\/2015\/06\/PRINCESA-DILSHAD-ISABEL.jpg?resize=200%2C132&amp;ssl=1 200w, https:\/\/i0.wp.com\/eltrabajo.cl\/portal\/wp-content\/uploads\/2015\/06\/PRINCESA-DILSHAD-ISABEL.jpg?resize=228%2C150&amp;ssl=1 228w, https:\/\/i0.wp.com\/eltrabajo.cl\/portal\/wp-content\/uploads\/2015\/06\/PRINCESA-DILSHAD-ISABEL.jpg?resize=400%2C263&amp;ssl=1 400w, https:\/\/i0.wp.com\/eltrabajo.cl\/portal\/wp-content\/uploads\/2015\/06\/PRINCESA-DILSHAD-ISABEL.jpg?w=530&amp;ssl=1 530w\" sizes=\"auto, (max-width: 300px) 100vw, 300px\" \/><\/a><figcaption id=\"caption-attachment-59122\" class=\"wp-caption-text\">IMPRESIONANTE.- La despampanante Princesa Dilshad Isabel, bella por todos los \u00e1ngulos de los que se le mire, estar\u00e1 tambi\u00e9n el s\u00e1bado en Almendral bajo.<\/figcaption><\/figure>\n<p>Nuestros lectores deben recordar que \u00ab\u2018Alexito\u2019 naci\u00f3 y ven\u00eda creciendo con normalidad, fue al cumplir el primer a\u00f1o, cuando le pusieron la vacuna tr\u00edvirica con mercurio, que se enferm\u00f3 y le fue declarado el autismo, por supuesto que nadie se hace responsable de esto\u00bb, explic\u00f3 Yipcia a nuestro medio.<\/p>\n<p><strong>GRAN CONCIERTO<\/strong><br \/>\nSeg\u00fan esta joven madre, \u00abson entre $600.000 y $700.000 los que tengo que pagar al mes, pues son muchos los nutrientes y complementos para mi ni\u00f1o. Espero que me puedan apoyar asistiendo a esta jornada art\u00edstica que desarrollaremos en la plaza de Almendral bajo, el pr\u00f3ximo s\u00e1bado desde las 13:00 horas\u00bb, agreg\u00f3 la mam\u00e1 de Maximiliano.<\/p>\n<p><strong>JUEGOS INFANTILES<\/strong><br \/>\nSeg\u00fan este promotor art\u00edstico, tambi\u00e9n se contar\u00e1 con la participaci\u00f3n de los dobles de Marco Antonio Sol\u00eds, Ricardo Arjona, Marc Antoni, Grupo Rey, Elvis Presley y Vicente Fern\u00e1ndez entre otros. Pero no solamente habr\u00e1 artistas de la m\u00fasica, tambi\u00e9n tendremos pinta-caritas; huegos inflables; el Payaso Baloon con T\u00eda Carita y Los Reyes de la noche. La entrada cuesta $1.000 para ni\u00f1os y $3.000 para adultos.<br \/>\n<strong>Roberto Gonz\u00e1lez Short<\/strong><br \/>\nrgonzalez@eltrabajo.cl<\/p>\n<p>&nbsp;<\/p>\n","protected":false},"excerpt":{"rendered":"<p>La joven Yipcia Ferrer, madre de Alex Collao, un ni\u00f1o de diez a\u00f1os que padece autismo, es mam\u00e1 soltera de dos hijos y actualmente depende de lo poco que gana en su&#8230;<\/p>\n","protected":false},"author":482,"featured_media":59121,"comment_status":"open","ping_status":"open","sticky":false,"template":"","format":"standard","meta":{"advanced_seo_description":"","jetpack_seo_html_title":"","jetpack_seo_noindex":false,"_jetpack_memberships_contains_paid_content":false,"footnotes":""},"categories":[15],"tags":[],"class_list":["post-59120","post","type-post","status-publish","format-standard","has-post-thumbnail","hentry","category-comunidad"],"jetpack_featured_media_url":"https:\/\/i0.wp.com\/eltrabajo.cl\/portal\/wp-content\/uploads\/2015\/06\/KCHUREOS1.jpg?fit=530%2C350&ssl=1","jetpack_sharing_enabled":true,"jetpack_likes_enabled":true,"jetpack-related-posts":[],"_links":{"self":[{"href":"https:\/\/eltrabajo.cl\/portal\/wp-json\/wp\/v2\/posts\/59120","targetHints":{"allow":["GET"]}}],"collection":[{"href":"https:\/\/eltrabajo.cl\/portal\/wp-json\/wp\/v2\/posts"}],"about":[{"href":"https:\/\/eltrabajo.cl\/portal\/wp-json\/wp\/v2\/types\/post"}],"author":[{"embeddable":true,"href":"https:\/\/eltrabajo.cl\/portal\/wp-json\/wp\/v2\/users\/482"}],"replies":[{"embeddable":true,"href":"https:\/\/eltrabajo.cl\/portal\/wp-json\/wp\/v2\/comments?post=59120"}],"version-history":[{"count":0,"href":"https:\/\/eltrabajo.cl\/portal\/wp-json\/wp\/v2\/posts\/59120\/revisions"}],"wp:featuredmedia":[{"embeddable":true,"href":"https:\/\/eltrabajo.cl\/portal\/wp-json\/wp\/v2\/media\/59121"}],"wp:attachment":[{"href":"https:\/\/eltrabajo.cl\/portal\/wp-json\/wp\/v2\/media?parent=59120"}],"wp:term":[{"taxonomy":"category","embeddable":true,"href":"https:\/\/eltrabajo.cl\/portal\/wp-json\/wp\/v2\/categories?post=59120"},{"taxonomy":"post_tag","embeddable":true,"href":"https:\/\/eltrabajo.cl\/portal\/wp-json\/wp\/v2\/tags?post=59120"}],"curies":[{"name":"wp","href":"https:\/\/api.w.org\/{rel}","templated":true}]}}