{"id":59124,"date":"2015-06-17T10:04:18","date_gmt":"2015-06-17T13:04:18","guid":{"rendered":"http:\/\/www.eltrabajo.cl\/portal\/?p=59124"},"modified":"2015-06-17T10:04:18","modified_gmt":"2015-06-17T13:04:18","slug":"piden-anular-juicio-contra-indigente-condenado-a-5-anos-por-abuso-sexual","status":"publish","type":"post","link":"https:\/\/eltrabajo.cl\/portal\/piden-anular-juicio-contra-indigente-condenado-a-5-anos-por-abuso-sexual\/","title":{"rendered":"Piden anular juicio contra indigente condenado a 5 a\u00f1os por abuso sexual"},"content":{"rendered":"<figure id=\"attachment_59125\" aria-describedby=\"caption-attachment-59125\" style=\"width: 300px\" class=\"wp-caption alignleft\"><a href=\"https:\/\/i0.wp.com\/www.eltrabajo.cl\/portal\/wp-content\/uploads\/2015\/06\/Condenado-abusador2.jpg\"><img data-recalc-dims=\"1\" loading=\"lazy\" decoding=\"async\" class=\"wp-image-59125 size-medium\" src=\"https:\/\/i0.wp.com\/www.eltrabajo.cl\/portal\/wp-content\/uploads\/2015\/06\/Condenado-abusador2-300x199.jpg?resize=300%2C199\" alt=\"La Corte Suprema deber\u00e1 resolver si acoge o desestima el recurso presentado por la Defensor\u00eda Penal P\u00fablica de San Felipe, que persigue anular el juicio en contra de un indigente condenado a 5 a\u00f1os de c\u00e1rcel por abusar sexualmente de una menor de 16 a\u00f1os.\" width=\"300\" height=\"199\" srcset=\"https:\/\/i0.wp.com\/eltrabajo.cl\/portal\/wp-content\/uploads\/2015\/06\/Condenado-abusador2.jpg?resize=300%2C199&amp;ssl=1 300w, https:\/\/i0.wp.com\/eltrabajo.cl\/portal\/wp-content\/uploads\/2015\/06\/Condenado-abusador2.jpg?resize=200%2C133&amp;ssl=1 200w, https:\/\/i0.wp.com\/eltrabajo.cl\/portal\/wp-content\/uploads\/2015\/06\/Condenado-abusador2.jpg?resize=226%2C150&amp;ssl=1 226w, https:\/\/i0.wp.com\/eltrabajo.cl\/portal\/wp-content\/uploads\/2015\/06\/Condenado-abusador2.jpg?resize=400%2C265&amp;ssl=1 400w, https:\/\/i0.wp.com\/eltrabajo.cl\/portal\/wp-content\/uploads\/2015\/06\/Condenado-abusador2.jpg?w=528&amp;ssl=1 528w\" sizes=\"auto, (max-width: 300px) 100vw, 300px\" \/><\/a><figcaption id=\"caption-attachment-59125\" class=\"wp-caption-text\">La Corte Suprema deber\u00e1 resolver si acoge o desestima el recurso presentado por la Defensor\u00eda Penal P\u00fablica de San Felipe, que persigue anular el juicio en contra de un indigente condenado a 5 a\u00f1os de c\u00e1rcel por abusar sexualmente de una menor de 16 a\u00f1os.<\/figcaption><\/figure>\n<ul>\n<li><strong>Defensor\u00eda Penal P\u00fablica elev\u00f3 escrito ante la Corte Suprema para anular juicio contra su representado, condenado por abuso sexual a una escolar de 16 a\u00f1os. En su opini\u00f3n, existieron vicios que atentaron contra el debido proceso y las garant\u00edas del imputado, detallando que la Fiscal\u00eda incorpor\u00f3 un peritaje psicol\u00f3gico fuera de plazo<\/strong>.<\/li>\n<\/ul>\n<p>Un recurso que persigue anular el juicio en contra de Antonio Fernandini Rojas, condenado a la pena de cinco a\u00f1os por abuso sexual de una escolar, fue presentado por su abogado defensor a la Corte Suprema, esgrimiendo como argumento una supuesta infracci\u00f3n al debido proceso durante la preparaci\u00f3n de este juicio.<br \/>\nDe acoger el recurso, la Corte obligar\u00eda a anular la sentencia del Tribunal Oral en Lo Penal de San Felipe, ordenando la realizaci\u00f3n de un nuevo juicio.<br \/>\nEl abogado defensor Jos\u00e9 Luis Correa Parra, explic\u00f3 a Diario El Trabajo que se cometieron algunas infracciones previas durante la preparaci\u00f3n del juicio, persiguiendo mediante este recurso elevado el d\u00eda de ayer martes, que se respete el debido proceso para su defendido, detallando que la Fiscal\u00eda incorpor\u00f3 un peritaje psicol\u00f3gico de la v\u00edctima fuera de plazo.<br \/>\n\u201cVa a la Corte Suprema porque a juicio nuestro se cometieron algunas infracciones a la garant\u00eda del imputado durante el procedimiento, no en el juicio, puntualmente en la preparaci\u00f3n del juicio oral, donde se incorpora como prueba de la Fiscal\u00eda un peritaje que lleg\u00f3 a su carpeta despu\u00e9s de cerrada la investigaci\u00f3n. Nosotros alegamos que ese documento no pod\u00eda incluirse porque se recibi\u00f3 fuera de plazo, no obstante eso el Tribunal permiti\u00f3 incluir ese peritaje en la prueba de la Fiscal\u00eda y ese peritaje fue recogido por el Tribunal Oral para fundamentar la condena respecto de mi representado\u201d, argument\u00f3 el abogado defensor.<br \/>\nCorrea precis\u00f3 que la Corte deber\u00e1 pronunciarse dentro de las pr\u00f3ximas semanas, y en el caso que considere esta infracci\u00f3n deber\u00eda ordenar la realizaci\u00f3n de un nuevo juicio en contra del acusado, debiendo el tribunal estar integrado por una nueva terna de jueces.<br \/>\n\u201cEstamos pidiendo que se anule el juicio y volvamos a la etapa de preparaci\u00f3n de juicio oral para enmendar esta infracci\u00f3n al debido proceso que ha ocurrido a nuestro criterio. Que se desarrolle nuevamente excluyendo el peritaje psicol\u00f3gico de credibilidad a la v\u00edctima que nosotros cuestionamos, porque el vicio se produjo en la audiencia de preparaci\u00f3n de juicio oral, y seguir el procedimiento de acuerdo a las normas, independiente de los resultados que puedan resolverse tras un segundo juicio\u201d, subray\u00f3.<\/p>\n<p><strong>IMPACTANTE CASO<\/strong><br \/>\nComo se recordar\u00e1, Antonio Fernandini Rojas fue condenado a cinco a\u00f1os de c\u00e1rcel la semana pasada, tras ser acusado de haber abusado de una escolar de 16 a\u00f1os, a quien habr\u00eda intimidado con un fierro el d\u00eda 3 de octubre de 2014 en la comuna de San Felipe.<br \/>\nSeg\u00fan los argumentos de la Fiscal\u00eda, la adolescente se encontraba en las afueras del Liceo Corina Urbina de San Felipe, a la espera de reunirse con su madre. Sorpresivamente fue abordada por Fernandini Rojas, un tipo desconocido para la v\u00edctima, el que comenz\u00f3 a acosarla con insinuaciones sexuales. Al cabo de unos segundos, mientras la menor pretend\u00eda esquivar al sujeto, \u00e9ste la intimid\u00f3 con un fierro y la oblig\u00f3 a desplazarse junto a \u00e9l hasta un pasaje cercano a la calle Los Paltos de San Felipe, en donde procedi\u00f3 a abusar de ella, siendo advertido por su madre y otros testigos que denunciaron los hechos a Carabineros que finalmente lograron detenerlo.<br \/>\nLa sentencia a\u00fan no se encuentra ejecutoriada, a la espera que la Corte Suprema acoja o desestime el recurso presentado por la Defensor\u00eda Penal P\u00fablica de San Felipe.<br \/>\n<strong>Pablo Salinas Sald\u00edas<\/strong><\/p>\n","protected":false},"excerpt":{"rendered":"<p>Defensor\u00eda Penal P\u00fablica elev\u00f3 escrito ante la Corte Suprema para anular juicio contra su representado, condenado por abuso sexual a una escolar de 16 a\u00f1os. En su opini\u00f3n, existieron vicios que atentaron&#8230;<\/p>\n","protected":false},"author":482,"featured_media":59125,"comment_status":"open","ping_status":"open","sticky":false,"template":"","format":"standard","meta":{"advanced_seo_description":"","jetpack_seo_html_title":"","jetpack_seo_noindex":false,"_jetpack_memberships_contains_paid_content":false,"footnotes":""},"categories":[21],"tags":[],"class_list":["post-59124","post","type-post","status-publish","format-standard","has-post-thumbnail","hentry","category-policial"],"jetpack_featured_media_url":"https:\/\/i0.wp.com\/eltrabajo.cl\/portal\/wp-content\/uploads\/2015\/06\/Condenado-abusador2.jpg?fit=528%2C350&ssl=1","jetpack_sharing_enabled":true,"jetpack_likes_enabled":true,"jetpack-related-posts":[],"_links":{"self":[{"href":"https:\/\/eltrabajo.cl\/portal\/wp-json\/wp\/v2\/posts\/59124","targetHints":{"allow":["GET"]}}],"collection":[{"href":"https:\/\/eltrabajo.cl\/portal\/wp-json\/wp\/v2\/posts"}],"about":[{"href":"https:\/\/eltrabajo.cl\/portal\/wp-json\/wp\/v2\/types\/post"}],"author":[{"embeddable":true,"href":"https:\/\/eltrabajo.cl\/portal\/wp-json\/wp\/v2\/users\/482"}],"replies":[{"embeddable":true,"href":"https:\/\/eltrabajo.cl\/portal\/wp-json\/wp\/v2\/comments?post=59124"}],"version-history":[{"count":0,"href":"https:\/\/eltrabajo.cl\/portal\/wp-json\/wp\/v2\/posts\/59124\/revisions"}],"wp:featuredmedia":[{"embeddable":true,"href":"https:\/\/eltrabajo.cl\/portal\/wp-json\/wp\/v2\/media\/59125"}],"wp:attachment":[{"href":"https:\/\/eltrabajo.cl\/portal\/wp-json\/wp\/v2\/media?parent=59124"}],"wp:term":[{"taxonomy":"category","embeddable":true,"href":"https:\/\/eltrabajo.cl\/portal\/wp-json\/wp\/v2\/categories?post=59124"},{"taxonomy":"post_tag","embeddable":true,"href":"https:\/\/eltrabajo.cl\/portal\/wp-json\/wp\/v2\/tags?post=59124"}],"curies":[{"name":"wp","href":"https:\/\/api.w.org\/{rel}","templated":true}]}}