{"id":59130,"date":"2015-06-18T09:31:17","date_gmt":"2015-06-18T12:31:17","guid":{"rendered":"http:\/\/www.eltrabajo.cl\/portal\/?p=59130"},"modified":"2015-06-18T09:31:17","modified_gmt":"2015-06-18T12:31:17","slug":"presentan-en-los-andes-exposicion-interactiva-par-explora-de-valparaiso","status":"publish","type":"post","link":"https:\/\/eltrabajo.cl\/portal\/presentan-en-los-andes-exposicion-interactiva-par-explora-de-valparaiso\/","title":{"rendered":"Presentan en Los Andes exposici\u00f3n interactiva Par Explora de Valpara\u00edso"},"content":{"rendered":"<figure id=\"attachment_59131\" aria-describedby=\"caption-attachment-59131\" style=\"width: 300px\" class=\"wp-caption alignleft\"><a href=\"https:\/\/i0.wp.com\/www.eltrabajo.cl\/portal\/wp-content\/uploads\/2015\/06\/Par-explora.jpg\"><img data-recalc-dims=\"1\" loading=\"lazy\" decoding=\"async\" class=\"wp-image-59131 size-medium\" src=\"https:\/\/i0.wp.com\/www.eltrabajo.cl\/portal\/wp-content\/uploads\/2015\/06\/Par-explora-300x198.jpg?resize=300%2C198\" alt=\"La exposici\u00f3n estar\u00e1 disponible desde el viernes 26 en la Biblioteca P\u00fablica Hermano Emeterio Jos\u00e9, ubicada en Independencia 594, Los Andes, de lunes a viernes de 9:30 a 18:00 horas. \" width=\"300\" height=\"198\" srcset=\"https:\/\/i0.wp.com\/eltrabajo.cl\/portal\/wp-content\/uploads\/2015\/06\/Par-explora.jpg?resize=300%2C198&amp;ssl=1 300w, https:\/\/i0.wp.com\/eltrabajo.cl\/portal\/wp-content\/uploads\/2015\/06\/Par-explora.jpg?resize=200%2C132&amp;ssl=1 200w, https:\/\/i0.wp.com\/eltrabajo.cl\/portal\/wp-content\/uploads\/2015\/06\/Par-explora.jpg?resize=228%2C150&amp;ssl=1 228w, https:\/\/i0.wp.com\/eltrabajo.cl\/portal\/wp-content\/uploads\/2015\/06\/Par-explora.jpg?resize=400%2C263&amp;ssl=1 400w, https:\/\/i0.wp.com\/eltrabajo.cl\/portal\/wp-content\/uploads\/2015\/06\/Par-explora.jpg?w=530&amp;ssl=1 530w\" sizes=\"auto, (max-width: 300px) 100vw, 300px\" \/><\/a><figcaption id=\"caption-attachment-59131\" class=\"wp-caption-text\">La exposici\u00f3n estar\u00e1 disponible desde el viernes 26 en la Biblioteca P\u00fablica Hermano Emeterio Jos\u00e9, ubicada en Independencia 594, Los Andes, de lunes a viernes de 9:30 a 18:00 horas.<\/figcaption><\/figure>\n<p>Los m\u00e1s peque\u00f1os del Valle de Aconcagua podr\u00e1n aprender de su cuerpo jugando durante junio con la exposici\u00f3n interactiva \u2018Explorando tus sentidos\u2019; la cual, en 7 m\u00f3dulos interactivos, invita a los peque\u00f1os curiosos de K\u00ednder a cuarto a\u00f1o de Educaci\u00f3n B\u00e1sica a una experiencia participativa que busca permitirles conocer y valorar las principales formas en que su cuerpo percibe el mundo.<br \/>\nLa exhibici\u00f3n est\u00e1 conformada por experiencias l\u00fadicas inspiradas en los cinco sentidos: c\u00e1mara oscura, loter\u00eda de aromas, dilatador de pupilas, cilindros oscuros, loter\u00eda de sonidos, relaci\u00f3n tono-frecuencia y experiencias de degustaci\u00f3n, las cuales apuntan a reforzar lo aprendido en el aula mediante una experiencia interactiva. El recorrido se complementa a trav\u00e9s de paneles informativos y el apoyo de gu\u00edas capacitadas, donde los ni\u00f1os y ni\u00f1as podr\u00e1n disfrutar conociendo un poco m\u00e1s de la vista, el tacto, el gusto, la audici\u00f3n y el olfato.<br \/>\nEsta exposici\u00f3n se encuentra disponible para ser visitada hasta el viernes 26 de junio en la Biblioteca P\u00fablica Hermano Emeterio Jos\u00e9, ubicada en Independencia 594, Los Andes. Atiende en horario continuado de lunes a viernes 9:30 a 18:00. Para concertar una visita es necesario comunicarse con el Departamento de Educaci\u00f3n Municipal de la comuna, al tel\u00e9fono (34) 2403480.<br \/>\n\u2018Explorando tus sentidos\u2019 forma parte un cat\u00e1logo variado de contenidos que el Proyecto Asociativo Regional, Par Explora Valpara\u00edso pone a disposici\u00f3n de la regi\u00f3n para contribuir a la apropiaci\u00f3n y valoraci\u00f3n del conocimiento cient\u00edfico. Su itinerancia por el territorio se debe al trabajo conjunto entre el Par y la Red Territorial de Coordinadores Comunales e Institucional, que re\u00fane a colaboradores de todas las comunas de la regi\u00f3n.<\/p>\n","protected":false},"excerpt":{"rendered":"<p>Los m\u00e1s peque\u00f1os del Valle de Aconcagua podr\u00e1n aprender de su cuerpo jugando durante junio con la exposici\u00f3n interactiva \u2018Explorando tus sentidos\u2019; la cual, en 7 m\u00f3dulos interactivos, invita a los peque\u00f1os&#8230;<\/p>\n","protected":false},"author":482,"featured_media":59131,"comment_status":"open","ping_status":"open","sticky":false,"template":"","format":"standard","meta":{"advanced_seo_description":"","jetpack_seo_html_title":"","jetpack_seo_noindex":false,"_jetpack_memberships_contains_paid_content":false,"footnotes":""},"categories":[15],"tags":[],"class_list":["post-59130","post","type-post","status-publish","format-standard","has-post-thumbnail","hentry","category-comunidad"],"jetpack_featured_media_url":"https:\/\/i0.wp.com\/eltrabajo.cl\/portal\/wp-content\/uploads\/2015\/06\/Par-explora.jpg?fit=530%2C349&ssl=1","jetpack_sharing_enabled":true,"jetpack_likes_enabled":true,"jetpack-related-posts":[],"_links":{"self":[{"href":"https:\/\/eltrabajo.cl\/portal\/wp-json\/wp\/v2\/posts\/59130","targetHints":{"allow":["GET"]}}],"collection":[{"href":"https:\/\/eltrabajo.cl\/portal\/wp-json\/wp\/v2\/posts"}],"about":[{"href":"https:\/\/eltrabajo.cl\/portal\/wp-json\/wp\/v2\/types\/post"}],"author":[{"embeddable":true,"href":"https:\/\/eltrabajo.cl\/portal\/wp-json\/wp\/v2\/users\/482"}],"replies":[{"embeddable":true,"href":"https:\/\/eltrabajo.cl\/portal\/wp-json\/wp\/v2\/comments?post=59130"}],"version-history":[{"count":0,"href":"https:\/\/eltrabajo.cl\/portal\/wp-json\/wp\/v2\/posts\/59130\/revisions"}],"wp:featuredmedia":[{"embeddable":true,"href":"https:\/\/eltrabajo.cl\/portal\/wp-json\/wp\/v2\/media\/59131"}],"wp:attachment":[{"href":"https:\/\/eltrabajo.cl\/portal\/wp-json\/wp\/v2\/media?parent=59130"}],"wp:term":[{"taxonomy":"category","embeddable":true,"href":"https:\/\/eltrabajo.cl\/portal\/wp-json\/wp\/v2\/categories?post=59130"},{"taxonomy":"post_tag","embeddable":true,"href":"https:\/\/eltrabajo.cl\/portal\/wp-json\/wp\/v2\/tags?post=59130"}],"curies":[{"name":"wp","href":"https:\/\/api.w.org\/{rel}","templated":true}]}}