{"id":59133,"date":"2015-06-18T09:33:13","date_gmt":"2015-06-18T12:33:13","guid":{"rendered":"http:\/\/www.eltrabajo.cl\/portal\/?p=59133"},"modified":"2015-06-18T09:33:13","modified_gmt":"2015-06-18T12:33:13","slug":"invitan-a-la-comunidad-a-jornada-sobre-proyecto-de-normalizacion-de-hospital-psiquiatrico","status":"publish","type":"post","link":"https:\/\/eltrabajo.cl\/portal\/invitan-a-la-comunidad-a-jornada-sobre-proyecto-de-normalizacion-de-hospital-psiquiatrico\/","title":{"rendered":"Invitan a la comunidad a jornada sobre Proyecto de Normalizaci\u00f3n de Hospital Psiqui\u00e1trico\u00a0"},"content":{"rendered":"<figure id=\"attachment_59134\" aria-describedby=\"caption-attachment-59134\" style=\"width: 300px\" class=\"wp-caption alignleft\"><a href=\"https:\/\/i0.wp.com\/www.eltrabajo.cl\/portal\/wp-content\/uploads\/2015\/06\/Imagen2.jpg\"><img data-recalc-dims=\"1\" loading=\"lazy\" decoding=\"async\" class=\"wp-image-59134 size-medium\" src=\"https:\/\/i0.wp.com\/www.eltrabajo.cl\/portal\/wp-content\/uploads\/2015\/06\/Imagen2-300x199.jpg?resize=300%2C199\" alt=\"La jornada, que se desarrollar\u00e1 el jueves a las 16:00 horas, busca sociabilizar en la comunidad informaci\u00f3n sobre la continuidad del proyecto de normalizaci\u00f3n que se lleva en el establecimiento, cuyo imponente edificio se aprecia en la imagen.\" width=\"300\" height=\"199\" srcset=\"https:\/\/i0.wp.com\/eltrabajo.cl\/portal\/wp-content\/uploads\/2015\/06\/Imagen2.jpg?resize=300%2C199&amp;ssl=1 300w, https:\/\/i0.wp.com\/eltrabajo.cl\/portal\/wp-content\/uploads\/2015\/06\/Imagen2.jpg?resize=200%2C133&amp;ssl=1 200w, https:\/\/i0.wp.com\/eltrabajo.cl\/portal\/wp-content\/uploads\/2015\/06\/Imagen2.jpg?resize=226%2C150&amp;ssl=1 226w, https:\/\/i0.wp.com\/eltrabajo.cl\/portal\/wp-content\/uploads\/2015\/06\/Imagen2.jpg?resize=400%2C266&amp;ssl=1 400w, https:\/\/i0.wp.com\/eltrabajo.cl\/portal\/wp-content\/uploads\/2015\/06\/Imagen2.jpg?w=527&amp;ssl=1 527w\" sizes=\"auto, (max-width: 300px) 100vw, 300px\" \/><\/a><figcaption id=\"caption-attachment-59134\" class=\"wp-caption-text\">La jornada, que se desarrollar\u00e1 el jueves a las 16:00 horas, busca sociabilizar en la comunidad informaci\u00f3n sobre la continuidad del proyecto de normalizaci\u00f3n que se lleva en el establecimiento, cuyo imponente edificio se aprecia en la imagen.<\/figcaption><\/figure>\n<ul>\n<li><strong>Direcci\u00f3n del Servicio de Salud Aconcagua y del Hospital Psiqui\u00e1trico Dr. Philippe Pinel invitan a la comunidad este jueves a informarse sobre la continuidad de este importante proyecto.<\/strong><\/li>\n<\/ul>\n<p><strong>PUTAENDO.<\/strong>&#8211; Con la finalidad de entregar un mensaje e informaci\u00f3n clara respecto a la continuidad del Proyecto de Normalizaci\u00f3n del Hospital Psiqui\u00e1trico Dr. Philippe Pinel, la Direcci\u00f3n del Servicio de Salud Aconcagua y la Direcci\u00f3n de la instituci\u00f3n de salud mental invitan a la comunidad a una jornada de socializaci\u00f3n que se realizar\u00e1 este jueves 18 de junio.<br \/>\nDicha actividad se desarrollar\u00e1 a las 16:00 horas en el Centro Comunitario de Putaendo, ubicado frente al Estadio Municipal, y est\u00e1 dirigido a toda la comunidad de Putaendo.<br \/>\nSeg\u00fan explic\u00f3 el Dr. Jaime Retamal Garrido, Director del Hospital Psiqui\u00e1trico Dr. Philippe Pinel de Putaendo, el objetivo de esta jornada es integrar a la comunidad ante un proceso tan importante como el Proyecto de Normalizaci\u00f3n del Hospital, e indic\u00f3 que para la instituci\u00f3n es sumamente relevante que la comunidad est\u00e9 informada.<br \/>\nPrimeramente, a eso de las 10:00 horas del mismo d\u00eda jueves, la Directora del Servicio de Salud Aconcagua junto a integrantes de la Comisi\u00f3n de Reconstrucci\u00f3n realizar\u00e1n una jornada informativa con todos los funcionarios del Hospital Psiqui\u00e1trico Dr. Philippe Pinel, para dar a conocer la continuidad y los lineamientos del Proyecto de Normalizaci\u00f3n.<\/p>\n","protected":false},"excerpt":{"rendered":"<p>Direcci\u00f3n del Servicio de Salud Aconcagua y del Hospital Psiqui\u00e1trico Dr. Philippe Pinel invitan a la comunidad este jueves a informarse sobre la continuidad de este importante proyecto. PUTAENDO.&#8211; Con la finalidad&#8230;<\/p>\n","protected":false},"author":482,"featured_media":59134,"comment_status":"open","ping_status":"open","sticky":false,"template":"","format":"standard","meta":{"advanced_seo_description":"","jetpack_seo_html_title":"","jetpack_seo_noindex":false,"_jetpack_memberships_contains_paid_content":false,"footnotes":""},"categories":[15],"tags":[],"class_list":["post-59133","post","type-post","status-publish","format-standard","has-post-thumbnail","hentry","category-comunidad"],"jetpack_featured_media_url":"https:\/\/i0.wp.com\/eltrabajo.cl\/portal\/wp-content\/uploads\/2015\/06\/Imagen2.jpg?fit=527%2C350&ssl=1","jetpack_sharing_enabled":true,"jetpack_likes_enabled":true,"jetpack-related-posts":[],"_links":{"self":[{"href":"https:\/\/eltrabajo.cl\/portal\/wp-json\/wp\/v2\/posts\/59133","targetHints":{"allow":["GET"]}}],"collection":[{"href":"https:\/\/eltrabajo.cl\/portal\/wp-json\/wp\/v2\/posts"}],"about":[{"href":"https:\/\/eltrabajo.cl\/portal\/wp-json\/wp\/v2\/types\/post"}],"author":[{"embeddable":true,"href":"https:\/\/eltrabajo.cl\/portal\/wp-json\/wp\/v2\/users\/482"}],"replies":[{"embeddable":true,"href":"https:\/\/eltrabajo.cl\/portal\/wp-json\/wp\/v2\/comments?post=59133"}],"version-history":[{"count":0,"href":"https:\/\/eltrabajo.cl\/portal\/wp-json\/wp\/v2\/posts\/59133\/revisions"}],"wp:featuredmedia":[{"embeddable":true,"href":"https:\/\/eltrabajo.cl\/portal\/wp-json\/wp\/v2\/media\/59134"}],"wp:attachment":[{"href":"https:\/\/eltrabajo.cl\/portal\/wp-json\/wp\/v2\/media?parent=59133"}],"wp:term":[{"taxonomy":"category","embeddable":true,"href":"https:\/\/eltrabajo.cl\/portal\/wp-json\/wp\/v2\/categories?post=59133"},{"taxonomy":"post_tag","embeddable":true,"href":"https:\/\/eltrabajo.cl\/portal\/wp-json\/wp\/v2\/tags?post=59133"}],"curies":[{"name":"wp","href":"https:\/\/api.w.org\/{rel}","templated":true}]}}