{"id":59136,"date":"2015-06-18T09:34:28","date_gmt":"2015-06-18T12:34:28","guid":{"rendered":"http:\/\/www.eltrabajo.cl\/portal\/?p=59136"},"modified":"2015-06-18T09:34:28","modified_gmt":"2015-06-18T12:34:28","slug":"despues-de-anos-al-fin-invierten-en-mejorar-plaza-de-curimon","status":"publish","type":"post","link":"https:\/\/eltrabajo.cl\/portal\/despues-de-anos-al-fin-invierten-en-mejorar-plaza-de-curimon\/","title":{"rendered":"Despu\u00e9s de a\u00f1os al fin invierten en mejorar plaza de Curim\u00f3n"},"content":{"rendered":"<figure id=\"attachment_59137\" aria-describedby=\"caption-attachment-59137\" style=\"width: 300px\" class=\"wp-caption alignleft\"><a href=\"https:\/\/i0.wp.com\/www.eltrabajo.cl\/portal\/wp-content\/uploads\/2015\/06\/trabajos-mejoramiento.jpg\"><img data-recalc-dims=\"1\" loading=\"lazy\" decoding=\"async\" class=\"wp-image-59137 size-medium\" src=\"https:\/\/i0.wp.com\/www.eltrabajo.cl\/portal\/wp-content\/uploads\/2015\/06\/trabajos-mejoramiento-300x197.jpg?resize=300%2C197\" alt=\"El proyecto considera el recambio del pavimento, de esca\u00f1os y el mejoramiento de las \u00e1reas verdes del sector mediante la instalaci\u00f3n de un sistema de riego tecnificado.\" width=\"300\" height=\"197\" srcset=\"https:\/\/i0.wp.com\/eltrabajo.cl\/portal\/wp-content\/uploads\/2015\/06\/trabajos-mejoramiento.jpg?resize=300%2C197&amp;ssl=1 300w, https:\/\/i0.wp.com\/eltrabajo.cl\/portal\/wp-content\/uploads\/2015\/06\/trabajos-mejoramiento.jpg?resize=200%2C131&amp;ssl=1 200w, https:\/\/i0.wp.com\/eltrabajo.cl\/portal\/wp-content\/uploads\/2015\/06\/trabajos-mejoramiento.jpg?resize=228%2C150&amp;ssl=1 228w, https:\/\/i0.wp.com\/eltrabajo.cl\/portal\/wp-content\/uploads\/2015\/06\/trabajos-mejoramiento.jpg?resize=400%2C263&amp;ssl=1 400w, https:\/\/i0.wp.com\/eltrabajo.cl\/portal\/wp-content\/uploads\/2015\/06\/trabajos-mejoramiento.jpg?w=530&amp;ssl=1 530w\" sizes=\"auto, (max-width: 300px) 100vw, 300px\" \/><\/a><figcaption id=\"caption-attachment-59137\" class=\"wp-caption-text\">El proyecto considera el recambio del pavimento, de esca\u00f1os y el mejoramiento de las \u00e1reas verdes del sector mediante la instalaci\u00f3n de un sistema de riego tecnificado.<\/figcaption><\/figure>\n<ul>\n<li><strong>El proyecto, que es impulsado por el alcalde Patricio Freire, contempla el recambio del pavimento, de esca\u00f1os y el mejoramiento de las \u00e1reas verdes del sector.<\/strong><\/li>\n<\/ul>\n<p>Un completo trabajo de mejoramiento se est\u00e1 realizando desde hace unas semanas en la plaza de Curim\u00f3n, con el objetivo de renovar este sector de la comuna de San Felipe, que por muchos a\u00f1os no hab\u00eda sido intervenido.<br \/>\nPara conocer los avances en esos trabajos, este martes se traslad\u00f3 hasta el lugar el alcalde (s) Jorge Jara, junto al administrador municipal, quienes constataron en terreno la instalaci\u00f3n de un sistema de riego tecnificado, y el mejoramiento del \u00e1rea verde, lo que se est\u00e1 desarrollando en una primera etapa.<br \/>\n\u201cVinimos a inspeccionar junto a Jorge Jara, alcalde (s), y junto con ello tambi\u00e9n anunciar que est\u00e1 en proceso de licitaci\u00f3n y ejecuci\u00f3n del proyecto de mejoramiento del pavimento del interior de la plaza, que lleva muchos a\u00f1os en muy mal estado y donde adem\u00e1s con el tiempo las ra\u00edces han levantado los pavimentos, lo que hace que sea peligroso para la gente y los adultos mayores que vienen habitualmente a esta plaza\u201d, dijo el Administrador municipal.<br \/>\nLa autoridad se\u00f1al\u00f3 que los trabajos se est\u00e1n ejecutando a trav\u00e9s del Fondo de Inversi\u00f3n Local, Fril, que alcanza los 17 millones de pesos y que contemplan el mejoramiento del pavimento, de esca\u00f1os y el hermoseamiento de las \u00e1reas verdes, que se est\u00e1 realizando a trav\u00e9s de las empresas de mantenimiento.<br \/>\n\u201cEstamos dando por cerrado una demanda ciudadana, que nuestro alcalde Patricio Freire ha revelado y ha hecho visible y posible a trav\u00e9s de distintas l\u00edneas de financiamiento y con el aporte de los nuevos contratos de mantenimiento de \u00e1reas verdes. Estamos muy conformes y contentos y esperamos prontamente dar por inaugurados estos trabajos junto a los vecinos\u201d, dijo Gonz\u00e1lez, quien coment\u00f3 adem\u00e1s que hace muchos a\u00f1os que en este sector no se realizaba un mejoramiento integral y que era una petici\u00f3n por bastante tiempo esperada por los vecinos.<br \/>\n\u201cLos vecinos dicen que la plaza no hab\u00eda tenido una intervenci\u00f3n de esta magnitud y creemos que era necesario y por cierto con la pol\u00edtica de nuestro alcalde Freire, de estar en los sectores rurales, de integrarlos y que la inversi\u00f3n tambi\u00e9n llegue a estos lugares, as\u00ed que esperamos que los vecinos est\u00e9n contentos y conformes con los trabajos que ya se empiezan a ver\u201d, dijo el Administrador.<\/p>\n","protected":false},"excerpt":{"rendered":"<p>El proyecto, que es impulsado por el alcalde Patricio Freire, contempla el recambio del pavimento, de esca\u00f1os y el mejoramiento de las \u00e1reas verdes del sector. Un completo trabajo de mejoramiento se&#8230;<\/p>\n","protected":false},"author":482,"featured_media":59137,"comment_status":"open","ping_status":"open","sticky":false,"template":"","format":"standard","meta":{"advanced_seo_description":"","jetpack_seo_html_title":"","jetpack_seo_noindex":false,"_jetpack_memberships_contains_paid_content":false,"footnotes":""},"categories":[15],"tags":[],"class_list":["post-59136","post","type-post","status-publish","format-standard","has-post-thumbnail","hentry","category-comunidad"],"jetpack_featured_media_url":"https:\/\/i0.wp.com\/eltrabajo.cl\/portal\/wp-content\/uploads\/2015\/06\/trabajos-mejoramiento.jpg?fit=530%2C348&ssl=1","jetpack_sharing_enabled":true,"jetpack_likes_enabled":true,"jetpack-related-posts":[],"_links":{"self":[{"href":"https:\/\/eltrabajo.cl\/portal\/wp-json\/wp\/v2\/posts\/59136","targetHints":{"allow":["GET"]}}],"collection":[{"href":"https:\/\/eltrabajo.cl\/portal\/wp-json\/wp\/v2\/posts"}],"about":[{"href":"https:\/\/eltrabajo.cl\/portal\/wp-json\/wp\/v2\/types\/post"}],"author":[{"embeddable":true,"href":"https:\/\/eltrabajo.cl\/portal\/wp-json\/wp\/v2\/users\/482"}],"replies":[{"embeddable":true,"href":"https:\/\/eltrabajo.cl\/portal\/wp-json\/wp\/v2\/comments?post=59136"}],"version-history":[{"count":0,"href":"https:\/\/eltrabajo.cl\/portal\/wp-json\/wp\/v2\/posts\/59136\/revisions"}],"wp:featuredmedia":[{"embeddable":true,"href":"https:\/\/eltrabajo.cl\/portal\/wp-json\/wp\/v2\/media\/59137"}],"wp:attachment":[{"href":"https:\/\/eltrabajo.cl\/portal\/wp-json\/wp\/v2\/media?parent=59136"}],"wp:term":[{"taxonomy":"category","embeddable":true,"href":"https:\/\/eltrabajo.cl\/portal\/wp-json\/wp\/v2\/categories?post=59136"},{"taxonomy":"post_tag","embeddable":true,"href":"https:\/\/eltrabajo.cl\/portal\/wp-json\/wp\/v2\/tags?post=59136"}],"curies":[{"name":"wp","href":"https:\/\/api.w.org\/{rel}","templated":true}]}}