{"id":59139,"date":"2015-06-18T09:35:49","date_gmt":"2015-06-18T12:35:49","guid":{"rendered":"http:\/\/www.eltrabajo.cl\/portal\/?p=59139"},"modified":"2015-06-18T09:35:49","modified_gmt":"2015-06-18T12:35:49","slug":"a-fin-de-mes-finaliza-campana-de-vacunacion-contra-la-influenza","status":"publish","type":"post","link":"https:\/\/eltrabajo.cl\/portal\/a-fin-de-mes-finaliza-campana-de-vacunacion-contra-la-influenza\/","title":{"rendered":"A fin de mes finaliza campa\u00f1a de vacunaci\u00f3n contra la influenza"},"content":{"rendered":"<figure id=\"attachment_59140\" aria-describedby=\"caption-attachment-59140\" style=\"width: 300px\" class=\"wp-caption alignleft\"><a href=\"https:\/\/i0.wp.com\/www.eltrabajo.cl\/portal\/wp-content\/uploads\/2015\/06\/Vacunacion-mujer.jpg\"><img data-recalc-dims=\"1\" loading=\"lazy\" decoding=\"async\" class=\"wp-image-59140 size-medium\" src=\"https:\/\/i0.wp.com\/www.eltrabajo.cl\/portal\/wp-content\/uploads\/2015\/06\/Vacunacion-mujer-300x198.jpg?resize=300%2C198\" alt=\"Desde el Cesfam Segismundo Iturra hacen un llamado a los adultos mayores para que se acerquen y se inmunicen para prevenir la influenza. (Archivo)\" width=\"300\" height=\"198\" srcset=\"https:\/\/i0.wp.com\/eltrabajo.cl\/portal\/wp-content\/uploads\/2015\/06\/Vacunacion-mujer.jpg?resize=300%2C198&amp;ssl=1 300w, https:\/\/i0.wp.com\/eltrabajo.cl\/portal\/wp-content\/uploads\/2015\/06\/Vacunacion-mujer.jpg?resize=200%2C132&amp;ssl=1 200w, https:\/\/i0.wp.com\/eltrabajo.cl\/portal\/wp-content\/uploads\/2015\/06\/Vacunacion-mujer.jpg?resize=227%2C150&amp;ssl=1 227w, https:\/\/i0.wp.com\/eltrabajo.cl\/portal\/wp-content\/uploads\/2015\/06\/Vacunacion-mujer.jpg?resize=400%2C264&amp;ssl=1 400w, https:\/\/i0.wp.com\/eltrabajo.cl\/portal\/wp-content\/uploads\/2015\/06\/Vacunacion-mujer.jpg?w=530&amp;ssl=1 530w\" sizes=\"auto, (max-width: 300px) 100vw, 300px\" \/><\/a><figcaption id=\"caption-attachment-59140\" class=\"wp-caption-text\">Desde el Cesfam Segismundo Iturra hacen un llamado a los adultos mayores para que se acerquen y se inmunicen para prevenir la influenza. (Archivo)<\/figcaption><\/figure>\n<ul>\n<li><strong>Pese a que el centro de salud registra una cobertura superior al promedio nacional, su director formul\u00f3 un llamado a aprovechar este programa a este sector espec\u00edfico de la poblaci\u00f3n, que es el que m\u00e1s baja respuesta ha tenido.<\/strong><\/li>\n<\/ul>\n<p>Un 82% de cobertura registra a la fecha el Cesfam Segismundo Iturra y lo cierto es que si bien est\u00e1n bastante cerca de la meta en la campa\u00f1a de vacunaci\u00f3n anti influenza, lo cierto es que el porcentaje pendiente corresponde principalmente a adultos mayores.<br \/>\nEl director del Centro de Salud Familiar, doctor Cristian Bahamonde, junto con formular un llamado a este sector de la poblaci\u00f3n para que se acerque al establecimiento de salud para que aproveche de inmunizarse, precis\u00f3 que resta poco tiempo para hacerlo, ya que la campa\u00f1a finaliza a fin de mes.<br \/>\n\u201cEsta campa\u00f1a se extendi\u00f3 hasta fines de junio debido a la baja cobertura a nivel nacional, especialmente entre los adultos mayores de 65 a\u00f1os. Para nosotros ha sido dif\u00edcil tambi\u00e9n dar cobertura a este sector de la poblaci\u00f3n, pues llevamos un 61% de ese segmento y aunque estamos un poco m\u00e1s arriba del promedio nacional, nos interesa que ellos y ellas puedan aprovechar esta iniciativa\u201d, se\u00f1al\u00f3 el director del Cesfam Segismundo Iturra, doctor Cristian Bahamonde.<br \/>\nEn este sentido, el profesional formul\u00f3 un llamado a los adultos mayores \u201cpara que se acerquen a los centros de salud, acudan a los vacunatorios, porque son vacunas seguras y buenas, que evitan la muerte, m\u00e1s a\u00fan considerando que nosotros no sabemos cuando las defensas est\u00e1n m\u00e1s bajas y el virus puede derivar en una enfermedad m\u00e1s grave como neumon\u00eda o meningitis, y por ende, en la muerte\u201d.<br \/>\nSeg\u00fan explic\u00f3 la Enfermera Laura V\u00e1squez, encargada del Programa Nacional de Inmunizaci\u00f3n, el Cesfam ha realizado un trabajo arduo, desplegando diversas estrategias tendientes a lograr una cobertura eficiente, quedando pendiente en este plano, el sector de los adultos mayores.<br \/>\n\u201cLlegamos muchas veces a los clubes, a las casas de adultos postrados, pero los abuelitos no quieren, o sus cuidadores no quieren, rechazan la vacuna y la idea es que comprendan que esta vacuna no tiene por objetivo prevenir un resfr\u00edo com\u00fan, por ejemplo, sino que una enfermedad que puede resultar mucho m\u00e1s compleja, como es el virus de la influenza, que puede ser mortal\u201d, recalc\u00f3 la profesional.<\/p>\n","protected":false},"excerpt":{"rendered":"<p>Pese a que el centro de salud registra una cobertura superior al promedio nacional, su director formul\u00f3 un llamado a aprovechar este programa a este sector espec\u00edfico de la poblaci\u00f3n, que es&#8230;<\/p>\n","protected":false},"author":482,"featured_media":59140,"comment_status":"open","ping_status":"open","sticky":false,"template":"","format":"standard","meta":{"advanced_seo_description":"","jetpack_seo_html_title":"","jetpack_seo_noindex":false,"_jetpack_memberships_contains_paid_content":false,"footnotes":""},"categories":[15],"tags":[],"class_list":["post-59139","post","type-post","status-publish","format-standard","has-post-thumbnail","hentry","category-comunidad"],"jetpack_featured_media_url":"https:\/\/i0.wp.com\/eltrabajo.cl\/portal\/wp-content\/uploads\/2015\/06\/Vacunacion-mujer.jpg?fit=530%2C350&ssl=1","jetpack_sharing_enabled":true,"jetpack_likes_enabled":true,"jetpack-related-posts":[],"_links":{"self":[{"href":"https:\/\/eltrabajo.cl\/portal\/wp-json\/wp\/v2\/posts\/59139","targetHints":{"allow":["GET"]}}],"collection":[{"href":"https:\/\/eltrabajo.cl\/portal\/wp-json\/wp\/v2\/posts"}],"about":[{"href":"https:\/\/eltrabajo.cl\/portal\/wp-json\/wp\/v2\/types\/post"}],"author":[{"embeddable":true,"href":"https:\/\/eltrabajo.cl\/portal\/wp-json\/wp\/v2\/users\/482"}],"replies":[{"embeddable":true,"href":"https:\/\/eltrabajo.cl\/portal\/wp-json\/wp\/v2\/comments?post=59139"}],"version-history":[{"count":0,"href":"https:\/\/eltrabajo.cl\/portal\/wp-json\/wp\/v2\/posts\/59139\/revisions"}],"wp:featuredmedia":[{"embeddable":true,"href":"https:\/\/eltrabajo.cl\/portal\/wp-json\/wp\/v2\/media\/59140"}],"wp:attachment":[{"href":"https:\/\/eltrabajo.cl\/portal\/wp-json\/wp\/v2\/media?parent=59139"}],"wp:term":[{"taxonomy":"category","embeddable":true,"href":"https:\/\/eltrabajo.cl\/portal\/wp-json\/wp\/v2\/categories?post=59139"},{"taxonomy":"post_tag","embeddable":true,"href":"https:\/\/eltrabajo.cl\/portal\/wp-json\/wp\/v2\/tags?post=59139"}],"curies":[{"name":"wp","href":"https:\/\/api.w.org\/{rel}","templated":true}]}}