{"id":59156,"date":"2015-06-18T09:45:42","date_gmt":"2015-06-18T12:45:42","guid":{"rendered":"http:\/\/www.eltrabajo.cl\/portal\/?p=59156"},"modified":"2015-06-18T09:45:42","modified_gmt":"2015-06-18T12:45:42","slug":"conductora-impacto-su-vehiculo-contra-el-frontis-de-una-vivienda","status":"publish","type":"post","link":"https:\/\/eltrabajo.cl\/portal\/conductora-impacto-su-vehiculo-contra-el-frontis-de-una-vivienda\/","title":{"rendered":"Conductora impact\u00f3 su veh\u00edculo contra el frontis de una vivienda"},"content":{"rendered":"<figure id=\"attachment_59157\" aria-describedby=\"caption-attachment-59157\" style=\"width: 300px\" class=\"wp-caption alignleft\"><a href=\"https:\/\/i0.wp.com\/www.eltrabajo.cl\/portal\/wp-content\/uploads\/2015\/06\/CHOQUEE-copia.jpg\"><img data-recalc-dims=\"1\" loading=\"lazy\" decoding=\"async\" class=\"wp-image-59157 size-medium\" src=\"https:\/\/i0.wp.com\/www.eltrabajo.cl\/portal\/wp-content\/uploads\/2015\/06\/CHOQUEE-copia-300x197.jpg?resize=300%2C197\" alt=\"Las gr\u00e1ficas revelan las dimensiones del accidente donde no se registraron v\u00edctimas fatales. La conductora fue trasladada hasta el Hospital San Camilo tras protagonizar el choque contra una vivienda ubicada en la poblaci\u00f3n San Francisco de San Felipe.\" width=\"300\" height=\"197\" srcset=\"https:\/\/i0.wp.com\/eltrabajo.cl\/portal\/wp-content\/uploads\/2015\/06\/CHOQUEE-copia.jpg?resize=300%2C197&amp;ssl=1 300w, https:\/\/i0.wp.com\/eltrabajo.cl\/portal\/wp-content\/uploads\/2015\/06\/CHOQUEE-copia.jpg?resize=200%2C131&amp;ssl=1 200w, https:\/\/i0.wp.com\/eltrabajo.cl\/portal\/wp-content\/uploads\/2015\/06\/CHOQUEE-copia.jpg?resize=228%2C150&amp;ssl=1 228w, https:\/\/i0.wp.com\/eltrabajo.cl\/portal\/wp-content\/uploads\/2015\/06\/CHOQUEE-copia.jpg?resize=400%2C263&amp;ssl=1 400w, https:\/\/i0.wp.com\/eltrabajo.cl\/portal\/wp-content\/uploads\/2015\/06\/CHOQUEE-copia.jpg?w=530&amp;ssl=1 530w\" sizes=\"auto, (max-width: 300px) 100vw, 300px\" \/><\/a><figcaption id=\"caption-attachment-59157\" class=\"wp-caption-text\">Las gr\u00e1ficas revelan las dimensiones del accidente donde no se registraron v\u00edctimas fatales. La conductora fue trasladada hasta el Hospital San Camilo tras protagonizar el choque contra una vivienda ubicada en la poblaci\u00f3n San Francisco de San Felipe.<\/figcaption><\/figure>\n<p>Alrededor de las 10:00 horas de ayer mi\u00e9rcoles, un violento accidente de tr\u00e1nsito se registr\u00f3 en calle Hermanos Carrera a la altura del 105 de la villa San Francisco de la comuna de San Felipe, cuando la conductora del veh\u00edculo marca Suzuky de color gris, impact\u00f3 violentamente sobre el frontis de una vivienda.<br \/>\nHasta el lugar concurri\u00f3 personal de Carabineros para adoptar el procedimiento, identificando a la conductora como Paula Cristina Silva Ahumada de 33 a\u00f1os quien result\u00f3 policontusa debiendo ser asistida por personal del Samu. Se presume que la afectada habr\u00eda perdido el control de su autom\u00f3vil estrell\u00e1ndose contra la propiedad que result\u00f3 con da\u00f1os de consideraci\u00f3n.<br \/>\nAsimismo, el veh\u00edculo result\u00f3 con serios da\u00f1os en su carrocer\u00eda producto del violento choque, entreg\u00e1ndose los antecedentes del caso al Juzgado de Polic\u00eda Local por parte de Carabineros.<br \/>\nCabe mencionar que en este mismo lugar, hace alg\u00fan tiempo, se produjo un accidente en similares circunstancias, donde una mujer que se encontraba sentada en las afueras de su vivienda fue impactada por un veh\u00edculo, caus\u00e1ndole la p\u00e9rdida de sus extremidades.<br \/>\n<strong>Pablo Salinas Sald\u00edas.<\/strong><\/p>\n","protected":false},"excerpt":{"rendered":"<p>Alrededor de las 10:00 horas de ayer mi\u00e9rcoles, un violento accidente de tr\u00e1nsito se registr\u00f3 en calle Hermanos Carrera a la altura del 105 de la villa San Francisco de la comuna&#8230;<\/p>\n","protected":false},"author":482,"featured_media":59157,"comment_status":"open","ping_status":"open","sticky":false,"template":"","format":"standard","meta":{"advanced_seo_description":"","jetpack_seo_html_title":"","jetpack_seo_noindex":false,"_jetpack_memberships_contains_paid_content":false,"footnotes":""},"categories":[21],"tags":[],"class_list":["post-59156","post","type-post","status-publish","format-standard","has-post-thumbnail","hentry","category-policial"],"jetpack_featured_media_url":"https:\/\/i0.wp.com\/eltrabajo.cl\/portal\/wp-content\/uploads\/2015\/06\/CHOQUEE-copia.jpg?fit=530%2C348&ssl=1","jetpack_sharing_enabled":true,"jetpack_likes_enabled":true,"jetpack-related-posts":[],"_links":{"self":[{"href":"https:\/\/eltrabajo.cl\/portal\/wp-json\/wp\/v2\/posts\/59156","targetHints":{"allow":["GET"]}}],"collection":[{"href":"https:\/\/eltrabajo.cl\/portal\/wp-json\/wp\/v2\/posts"}],"about":[{"href":"https:\/\/eltrabajo.cl\/portal\/wp-json\/wp\/v2\/types\/post"}],"author":[{"embeddable":true,"href":"https:\/\/eltrabajo.cl\/portal\/wp-json\/wp\/v2\/users\/482"}],"replies":[{"embeddable":true,"href":"https:\/\/eltrabajo.cl\/portal\/wp-json\/wp\/v2\/comments?post=59156"}],"version-history":[{"count":0,"href":"https:\/\/eltrabajo.cl\/portal\/wp-json\/wp\/v2\/posts\/59156\/revisions"}],"wp:featuredmedia":[{"embeddable":true,"href":"https:\/\/eltrabajo.cl\/portal\/wp-json\/wp\/v2\/media\/59157"}],"wp:attachment":[{"href":"https:\/\/eltrabajo.cl\/portal\/wp-json\/wp\/v2\/media?parent=59156"}],"wp:term":[{"taxonomy":"category","embeddable":true,"href":"https:\/\/eltrabajo.cl\/portal\/wp-json\/wp\/v2\/categories?post=59156"},{"taxonomy":"post_tag","embeddable":true,"href":"https:\/\/eltrabajo.cl\/portal\/wp-json\/wp\/v2\/tags?post=59156"}],"curies":[{"name":"wp","href":"https:\/\/api.w.org\/{rel}","templated":true}]}}