{"id":59159,"date":"2015-06-18T09:49:16","date_gmt":"2015-06-18T12:49:16","guid":{"rendered":"http:\/\/www.eltrabajo.cl\/portal\/?p=59159"},"modified":"2015-06-18T09:49:16","modified_gmt":"2015-06-18T12:49:16","slug":"carabineros-frustra-robo-y-detiene-a-presunto-autor-cuando-se-llevaba-dos-millones-de-pesos","status":"publish","type":"post","link":"https:\/\/eltrabajo.cl\/portal\/carabineros-frustra-robo-y-detiene-a-presunto-autor-cuando-se-llevaba-dos-millones-de-pesos\/","title":{"rendered":"Carabineros frustra robo y detiene a presunto autor cuando se llevaba dos millones de pesos"},"content":{"rendered":"<figure id=\"attachment_59160\" aria-describedby=\"caption-attachment-59160\" style=\"width: 300px\" class=\"wp-caption alignleft\"><a href=\"https:\/\/i0.wp.com\/www.eltrabajo.cl\/portal\/wp-content\/uploads\/2015\/06\/Imputado.jpg\"><img data-recalc-dims=\"1\" loading=\"lazy\" decoding=\"async\" class=\"wp-image-59160 size-medium\" src=\"https:\/\/i0.wp.com\/www.eltrabajo.cl\/portal\/wp-content\/uploads\/2015\/06\/Imputado-300x197.jpg?resize=300%2C197\" alt=\"El detenido identificado como Juan Francisco C\u00e1diz Figueroa, fue capturado de manera flagrante al cometer un robo de especies en el Jard\u00edn Infantil \u2018Acuarela\u2019 de San Felipe. Tras ser requerido por la Fiscal\u00eda en el Tribunal de Garant\u00eda recuper\u00f3 su libertad.\" width=\"300\" height=\"197\" srcset=\"https:\/\/i0.wp.com\/eltrabajo.cl\/portal\/wp-content\/uploads\/2015\/06\/Imputado.jpg?resize=300%2C197&amp;ssl=1 300w, https:\/\/i0.wp.com\/eltrabajo.cl\/portal\/wp-content\/uploads\/2015\/06\/Imputado.jpg?resize=200%2C131&amp;ssl=1 200w, https:\/\/i0.wp.com\/eltrabajo.cl\/portal\/wp-content\/uploads\/2015\/06\/Imputado.jpg?resize=228%2C150&amp;ssl=1 228w, https:\/\/i0.wp.com\/eltrabajo.cl\/portal\/wp-content\/uploads\/2015\/06\/Imputado.jpg?resize=400%2C263&amp;ssl=1 400w, https:\/\/i0.wp.com\/eltrabajo.cl\/portal\/wp-content\/uploads\/2015\/06\/Imputado.jpg?w=530&amp;ssl=1 530w\" sizes=\"auto, (max-width: 300px) 100vw, 300px\" \/><\/a><figcaption id=\"caption-attachment-59160\" class=\"wp-caption-text\">El detenido identificado como Juan Francisco C\u00e1diz Figueroa, fue capturado de manera flagrante al cometer un robo de especies en el Jard\u00edn Infantil \u2018Acuarela\u2019 de San Felipe. Tras ser requerido por la Fiscal\u00eda en el Tribunal de Garant\u00eda recuper\u00f3 su libertad.<\/figcaption><\/figure>\n<p>La madrugada de ayer delincuentes irrumpieron en Jard\u00edn Infantil \u2018Acuarela\u2019 en calle Carlos Condell de San Felipe, apoder\u00e1ndose de especies avaluadas en dos millones de pesos. Si bien Carabineros captur\u00f3 a un peligroso antisocial, \u00e9ste posteriormente recuper\u00f3 su libertad.<br \/>\nUn delincuente habitual fue capturado de manera flagrante por Carabineros en momentos que junto a otro sujeto que se habr\u00eda dado a la fuga, se aprestaban a robar una gran cantidad de alimentos y electrodom\u00e9sticos pertenecientes al Jard\u00edn Infantil \u2018Acuarela\u2019, ubicado en calle Carlos Condell 182 de la comuna de San Felipe.<br \/>\nLos efectivos policiales lograron frustrar el robo de estas especies que fueron avaluadas en dos millones de pesos.<br \/>\nLos hechos se registraron en horas de la madrugada de ayer mi\u00e9rcoles, cuando Carabineros realizaba patrullajes preventivos por el per\u00edmetro central de la comuna de San Felipe, donde fueron advertidos en los precisos instantes que se perpetraba el robo, capturando a un antisocial con amplio prontuario delictivo, identificado como Juan Francisco C\u00e1diz Figueroa de 26 a\u00f1os, domiciliado en la poblaci\u00f3n Santa Br\u00edgida de San Felipe.<br \/>\nLa polic\u00eda, al revisar las dependencias del establecimiento educacional, comprob\u00f3 que los sujetos irrumpieron escalando desde la reja de cierre perimetral para acceder hasta la cocina, donde comenzaron a apilar alimentos como carnes y leches de los ni\u00f1os, utilizando un coche de beb\u00e9 del mismo lugar para transportarlas.<br \/>\nAdem\u00e1s, los antisociales intentaron apoderarse de un horno microondas, un televisor y juegos did\u00e1cticos. Luego, cuando se aprestaban a escapar hacia la v\u00eda p\u00fablica, Carabineros logr\u00f3 capturar a uno de los sujetos ya individualizado.<br \/>\nLa Comisario de Carabineros, Mayor Maureen Espinoza, subray\u00f3 que la delincuencia no tiene ning\u00fan grado de sensibilidad al perpetrar este tipo de robos que perjudica directamente a los ni\u00f1os de estos establecimientos, quienes se han convertido en v\u00edctimas de estos actos, por lo cual se dispusieron servicios especiales para la prevenci\u00f3n de futuros delitos.<br \/>\n\u201cLos delincuentes no se detienen ante la posibilidad de perjudicar a nuestros ni\u00f1os. Insisto, se robaron la carne, leches y juegos did\u00e1cticos, entonces estamos hablando que no hay ning\u00fan reparo para sustraer especies y cometer este delito de robo. El sujeto lo hac\u00eda con un total de especies avaluadas en dos millones de pesos, espec\u00edficamente con un coche de beb\u00e9, con una cantidad considerable de especies en su interior, como un microondas, un televisor, leche, carnes, juegos did\u00e1cticos. Es v\u00e1lido tambi\u00e9n se\u00f1alar que este delincuente registra doce causas por distintos robos\u201d, inform\u00f3 la oficial policial.<br \/>\nLa detenci\u00f3n de C\u00e1diz Figueroa fue controlada al mediod\u00eda de ayer mi\u00e9rcoles en el Juzgado de Garant\u00eda de San Felipe, siendo requerido por la Fiscal\u00eda por el delito de robo en lugar no habitado en grado de frustrado, siendo citado para una pr\u00f3xima audiencia de juicio simplificado, arriesgando una pena de 540 d\u00edas de presidio. Al concluir el imputado recuper\u00f3 su libertad.<br \/>\n<strong>Pablo Salinas Sald\u00edas<\/strong><\/p>\n<div class=\"tiled-gallery type-rectangular tiled-gallery-unresized\" data-original-width=\"640\" data-carousel-extra='null' itemscope itemtype=\"http:\/\/schema.org\/ImageGallery\" > <div class=\"gallery-row\" style=\"width: 640px; height: 284px;\" data-original-width=\"640\" data-original-height=\"284\" > <div class=\"gallery-group images-1\" style=\"width: 426px; height: 284px;\" data-original-width=\"426\" data-original-height=\"284\" > <div class=\"tiled-gallery-item tiled-gallery-item-large\" itemprop=\"associatedMedia\" itemscope itemtype=\"http:\/\/schema.org\/ImageObject\"> <a href=\"https:\/\/eltrabajo.cl\/portal\/carabineros-frustra-robo-y-detiene-a-presunto-autor-cuando-se-llevaba-dos-millones-de-pesos\/especies-1\/\" border=\"0\" itemprop=\"url\"> <meta itemprop=\"width\" content=\"422\"> <meta itemprop=\"height\" content=\"280\"> <img decoding=\"async\" class=\"\" data-attachment-id=\"59161\" data-orig-file=\"https:\/\/eltrabajo.cl\/portal\/wp-content\/uploads\/2015\/06\/especies-1.jpg\" data-orig-size=\"528,350\" data-comments-opened=\"1\" data-image-meta=\"{&quot;aperture&quot;:&quot;0&quot;,&quot;credit&quot;:&quot;&quot;,&quot;camera&quot;:&quot;&quot;,&quot;caption&quot;:&quot;&quot;,&quot;created_timestamp&quot;:&quot;0&quot;,&quot;copyright&quot;:&quot;COPYRIGHT, 2010&quot;,&quot;focal_length&quot;:&quot;0&quot;,&quot;iso&quot;:&quot;0&quot;,&quot;shutter_speed&quot;:&quot;0&quot;,&quot;title&quot;:&quot;&quot;,&quot;orientation&quot;:&quot;0&quot;}\" data-image-title=\"especies 1\" data-image-description=\"&lt;p&gt;En completo desorden se encontraban las dependencias del jard\u00edn infantil.&lt;\/p&gt; \" data-medium-file=\"https:\/\/i0.wp.com\/eltrabajo.cl\/portal\/wp-content\/uploads\/2015\/06\/especies-1.jpg?fit=300%2C199&#038;ssl=1\" data-large-file=\"https:\/\/i0.wp.com\/eltrabajo.cl\/portal\/wp-content\/uploads\/2015\/06\/especies-1.jpg?fit=528%2C350&#038;ssl=1\" src=\"https:\/\/i0.wp.com\/eltrabajo.cl\/portal\/wp-content\/uploads\/2015\/06\/especies-1.jpg?w=422&#038;h=280&#038;ssl=1\" srcset=\"https:\/\/i0.wp.com\/eltrabajo.cl\/portal\/wp-content\/uploads\/2015\/06\/especies-1.jpg?w=528&amp;ssl=1 528w, https:\/\/i0.wp.com\/eltrabajo.cl\/portal\/wp-content\/uploads\/2015\/06\/especies-1.jpg?resize=200%2C133&amp;ssl=1 200w, https:\/\/i0.wp.com\/eltrabajo.cl\/portal\/wp-content\/uploads\/2015\/06\/especies-1.jpg?resize=300%2C199&amp;ssl=1 300w, https:\/\/i0.wp.com\/eltrabajo.cl\/portal\/wp-content\/uploads\/2015\/06\/especies-1.jpg?resize=226%2C150&amp;ssl=1 226w, https:\/\/i0.wp.com\/eltrabajo.cl\/portal\/wp-content\/uploads\/2015\/06\/especies-1.jpg?resize=400%2C265&amp;ssl=1 400w\" width=\"422\" height=\"280\" loading=\"lazy\" data-original-width=\"422\" data-original-height=\"280\" itemprop=\"http:\/\/schema.org\/image\" title=\"especies 1\" alt=\"En completo desorden se encontraban las dependencias del jard\u00edn infantil.\" style=\"width: 422px; height: 280px;\" \/> <\/a> <div class=\"tiled-gallery-caption\" itemprop=\"caption description\"> En completo desorden se encontraban las dependencias del jard\u00edn infantil. <\/div> <\/div> <\/div> <!-- close group --> <div class=\"gallery-group images-2\" style=\"width: 214px; height: 284px;\" data-original-width=\"214\" data-original-height=\"284\" > <div class=\"tiled-gallery-item tiled-gallery-item-small\" itemprop=\"associatedMedia\" itemscope itemtype=\"http:\/\/schema.org\/ImageObject\"> <a href=\"https:\/\/eltrabajo.cl\/portal\/carabineros-frustra-robo-y-detiene-a-presunto-autor-cuando-se-llevaba-dos-millones-de-pesos\/especies-2-2\/\" border=\"0\" itemprop=\"url\"> <meta itemprop=\"width\" content=\"210\"> <meta itemprop=\"height\" content=\"138\"> <img decoding=\"async\" class=\"\" data-attachment-id=\"59162\" data-orig-file=\"https:\/\/eltrabajo.cl\/portal\/wp-content\/uploads\/2015\/06\/especies-2.jpg\" data-orig-size=\"530,348\" data-comments-opened=\"1\" data-image-meta=\"{&quot;aperture&quot;:&quot;0&quot;,&quot;credit&quot;:&quot;&quot;,&quot;camera&quot;:&quot;&quot;,&quot;caption&quot;:&quot;&quot;,&quot;created_timestamp&quot;:&quot;0&quot;,&quot;copyright&quot;:&quot;&quot;,&quot;focal_length&quot;:&quot;0&quot;,&quot;iso&quot;:&quot;0&quot;,&quot;shutter_speed&quot;:&quot;0&quot;,&quot;title&quot;:&quot;&quot;,&quot;orientation&quot;:&quot;0&quot;}\" data-image-title=\"especies 2\" data-image-description=\"&lt;p&gt;En este coche de beb\u00e9 los sujetos pretend\u00edan apoderarse de estas especies de utilidad para los ni\u00f1os que asisten al Jard\u00edn Infantil \u2018Acuarela\u2019.&lt;\/p&gt; \" data-medium-file=\"https:\/\/i0.wp.com\/eltrabajo.cl\/portal\/wp-content\/uploads\/2015\/06\/especies-2.jpg?fit=300%2C197&#038;ssl=1\" data-large-file=\"https:\/\/i0.wp.com\/eltrabajo.cl\/portal\/wp-content\/uploads\/2015\/06\/especies-2.jpg?fit=530%2C348&#038;ssl=1\" src=\"https:\/\/i0.wp.com\/eltrabajo.cl\/portal\/wp-content\/uploads\/2015\/06\/especies-2.jpg?w=210&#038;h=138&#038;ssl=1\" srcset=\"https:\/\/i0.wp.com\/eltrabajo.cl\/portal\/wp-content\/uploads\/2015\/06\/especies-2.jpg?w=530&amp;ssl=1 530w, https:\/\/i0.wp.com\/eltrabajo.cl\/portal\/wp-content\/uploads\/2015\/06\/especies-2.jpg?resize=200%2C131&amp;ssl=1 200w, https:\/\/i0.wp.com\/eltrabajo.cl\/portal\/wp-content\/uploads\/2015\/06\/especies-2.jpg?resize=300%2C197&amp;ssl=1 300w, https:\/\/i0.wp.com\/eltrabajo.cl\/portal\/wp-content\/uploads\/2015\/06\/especies-2.jpg?resize=228%2C150&amp;ssl=1 228w, https:\/\/i0.wp.com\/eltrabajo.cl\/portal\/wp-content\/uploads\/2015\/06\/especies-2.jpg?resize=400%2C263&amp;ssl=1 400w\" width=\"210\" height=\"138\" loading=\"lazy\" data-original-width=\"210\" data-original-height=\"138\" itemprop=\"http:\/\/schema.org\/image\" title=\"especies 2\" alt=\"En este coche de beb\u00e9 los sujetos pretend\u00edan apoderarse de estas especies de utilidad para los ni\u00f1os que asisten al Jard\u00edn Infantil \u2018Acuarela\u2019.\" style=\"width: 210px; height: 138px;\" \/> <\/a> <div class=\"tiled-gallery-caption\" itemprop=\"caption description\"> En este coche de beb\u00e9 los sujetos pretend\u00edan apoderarse de estas especies de utilidad para los ni\u00f1os que asisten al Jard\u00edn Infantil \u2018Acuarela\u2019. <\/div> <\/div> <div class=\"tiled-gallery-item tiled-gallery-item-small\" itemprop=\"associatedMedia\" itemscope itemtype=\"http:\/\/schema.org\/ImageObject\"> <a href=\"https:\/\/eltrabajo.cl\/portal\/carabineros-frustra-robo-y-detiene-a-presunto-autor-cuando-se-llevaba-dos-millones-de-pesos\/especies-3-2\/\" border=\"0\" itemprop=\"url\"> <meta itemprop=\"width\" content=\"210\"> <meta itemprop=\"height\" content=\"138\"> <img decoding=\"async\" class=\"\" data-attachment-id=\"59163\" data-orig-file=\"https:\/\/eltrabajo.cl\/portal\/wp-content\/uploads\/2015\/06\/especies-3.jpg\" data-orig-size=\"530,348\" data-comments-opened=\"1\" data-image-meta=\"{&quot;aperture&quot;:&quot;0&quot;,&quot;credit&quot;:&quot;&quot;,&quot;camera&quot;:&quot;&quot;,&quot;caption&quot;:&quot;&quot;,&quot;created_timestamp&quot;:&quot;0&quot;,&quot;copyright&quot;:&quot;&quot;,&quot;focal_length&quot;:&quot;0&quot;,&quot;iso&quot;:&quot;0&quot;,&quot;shutter_speed&quot;:&quot;0&quot;,&quot;title&quot;:&quot;&quot;,&quot;orientation&quot;:&quot;0&quot;}\" data-image-title=\"especies 3\" data-image-description=\"&lt;p&gt;Un microondas, un televisor y juegos did\u00e1cticos para los ni\u00f1os pretend\u00edan ser robadas por los delincuentes.&lt;\/p&gt; \" data-medium-file=\"https:\/\/i0.wp.com\/eltrabajo.cl\/portal\/wp-content\/uploads\/2015\/06\/especies-3.jpg?fit=300%2C197&#038;ssl=1\" data-large-file=\"https:\/\/i0.wp.com\/eltrabajo.cl\/portal\/wp-content\/uploads\/2015\/06\/especies-3.jpg?fit=530%2C348&#038;ssl=1\" src=\"https:\/\/i0.wp.com\/eltrabajo.cl\/portal\/wp-content\/uploads\/2015\/06\/especies-3.jpg?w=210&#038;h=138&#038;ssl=1\" srcset=\"https:\/\/i0.wp.com\/eltrabajo.cl\/portal\/wp-content\/uploads\/2015\/06\/especies-3.jpg?w=530&amp;ssl=1 530w, https:\/\/i0.wp.com\/eltrabajo.cl\/portal\/wp-content\/uploads\/2015\/06\/especies-3.jpg?resize=200%2C131&amp;ssl=1 200w, https:\/\/i0.wp.com\/eltrabajo.cl\/portal\/wp-content\/uploads\/2015\/06\/especies-3.jpg?resize=300%2C197&amp;ssl=1 300w, https:\/\/i0.wp.com\/eltrabajo.cl\/portal\/wp-content\/uploads\/2015\/06\/especies-3.jpg?resize=228%2C150&amp;ssl=1 228w, https:\/\/i0.wp.com\/eltrabajo.cl\/portal\/wp-content\/uploads\/2015\/06\/especies-3.jpg?resize=400%2C263&amp;ssl=1 400w\" width=\"210\" height=\"138\" loading=\"lazy\" data-original-width=\"210\" data-original-height=\"138\" itemprop=\"http:\/\/schema.org\/image\" title=\"especies 3\" alt=\"Un microondas, un televisor y juegos did\u00e1cticos para los ni\u00f1os pretend\u00edan ser robadas por los delincuentes.\" style=\"width: 210px; height: 138px;\" \/> <\/a> <div class=\"tiled-gallery-caption\" itemprop=\"caption description\"> Un microondas, un televisor y juegos did\u00e1cticos para los ni\u00f1os pretend\u00edan ser robadas por los delincuentes. <\/div> <\/div> <\/div> <!-- close group --> <\/div> <!-- close row --> <div class=\"gallery-row\" style=\"width: 640px; height: 422px;\" data-original-width=\"640\" data-original-height=\"422\" > <div class=\"gallery-group images-1\" style=\"width: 640px; height: 422px;\" data-original-width=\"640\" data-original-height=\"422\" > <div class=\"tiled-gallery-item tiled-gallery-item-large\" itemprop=\"associatedMedia\" itemscope itemtype=\"http:\/\/schema.org\/ImageObject\"> <a href=\"https:\/\/eltrabajo.cl\/portal\/carabineros-frustra-robo-y-detiene-a-presunto-autor-cuando-se-llevaba-dos-millones-de-pesos\/frontis-jardin-infantil\/\" border=\"0\" itemprop=\"url\"> <meta itemprop=\"width\" content=\"636\"> <meta itemprop=\"height\" content=\"418\"> <img decoding=\"async\" class=\"\" data-attachment-id=\"59164\" data-orig-file=\"https:\/\/eltrabajo.cl\/portal\/wp-content\/uploads\/2015\/06\/frontis-jardin-infantil.jpg\" data-orig-size=\"530,348\" data-comments-opened=\"1\" data-image-meta=\"{&quot;aperture&quot;:&quot;0&quot;,&quot;credit&quot;:&quot;&quot;,&quot;camera&quot;:&quot;&quot;,&quot;caption&quot;:&quot;&quot;,&quot;created_timestamp&quot;:&quot;0&quot;,&quot;copyright&quot;:&quot;COPYRIGHT, 2010&quot;,&quot;focal_length&quot;:&quot;0&quot;,&quot;iso&quot;:&quot;0&quot;,&quot;shutter_speed&quot;:&quot;0&quot;,&quot;title&quot;:&quot;&quot;,&quot;orientation&quot;:&quot;0&quot;}\" data-image-title=\"frontis jardin infantil\" data-image-description=\"&lt;p&gt;El Jard\u00edn Infantil \u2018Acuarela\u2019 se ubica en calle Carlos Condell 182 de San Felipe.&lt;\/p&gt; \" data-medium-file=\"https:\/\/i0.wp.com\/eltrabajo.cl\/portal\/wp-content\/uploads\/2015\/06\/frontis-jardin-infantil.jpg?fit=300%2C197&#038;ssl=1\" data-large-file=\"https:\/\/i0.wp.com\/eltrabajo.cl\/portal\/wp-content\/uploads\/2015\/06\/frontis-jardin-infantil.jpg?fit=530%2C348&#038;ssl=1\" src=\"https:\/\/i0.wp.com\/eltrabajo.cl\/portal\/wp-content\/uploads\/2015\/06\/frontis-jardin-infantil.jpg?w=636&#038;h=418&#038;ssl=1\" srcset=\"https:\/\/i0.wp.com\/eltrabajo.cl\/portal\/wp-content\/uploads\/2015\/06\/frontis-jardin-infantil.jpg?w=530&amp;ssl=1 530w, https:\/\/i0.wp.com\/eltrabajo.cl\/portal\/wp-content\/uploads\/2015\/06\/frontis-jardin-infantil.jpg?resize=200%2C131&amp;ssl=1 200w, https:\/\/i0.wp.com\/eltrabajo.cl\/portal\/wp-content\/uploads\/2015\/06\/frontis-jardin-infantil.jpg?resize=300%2C197&amp;ssl=1 300w, https:\/\/i0.wp.com\/eltrabajo.cl\/portal\/wp-content\/uploads\/2015\/06\/frontis-jardin-infantil.jpg?resize=228%2C150&amp;ssl=1 228w, https:\/\/i0.wp.com\/eltrabajo.cl\/portal\/wp-content\/uploads\/2015\/06\/frontis-jardin-infantil.jpg?resize=400%2C263&amp;ssl=1 400w\" width=\"636\" height=\"418\" loading=\"lazy\" data-original-width=\"636\" data-original-height=\"418\" itemprop=\"http:\/\/schema.org\/image\" title=\"frontis jardin infantil\" alt=\"El Jard\u00edn Infantil \u2018Acuarela\u2019 se ubica en calle Carlos Condell 182 de San Felipe.\" style=\"width: 636px; height: 418px;\" \/> <\/a> <div class=\"tiled-gallery-caption\" itemprop=\"caption description\"> El Jard\u00edn Infantil \u2018Acuarela\u2019 se ubica en calle Carlos Condell 182 de San Felipe. <\/div> <\/div> <\/div> <!-- close group --> <\/div> <!-- close row --> <\/div>\n","protected":false},"excerpt":{"rendered":"<p>La madrugada de ayer delincuentes irrumpieron en Jard\u00edn Infantil \u2018Acuarela\u2019 en calle Carlos Condell de San Felipe, apoder\u00e1ndose de especies avaluadas en dos millones de pesos. Si bien Carabineros captur\u00f3 a un&#8230;<\/p>\n","protected":false},"author":482,"featured_media":59160,"comment_status":"open","ping_status":"open","sticky":false,"template":"","format":"standard","meta":{"advanced_seo_description":"","jetpack_seo_html_title":"","jetpack_seo_noindex":false,"_jetpack_memberships_contains_paid_content":false,"footnotes":""},"categories":[21],"tags":[],"class_list":["post-59159","post","type-post","status-publish","format-standard","has-post-thumbnail","hentry","category-policial"],"jetpack_featured_media_url":"https:\/\/i0.wp.com\/eltrabajo.cl\/portal\/wp-content\/uploads\/2015\/06\/Imputado.jpg?fit=530%2C348&ssl=1","jetpack_sharing_enabled":true,"jetpack_likes_enabled":true,"jetpack-related-posts":[],"_links":{"self":[{"href":"https:\/\/eltrabajo.cl\/portal\/wp-json\/wp\/v2\/posts\/59159","targetHints":{"allow":["GET"]}}],"collection":[{"href":"https:\/\/eltrabajo.cl\/portal\/wp-json\/wp\/v2\/posts"}],"about":[{"href":"https:\/\/eltrabajo.cl\/portal\/wp-json\/wp\/v2\/types\/post"}],"author":[{"embeddable":true,"href":"https:\/\/eltrabajo.cl\/portal\/wp-json\/wp\/v2\/users\/482"}],"replies":[{"embeddable":true,"href":"https:\/\/eltrabajo.cl\/portal\/wp-json\/wp\/v2\/comments?post=59159"}],"version-history":[{"count":0,"href":"https:\/\/eltrabajo.cl\/portal\/wp-json\/wp\/v2\/posts\/59159\/revisions"}],"wp:featuredmedia":[{"embeddable":true,"href":"https:\/\/eltrabajo.cl\/portal\/wp-json\/wp\/v2\/media\/59160"}],"wp:attachment":[{"href":"https:\/\/eltrabajo.cl\/portal\/wp-json\/wp\/v2\/media?parent=59159"}],"wp:term":[{"taxonomy":"category","embeddable":true,"href":"https:\/\/eltrabajo.cl\/portal\/wp-json\/wp\/v2\/categories?post=59159"},{"taxonomy":"post_tag","embeddable":true,"href":"https:\/\/eltrabajo.cl\/portal\/wp-json\/wp\/v2\/tags?post=59159"}],"curies":[{"name":"wp","href":"https:\/\/api.w.org\/{rel}","templated":true}]}}