{"id":59166,"date":"2015-06-18T09:50:33","date_gmt":"2015-06-18T12:50:33","guid":{"rendered":"http:\/\/www.eltrabajo.cl\/portal\/?p=59166"},"modified":"2015-06-18T09:51:23","modified_gmt":"2015-06-18T12:51:23","slug":"infraccionaran-a-conductores-que-cometan-faltas-en-horarios-punta-en-colegios","status":"publish","type":"post","link":"https:\/\/eltrabajo.cl\/portal\/infraccionaran-a-conductores-que-cometan-faltas-en-horarios-punta-en-colegios\/","title":{"rendered":"Infraccionar\u00e1n a conductores que cometan faltas en horarios punta en colegios"},"content":{"rendered":"<figure id=\"attachment_59167\" aria-describedby=\"caption-attachment-59167\" style=\"width: 300px\" class=\"wp-caption alignleft\"><a href=\"https:\/\/i0.wp.com\/www.eltrabajo.cl\/portal\/wp-content\/uploads\/2015\/06\/Carabineros-Moto.jpg\"><img data-recalc-dims=\"1\" loading=\"lazy\" decoding=\"async\" class=\"wp-image-59167 size-medium\" src=\"https:\/\/i0.wp.com\/www.eltrabajo.cl\/portal\/wp-content\/uploads\/2015\/06\/Carabineros-Moto-300x198.jpg?resize=300%2C198\" alt=\"Carabineros cursar\u00e1 infracciones a los automovilistas que no respeten las se\u00f1ales del tr\u00e1nsito, especialmente en horarios cr\u00edticos donde se ocasionan grandes congestiones vehiculares en la comuna de San Felipe.  (Foto Referencial).\" width=\"300\" height=\"198\" srcset=\"https:\/\/i0.wp.com\/eltrabajo.cl\/portal\/wp-content\/uploads\/2015\/06\/Carabineros-Moto.jpg?resize=300%2C198&amp;ssl=1 300w, https:\/\/i0.wp.com\/eltrabajo.cl\/portal\/wp-content\/uploads\/2015\/06\/Carabineros-Moto.jpg?resize=200%2C132&amp;ssl=1 200w, https:\/\/i0.wp.com\/eltrabajo.cl\/portal\/wp-content\/uploads\/2015\/06\/Carabineros-Moto.jpg?resize=227%2C150&amp;ssl=1 227w, https:\/\/i0.wp.com\/eltrabajo.cl\/portal\/wp-content\/uploads\/2015\/06\/Carabineros-Moto.jpg?resize=400%2C264&amp;ssl=1 400w, https:\/\/i0.wp.com\/eltrabajo.cl\/portal\/wp-content\/uploads\/2015\/06\/Carabineros-Moto.jpg?w=530&amp;ssl=1 530w\" sizes=\"auto, (max-width: 300px) 100vw, 300px\" \/><\/a><figcaption id=\"caption-attachment-59167\" class=\"wp-caption-text\">Carabineros cursar\u00e1 infracciones a los automovilistas que no respeten las se\u00f1ales del tr\u00e1nsito, especialmente en horarios cr\u00edticos donde se ocasionan grandes congestiones vehiculares en la comuna de San Felipe. (Foto Referencial).<\/figcaption><\/figure>\n<p>Carabineros efectu\u00f3 un llamado a la comunidad a no cometer faltas a la normativa de tr\u00e1nsito, advirtiendo que se cursar\u00e1n infracciones a los conductores que no respeten las se\u00f1al\u00e9ticas instaladas especialmente en los colegios.<br \/>\nLo anterior debido a la gran congesti\u00f3n vehicular que se produce a primeras horas del d\u00eda por automovilistas que se dirigen a dejar a sus hijos a los colegios, quienes detienen sus veh\u00edculos en segunda fila o simplemente se estacionan en lugares habilitados para el transporte de escolares, generando enormes tacos.<br \/>\nAs\u00ed lo inform\u00f3 la Comisario de Carabineros, Mayor Maureen Espinoza, precisando que desde la semana pasada se dispuso de servicios especiales y patrullajes por las arterias m\u00e1s conflictivas, donde se generan las principales congestiones de tr\u00e1nsito en las primeras horas de la ma\u00f1ana y al t\u00e9rmino de la jornada escolar, principalmente avenidas y calles donde se ubican los colegios.<br \/>\n\u201cExisten problemas en los estacionamientos en las cercan\u00edas de establecimientos educacionales, entonces para evitar congestiones vehiculares que se producen a las salidas y llegadas de los alumnos, se han dispuesto una serie de servicios y patrullajes especiales para notificar aquellas personas que se detienen o se estacionan en lugares que no est\u00e1n permitido o en muchas oportunidades utilizan estacionamientos que est\u00e1n exclusivamente asignados para el transporte escolar\u201d, afirm\u00f3 la oficial de Carabineros.<br \/>\nEn este sentido y como una forma de advertir a los conductores, se cursar\u00e1n infracciones a la Ley de Tr\u00e1nsito que se est\u00e9n cometiendo y que Carabineros sea testigo; \u201cla invitaci\u00f3n es que los conductores respeten las se\u00f1al\u00e9ticas y evitemos accidentes que podr\u00edan afectar a los ni\u00f1os. Se ha dispuesto esta fiscalizaci\u00f3n, insisto, a todos los conductores que se detengan en segunda fila y se estacionen en lugares prohibidos y que lo hagan con riesgo de accidentes de tr\u00e1nsito, adem\u00e1s de ocasionar una gran congesti\u00f3n vehicular\u201d concluy\u00f3 la Comisario Maureen Espinoza.<br \/>\n<strong>Pablo Salinas Sald\u00edas<\/strong><\/p>\n","protected":false},"excerpt":{"rendered":"<p>Carabineros efectu\u00f3 un llamado a la comunidad a no cometer faltas a la normativa de tr\u00e1nsito, advirtiendo que se cursar\u00e1n infracciones a los conductores que no respeten las se\u00f1al\u00e9ticas instaladas especialmente en&#8230;<\/p>\n","protected":false},"author":482,"featured_media":59167,"comment_status":"open","ping_status":"open","sticky":false,"template":"","format":"standard","meta":{"advanced_seo_description":"","jetpack_seo_html_title":"","jetpack_seo_noindex":false,"_jetpack_memberships_contains_paid_content":false,"footnotes":""},"categories":[21],"tags":[],"class_list":["post-59166","post","type-post","status-publish","format-standard","has-post-thumbnail","hentry","category-policial"],"jetpack_featured_media_url":"https:\/\/i0.wp.com\/eltrabajo.cl\/portal\/wp-content\/uploads\/2015\/06\/Carabineros-Moto.jpg?fit=530%2C350&ssl=1","jetpack_sharing_enabled":true,"jetpack_likes_enabled":true,"jetpack-related-posts":[],"_links":{"self":[{"href":"https:\/\/eltrabajo.cl\/portal\/wp-json\/wp\/v2\/posts\/59166","targetHints":{"allow":["GET"]}}],"collection":[{"href":"https:\/\/eltrabajo.cl\/portal\/wp-json\/wp\/v2\/posts"}],"about":[{"href":"https:\/\/eltrabajo.cl\/portal\/wp-json\/wp\/v2\/types\/post"}],"author":[{"embeddable":true,"href":"https:\/\/eltrabajo.cl\/portal\/wp-json\/wp\/v2\/users\/482"}],"replies":[{"embeddable":true,"href":"https:\/\/eltrabajo.cl\/portal\/wp-json\/wp\/v2\/comments?post=59166"}],"version-history":[{"count":0,"href":"https:\/\/eltrabajo.cl\/portal\/wp-json\/wp\/v2\/posts\/59166\/revisions"}],"wp:featuredmedia":[{"embeddable":true,"href":"https:\/\/eltrabajo.cl\/portal\/wp-json\/wp\/v2\/media\/59167"}],"wp:attachment":[{"href":"https:\/\/eltrabajo.cl\/portal\/wp-json\/wp\/v2\/media?parent=59166"}],"wp:term":[{"taxonomy":"category","embeddable":true,"href":"https:\/\/eltrabajo.cl\/portal\/wp-json\/wp\/v2\/categories?post=59166"},{"taxonomy":"post_tag","embeddable":true,"href":"https:\/\/eltrabajo.cl\/portal\/wp-json\/wp\/v2\/tags?post=59166"}],"curies":[{"name":"wp","href":"https:\/\/api.w.org\/{rel}","templated":true}]}}