{"id":59204,"date":"2015-06-19T09:43:14","date_gmt":"2015-06-19T12:43:14","guid":{"rendered":"http:\/\/www.eltrabajo.cl\/portal\/?p=59204"},"modified":"2015-06-19T09:43:14","modified_gmt":"2015-06-19T12:43:14","slug":"comenzo-el-llenado-de-la-primera-parte-del-embalse-chacrillas-de-putaendo","status":"publish","type":"post","link":"https:\/\/eltrabajo.cl\/portal\/comenzo-el-llenado-de-la-primera-parte-del-embalse-chacrillas-de-putaendo\/","title":{"rendered":"Comenz\u00f3 el llenado de la primera parte del Embalse Chacrillas de Putaendo"},"content":{"rendered":"<figure id=\"attachment_59205\" aria-describedby=\"caption-attachment-59205\" style=\"width: 300px\" class=\"wp-caption alignleft\"><a href=\"https:\/\/i0.wp.com\/www.eltrabajo.cl\/portal\/wp-content\/uploads\/2015\/06\/embalse07.jpg\"><img data-recalc-dims=\"1\" loading=\"lazy\" decoding=\"async\" class=\"wp-image-59205 size-medium\" src=\"https:\/\/i0.wp.com\/www.eltrabajo.cl\/portal\/wp-content\/uploads\/2015\/06\/embalse07-300x198.jpg?resize=300%2C198\" alt=\"Cerrada la compuerta de la torre de 14 metros de altura, comenz\u00f3 el llenado de aproximadamente 270.000 metros c\u00fabicos de agua, exactamente el 1% de los 27 millones de litros de agua que podr\u00e1 almacenar el embalse Chacrillas.\" width=\"300\" height=\"198\" srcset=\"https:\/\/i0.wp.com\/eltrabajo.cl\/portal\/wp-content\/uploads\/2015\/06\/embalse07.jpg?resize=300%2C198&amp;ssl=1 300w, https:\/\/i0.wp.com\/eltrabajo.cl\/portal\/wp-content\/uploads\/2015\/06\/embalse07.jpg?resize=200%2C132&amp;ssl=1 200w, https:\/\/i0.wp.com\/eltrabajo.cl\/portal\/wp-content\/uploads\/2015\/06\/embalse07.jpg?resize=228%2C150&amp;ssl=1 228w, https:\/\/i0.wp.com\/eltrabajo.cl\/portal\/wp-content\/uploads\/2015\/06\/embalse07.jpg?resize=400%2C263&amp;ssl=1 400w, https:\/\/i0.wp.com\/eltrabajo.cl\/portal\/wp-content\/uploads\/2015\/06\/embalse07.jpg?w=530&amp;ssl=1 530w\" sizes=\"auto, (max-width: 300px) 100vw, 300px\" \/><\/a><figcaption id=\"caption-attachment-59205\" class=\"wp-caption-text\">Cerrada la compuerta de la torre de 14 metros de altura, comenz\u00f3 el llenado de aproximadamente 270.000 metros c\u00fabicos de agua, exactamente el 1% de los 27 millones de litros de agua que podr\u00e1 almacenar el embalse Chacrillas.<\/figcaption><\/figure>\n<p>A las 13:35 horas de este jueves se baj\u00f3 la compuerta de la torre que tiene 14 metros de altura, dando inicio al llenado de aproximadamente 270.000 metros c\u00fabicos de agua que permitir\u00e1n completar esta primera parte.<br \/>\nLa ceremonia fue encabezada por los ministros de Obras P\u00fablicas, Alberto Undurraga Vicu\u00f1a, y de Agricultura, Carlos Furche Guajardo, quienes arribaron hasta la mega obra ubicada en Putaendo, en compa\u00f1\u00eda del Delegado Presidencial de Recursos H\u00eddricos, Reinaldo Ruiz; del Intendente de la Regi\u00f3n Ricardo Bravo; el Gobernador Eduardo Le\u00f3n; Seremis; directores de servicios; el Alcalde Guillermo Reyes; el Concejo Municipal de Putaendo y altos ejecutivos de la empresa OHL; adem\u00e1s de la junta de vigilancia del R\u00edo Putaendo, encabezada por su presidente Miguel Vega, junto a un sinn\u00famero de agricultores y algunos representantes de los APR de Putaendo.<br \/>\nMiguel Vega se\u00f1al\u00f3 que sin lugar a dudas el momento que este jueves se viv\u00eda era hist\u00f3rico, y en sentidas palabras record\u00f3 a tantos agricultores que so\u00f1aron con este embalse y que hoy ya partieron a la eternidad, agradeciendo el apoyo de todas las autoridades y de manera especial a la Presidenta Bachelet y al ex Presidente Pi\u00f1era, destacando tambi\u00e9n el rol importante que jugaron en su momento los ex senadores Carlos Ominami y Sergio Romero.<br \/>\nVega dijo que de hoy en adelante y una vez que el embalse est\u00e9 en condiciones, se optimizar\u00e1 el riego en m\u00e1s de un 80% para toda la comuna y se regar\u00e1n m\u00e1s de 7.000 hect\u00e1reas, lo que es todo un sue\u00f1o para los agricultores de Putaendo.<\/p>\n<figure id=\"attachment_59206\" aria-describedby=\"caption-attachment-59206\" style=\"width: 300px\" class=\"wp-caption alignright\"><a href=\"https:\/\/i0.wp.com\/www.eltrabajo.cl\/portal\/wp-content\/uploads\/2015\/06\/chacrillas_800.jpg\"><img data-recalc-dims=\"1\" loading=\"lazy\" decoding=\"async\" class=\"wp-image-59206 size-medium\" src=\"https:\/\/i0.wp.com\/www.eltrabajo.cl\/portal\/wp-content\/uploads\/2015\/06\/chacrillas_800-300x198.jpg?resize=300%2C198\" alt=\"Diversas autoridades encabezadas por el Ministro de Obras P\u00fablicas, Alberto Undurraga, en la ceremonia de cierre de compuertas del embalse Chacrillas.\" width=\"300\" height=\"198\" srcset=\"https:\/\/i0.wp.com\/eltrabajo.cl\/portal\/wp-content\/uploads\/2015\/06\/chacrillas_800.jpg?resize=300%2C198&amp;ssl=1 300w, https:\/\/i0.wp.com\/eltrabajo.cl\/portal\/wp-content\/uploads\/2015\/06\/chacrillas_800.jpg?resize=200%2C132&amp;ssl=1 200w, https:\/\/i0.wp.com\/eltrabajo.cl\/portal\/wp-content\/uploads\/2015\/06\/chacrillas_800.jpg?resize=228%2C150&amp;ssl=1 228w, https:\/\/i0.wp.com\/eltrabajo.cl\/portal\/wp-content\/uploads\/2015\/06\/chacrillas_800.jpg?resize=400%2C263&amp;ssl=1 400w, https:\/\/i0.wp.com\/eltrabajo.cl\/portal\/wp-content\/uploads\/2015\/06\/chacrillas_800.jpg?w=530&amp;ssl=1 530w\" sizes=\"auto, (max-width: 300px) 100vw, 300px\" \/><\/a><figcaption id=\"caption-attachment-59206\" class=\"wp-caption-text\">Diversas autoridades encabezadas por el Ministro de Obras P\u00fablicas, Alberto Undurraga, en la ceremonia de cierre de compuertas del embalse Chacrillas.<\/figcaption><\/figure>\n<p>La Junta de Vigilancia quiso reconocer el importante apoyo del Inspector Fiscal Mario Rosales, que seg\u00fan se\u00f1al\u00f3 Miguel Vega, fue determinante en la concreci\u00f3n de varias etapas del proyecto que no estaban contempladas primeramente, por lo que a nombre de todos los regantes se le hizo entrega de un hermoso cuadro con paisajes locales.<br \/>\nEn tanto el Intendente Ricardo Bravo, comparti\u00f3 la alegr\u00eda de este hist\u00f3rico momento y exigi\u00f3 que las autoridades ministeriales aseguren que del Embalse Chacrillas y de las acciones de agua que se encuentran disponibles, se pueda solucionar el problema definitivo de los APR de la comuna.<br \/>\nPor su parte el Ministro de Agricultura Carlos Furche, felicit\u00f3 el empuje y empe\u00f1o de los agricultores locales y destac\u00f3 que esta obra no tan solo favorecer\u00e1 a los regantes, sino que tambi\u00e9n ser\u00e1 un apoyo importante para los distintos comit\u00e9s de agua potable rural de la comuna, destacando como este gobierno se encuentra realizando grandes obras en beneficio de los agricultores.<br \/>\nFinalmente el Ministro de Obras P\u00fablicas Alberto Undurraga, aparte de celebrar el momento que se estaba viviendo, y de felicitar a los regantes, dijo que recog\u00eda la propuesta del Intendente y asegur\u00f3 que ser\u00e1n garantes que los APR de Putaendo puedan tener agua del Embalse Chacrillas, se\u00f1alando adem\u00e1s que esta obra es una de las m\u00e1s grandes a nivel regional y una de las primeras grandes tambi\u00e9n que se inauguran en este gobierno.<br \/>\nFue el mismo Ministro quien v\u00eda radial dio la orden para que fuera bajada la enorme compuerta, comenzando as\u00ed el retroceso y acumulaci\u00f3n de las aguas del R\u00edo Roc\u00edn en el Embalse Chacrillas, en un hecho hist\u00f3rico e in\u00e9dito pues despu\u00e9s de muchos a\u00f1os comenz\u00f3 finalmente el llenado de este megaproyecto llamado Embalse Chacrillas, que hoy se encuentra en un 95% terminado y que permitir\u00e1 la acumulaci\u00f3n de 27 millones de litros de agua, con una inversi\u00f3n que seg\u00fan indic\u00f3 Miguel Vega, super\u00f3 con creces los 80 millones de d\u00f3lares.<br \/>\nLos asistentes mostraron su alegr\u00eda y satisfacci\u00f3n, lo que se reflej\u00f3 en las palabras del Alcalde Reyes, quien se\u00f1al\u00f3 que no tan solo era un momento hist\u00f3rico sino trascendental y formaba parte del sistem\u00e1tico avance que en el \u00faltimo tiempo ha tenido Putaendo.<br \/>\n<strong>Patricio Gallardo M.<\/strong><\/p>\n","protected":false},"excerpt":{"rendered":"<p>A las 13:35 horas de este jueves se baj\u00f3 la compuerta de la torre que tiene 14 metros de altura, dando inicio al llenado de aproximadamente 270.000 metros c\u00fabicos de agua que&#8230;<\/p>\n","protected":false},"author":482,"featured_media":59205,"comment_status":"open","ping_status":"open","sticky":false,"template":"","format":"standard","meta":{"advanced_seo_description":"","jetpack_seo_html_title":"","jetpack_seo_noindex":false,"_jetpack_memberships_contains_paid_content":false,"footnotes":""},"categories":[15],"tags":[],"class_list":["post-59204","post","type-post","status-publish","format-standard","has-post-thumbnail","hentry","category-comunidad"],"jetpack_featured_media_url":"https:\/\/i0.wp.com\/eltrabajo.cl\/portal\/wp-content\/uploads\/2015\/06\/embalse07.jpg?fit=530%2C349&ssl=1","jetpack_sharing_enabled":true,"jetpack_likes_enabled":true,"jetpack-related-posts":[],"_links":{"self":[{"href":"https:\/\/eltrabajo.cl\/portal\/wp-json\/wp\/v2\/posts\/59204","targetHints":{"allow":["GET"]}}],"collection":[{"href":"https:\/\/eltrabajo.cl\/portal\/wp-json\/wp\/v2\/posts"}],"about":[{"href":"https:\/\/eltrabajo.cl\/portal\/wp-json\/wp\/v2\/types\/post"}],"author":[{"embeddable":true,"href":"https:\/\/eltrabajo.cl\/portal\/wp-json\/wp\/v2\/users\/482"}],"replies":[{"embeddable":true,"href":"https:\/\/eltrabajo.cl\/portal\/wp-json\/wp\/v2\/comments?post=59204"}],"version-history":[{"count":0,"href":"https:\/\/eltrabajo.cl\/portal\/wp-json\/wp\/v2\/posts\/59204\/revisions"}],"wp:featuredmedia":[{"embeddable":true,"href":"https:\/\/eltrabajo.cl\/portal\/wp-json\/wp\/v2\/media\/59205"}],"wp:attachment":[{"href":"https:\/\/eltrabajo.cl\/portal\/wp-json\/wp\/v2\/media?parent=59204"}],"wp:term":[{"taxonomy":"category","embeddable":true,"href":"https:\/\/eltrabajo.cl\/portal\/wp-json\/wp\/v2\/categories?post=59204"},{"taxonomy":"post_tag","embeddable":true,"href":"https:\/\/eltrabajo.cl\/portal\/wp-json\/wp\/v2\/tags?post=59204"}],"curies":[{"name":"wp","href":"https:\/\/api.w.org\/{rel}","templated":true}]}}