{"id":59208,"date":"2015-06-19T09:44:05","date_gmt":"2015-06-19T12:44:05","guid":{"rendered":"http:\/\/www.eltrabajo.cl\/portal\/?p=59208"},"modified":"2015-06-19T09:44:05","modified_gmt":"2015-06-19T12:44:05","slug":"celebran-77-anos-de-club-deportivo-bucalemu","status":"publish","type":"post","link":"https:\/\/eltrabajo.cl\/portal\/celebran-77-anos-de-club-deportivo-bucalemu\/","title":{"rendered":"Celebran 77 a\u00f1os de Club Deportivo Bucalemu"},"content":{"rendered":"<figure id=\"attachment_59209\" aria-describedby=\"caption-attachment-59209\" style=\"width: 300px\" class=\"wp-caption alignleft\"><a href=\"https:\/\/i0.wp.com\/www.eltrabajo.cl\/portal\/wp-content\/uploads\/2015\/06\/Club-bucalemu.jpg\"><img data-recalc-dims=\"1\" loading=\"lazy\" decoding=\"async\" class=\"wp-image-59209 size-medium\" src=\"https:\/\/i0.wp.com\/www.eltrabajo.cl\/portal\/wp-content\/uploads\/2015\/06\/Club-bucalemu-300x197.jpg?resize=300%2C197\" alt=\"A la celebraci\u00f3n asisti\u00f3 el alcalde Pedro Caballer\u00eda, junto a otras autoridades que acompa\u00f1aron a 200 socios del Club Deportivo Bucalemu.\" width=\"300\" height=\"197\" srcset=\"https:\/\/i0.wp.com\/eltrabajo.cl\/portal\/wp-content\/uploads\/2015\/06\/Club-bucalemu.jpg?resize=300%2C197&amp;ssl=1 300w, https:\/\/i0.wp.com\/eltrabajo.cl\/portal\/wp-content\/uploads\/2015\/06\/Club-bucalemu.jpg?resize=200%2C131&amp;ssl=1 200w, https:\/\/i0.wp.com\/eltrabajo.cl\/portal\/wp-content\/uploads\/2015\/06\/Club-bucalemu.jpg?resize=228%2C150&amp;ssl=1 228w, https:\/\/i0.wp.com\/eltrabajo.cl\/portal\/wp-content\/uploads\/2015\/06\/Club-bucalemu.jpg?resize=400%2C263&amp;ssl=1 400w, https:\/\/i0.wp.com\/eltrabajo.cl\/portal\/wp-content\/uploads\/2015\/06\/Club-bucalemu.jpg?w=530&amp;ssl=1 530w\" sizes=\"auto, (max-width: 300px) 100vw, 300px\" \/><\/a><figcaption id=\"caption-attachment-59209\" class=\"wp-caption-text\">A la celebraci\u00f3n asisti\u00f3 el alcalde Pedro Caballer\u00eda, junto a otras autoridades que acompa\u00f1aron a 200 socios del Club Deportivo Bucalemu.<\/figcaption><\/figure>\n<p><strong>RINCONADA.<\/strong>&#8211; Una instituci\u00f3n que naci\u00f3 en 1938 es Bucalemu, este club deportivo al que cada vez se suman m\u00e1s adeptos celebr\u00f3 este fin de semana sus 77 a\u00f1os.<br \/>\nLa ceremonia que comenz\u00f3 a eso de las 21 horas, cont\u00f3 con varias palabras de agradecimiento y felicitaciones en su inicio, oportunidad en la que se aprovech\u00f3 tambi\u00e9n de premiar a quienes participan activamente, a uno de los primeros socios y otros simb\u00f3licos reconocimientos.<br \/>\nA la actividad asisti\u00f3 el alcalde Pedro Caballer\u00eda, quien en m\u00e1s de una oportunidad a reafirmado el apoyo que le da a este sector, considerados hijos adoptivos de la comuna, tambi\u00e9n participaron los concejales Pablo Donat y Hugo Riquelme, el presidente de la Afar, Daniel Ag\u00fcero, la directiva del club, entre otros.<br \/>\nAndr\u00e9s Herrera, es el actual presidente del Club Deportivo Bucalemu, quien manifest\u00f3 su sensaci\u00f3n de alegr\u00eda, ya que no cualquier club cumple 77 a\u00f1os: \u201cme llena de orgullo ser presidente de una instituci\u00f3n como \u00e9sta, nos colocamos metas, las hemos cumplido, somos una instituci\u00f3n seria y tratamos de ser un aporte al deporte de Rinconada\u201d.<br \/>\nNos contaba adem\u00e1s que como es un pueblo peque\u00f1o, la gente va mucho a la cancha el d\u00eda domingo, donde participa bastante la dama, la mujer es la hincha n\u00famero uno que tienen. En cuanto al financiamiento del club, su presidente se\u00f1ala que \u201cnos vemos beneficiados de la subvenci\u00f3n que da el alcalde a la asociaci\u00f3n y los aportes que recibimos a veces de forma particular por el club, as\u00ed que los agradecimientos son para Caballer\u00eda y para su Concejo Municipal, ya que a nosotros siempre nos han recibido de buena forma\u201d.<br \/>\nEl alcalde Caballer\u00eda por su parte destac\u00f3 lo bonita y agradable que es esta celebraci\u00f3n, con una gran asistencia de socios, mencionando que esta instituci\u00f3n tiene logros importantes que mostrarles a la comunidad; el a\u00f1o pasado, en el campeonato de Fiestas Patrias, con dos series salieron campeones y han representado muy bien en el campeonato provincial.<br \/>\nEn la ocasi\u00f3n se entregaron diplomas de reconocimiento y participaci\u00f3n a destacados socios de Bucalemu, se tomaron fotograf\u00edas y posteriormente se dio paso a una rica cena, pero eso no era todo, para el final se ten\u00eda preparado un show musical y bailable con una banda en vivo.<\/p>\n","protected":false},"excerpt":{"rendered":"<p>RINCONADA.&#8211; Una instituci\u00f3n que naci\u00f3 en 1938 es Bucalemu, este club deportivo al que cada vez se suman m\u00e1s adeptos celebr\u00f3 este fin de semana sus 77 a\u00f1os. La ceremonia que comenz\u00f3&#8230;<\/p>\n","protected":false},"author":482,"featured_media":59209,"comment_status":"open","ping_status":"open","sticky":false,"template":"","format":"standard","meta":{"advanced_seo_description":"","jetpack_seo_html_title":"","jetpack_seo_noindex":false,"_jetpack_memberships_contains_paid_content":false,"footnotes":""},"categories":[15],"tags":[],"class_list":["post-59208","post","type-post","status-publish","format-standard","has-post-thumbnail","hentry","category-comunidad"],"jetpack_featured_media_url":"https:\/\/i0.wp.com\/eltrabajo.cl\/portal\/wp-content\/uploads\/2015\/06\/Club-bucalemu.jpg?fit=530%2C348&ssl=1","jetpack_sharing_enabled":true,"jetpack_likes_enabled":true,"jetpack-related-posts":[],"_links":{"self":[{"href":"https:\/\/eltrabajo.cl\/portal\/wp-json\/wp\/v2\/posts\/59208","targetHints":{"allow":["GET"]}}],"collection":[{"href":"https:\/\/eltrabajo.cl\/portal\/wp-json\/wp\/v2\/posts"}],"about":[{"href":"https:\/\/eltrabajo.cl\/portal\/wp-json\/wp\/v2\/types\/post"}],"author":[{"embeddable":true,"href":"https:\/\/eltrabajo.cl\/portal\/wp-json\/wp\/v2\/users\/482"}],"replies":[{"embeddable":true,"href":"https:\/\/eltrabajo.cl\/portal\/wp-json\/wp\/v2\/comments?post=59208"}],"version-history":[{"count":0,"href":"https:\/\/eltrabajo.cl\/portal\/wp-json\/wp\/v2\/posts\/59208\/revisions"}],"wp:featuredmedia":[{"embeddable":true,"href":"https:\/\/eltrabajo.cl\/portal\/wp-json\/wp\/v2\/media\/59209"}],"wp:attachment":[{"href":"https:\/\/eltrabajo.cl\/portal\/wp-json\/wp\/v2\/media?parent=59208"}],"wp:term":[{"taxonomy":"category","embeddable":true,"href":"https:\/\/eltrabajo.cl\/portal\/wp-json\/wp\/v2\/categories?post=59208"},{"taxonomy":"post_tag","embeddable":true,"href":"https:\/\/eltrabajo.cl\/portal\/wp-json\/wp\/v2\/tags?post=59208"}],"curies":[{"name":"wp","href":"https:\/\/api.w.org\/{rel}","templated":true}]}}