{"id":59211,"date":"2015-06-19T09:45:22","date_gmt":"2015-06-19T12:45:22","guid":{"rendered":"http:\/\/www.eltrabajo.cl\/portal\/?p=59211"},"modified":"2015-06-19T09:45:22","modified_gmt":"2015-06-19T12:45:22","slug":"con-acto-publico-conmemoran-dia-mundial-contra-el-maltrato-del-adulto-mayor","status":"publish","type":"post","link":"https:\/\/eltrabajo.cl\/portal\/con-acto-publico-conmemoran-dia-mundial-contra-el-maltrato-del-adulto-mayor\/","title":{"rendered":"Con acto p\u00fablico conmemoran D\u00eda mundial contra el maltrato del adulto mayor"},"content":{"rendered":"<figure id=\"attachment_59212\" aria-describedby=\"caption-attachment-59212\" style=\"width: 300px\" class=\"wp-caption alignleft\"><a href=\"https:\/\/i0.wp.com\/www.eltrabajo.cl\/portal\/wp-content\/uploads\/2015\/06\/Dia-adulto-mayor.jpg\"><img data-recalc-dims=\"1\" loading=\"lazy\" decoding=\"async\" class=\"wp-image-59212 size-medium\" src=\"https:\/\/i0.wp.com\/www.eltrabajo.cl\/portal\/wp-content\/uploads\/2015\/06\/Dia-adulto-mayor-300x198.jpg?resize=300%2C198\" alt=\"En el acto participaron diversas autoridades y tubo como finalidad concientizar a la poblaci\u00f3n sobre la importancia de los adultos mayores en la sociedad.\" width=\"300\" height=\"198\" srcset=\"https:\/\/i0.wp.com\/eltrabajo.cl\/portal\/wp-content\/uploads\/2015\/06\/Dia-adulto-mayor.jpg?resize=300%2C198&amp;ssl=1 300w, https:\/\/i0.wp.com\/eltrabajo.cl\/portal\/wp-content\/uploads\/2015\/06\/Dia-adulto-mayor.jpg?resize=200%2C132&amp;ssl=1 200w, https:\/\/i0.wp.com\/eltrabajo.cl\/portal\/wp-content\/uploads\/2015\/06\/Dia-adulto-mayor.jpg?resize=227%2C150&amp;ssl=1 227w, https:\/\/i0.wp.com\/eltrabajo.cl\/portal\/wp-content\/uploads\/2015\/06\/Dia-adulto-mayor.jpg?resize=400%2C264&amp;ssl=1 400w, https:\/\/i0.wp.com\/eltrabajo.cl\/portal\/wp-content\/uploads\/2015\/06\/Dia-adulto-mayor.jpg?w=530&amp;ssl=1 530w\" sizes=\"auto, (max-width: 300px) 100vw, 300px\" \/><\/a><figcaption id=\"caption-attachment-59212\" class=\"wp-caption-text\">En el acto participaron diversas autoridades y tubo como finalidad concientizar a la poblaci\u00f3n sobre la importancia de los adultos mayores en la sociedad.<\/figcaption><\/figure>\n<ul>\n<li><strong>La actividad tuvo la finalidad crear conciencia, cuidar y proteger a las personas de la tercera edad.<\/strong><\/li>\n<\/ul>\n<p><strong>LOS ANDES<\/strong>.- En la plaza de armas de Los Andes se realiz\u00f3 el acto oficial de conmemoraci\u00f3n del D\u00eda Contra el Maltrato del Adulto Mayor y abandono en la vejez, con la finalidad de tomar conciencia, cuidar y proteger a los adultos mayores, adem\u00e1s de entregarles las herramientas necesarias para construir escenarios de inclusi\u00f3n y mayor dignidad.<br \/>\nEn este contexto, la gobernadora Mar\u00eda Victoria Rodr\u00edguez, indic\u00f3 que se esto debe ser una pol\u00edtica de vida y de relacionarse con el adulto mayor, \u201cporque el buen trato no solo implica relacionarse bien con ellos, sino tambi\u00e9n respetar sus derechos, protegerlos y agradecer lo que significan los adultos mayores en nuestra historia de pa\u00eds, provincia y valle donde han dado su vida en las diferentes funciones\u201d.<br \/>\nRecord\u00f3 que cuando ellos se jubilan no se van simplemente para la casa, sino que participan activamente de la sociedad, dan opiniones y son actores muy activos de la sociedad.<br \/>\nPor ello afirm\u00f3 que para el gobierno de la presidenta Bachelet los adultos mayores son una prioridad, \u201cya que el buen trato debe ser la prioridad en nuestras relaciones porque nuestra poblaci\u00f3n est\u00e1 envejeciendo y las expectativas de vida son cada vez m\u00e1s altas y nosotros sabemos que vamos a llegar a ser adultos mayores y tenemos que establecer los caminos de equidad, igualdad y respeto de sus derechos\u201d.<br \/>\nInsisti\u00f3 en que las demandas de los adultos mayores se tienen que ir resolviendo y cada vez entregarles un mejor trato como sociedad.<br \/>\nPor su parte, la Coordinadora Regional del Servicio Nacional del Adulto Mayor (Senama), Viviana Valle, manifest\u00f3 que durante todo el a\u00f1o llevar\u00e1n adelante una campa\u00f1a para motivar el buen trato a las personas mayores y que est\u00e1 enfocada a que las distintas generaciones presenten un trato de respeto, reconocimiento y valoraci\u00f3n hacia las personas de la tercera edad.<br \/>\nAgreg\u00f3 que los adultos mayores deben ser considerados como parte de las familias con todos sus derechos.<br \/>\nPor ello, insisti\u00f3 en que la gran queja que tienen los adultos mayores es que no son escuchados, no son respetados e incluso sus opiniones no son consideradas al interior de su propia familia, \u201cpor lo que debemos dar espacios de participaci\u00f3n e inclusi\u00f3n para nuestros mayores\u201d.<br \/>\nLa coordinadora remarc\u00f3 que es importante transmitir a las nuevas generaciones la valorizaci\u00f3n por el adulto mayor, \u201cporque la experiencia y sabidur\u00eda es su gran aporte a la sociedad, porque al final todos vamos a llegar viejos y por eso tenemos el enorme desaf\u00edo de construir una sociedad m\u00e1s amable para todas las edades\u201d.<\/p>\n","protected":false},"excerpt":{"rendered":"<p>La actividad tuvo la finalidad crear conciencia, cuidar y proteger a las personas de la tercera edad. LOS ANDES.- En la plaza de armas de Los Andes se realiz\u00f3 el acto oficial&#8230;<\/p>\n","protected":false},"author":482,"featured_media":59212,"comment_status":"open","ping_status":"open","sticky":false,"template":"","format":"standard","meta":{"advanced_seo_description":"","jetpack_seo_html_title":"","jetpack_seo_noindex":false,"_jetpack_memberships_contains_paid_content":false,"footnotes":""},"categories":[15],"tags":[],"class_list":["post-59211","post","type-post","status-publish","format-standard","has-post-thumbnail","hentry","category-comunidad"],"jetpack_featured_media_url":"https:\/\/i0.wp.com\/eltrabajo.cl\/portal\/wp-content\/uploads\/2015\/06\/Dia-adulto-mayor.jpg?fit=530%2C350&ssl=1","jetpack_sharing_enabled":true,"jetpack_likes_enabled":true,"jetpack-related-posts":[],"_links":{"self":[{"href":"https:\/\/eltrabajo.cl\/portal\/wp-json\/wp\/v2\/posts\/59211","targetHints":{"allow":["GET"]}}],"collection":[{"href":"https:\/\/eltrabajo.cl\/portal\/wp-json\/wp\/v2\/posts"}],"about":[{"href":"https:\/\/eltrabajo.cl\/portal\/wp-json\/wp\/v2\/types\/post"}],"author":[{"embeddable":true,"href":"https:\/\/eltrabajo.cl\/portal\/wp-json\/wp\/v2\/users\/482"}],"replies":[{"embeddable":true,"href":"https:\/\/eltrabajo.cl\/portal\/wp-json\/wp\/v2\/comments?post=59211"}],"version-history":[{"count":0,"href":"https:\/\/eltrabajo.cl\/portal\/wp-json\/wp\/v2\/posts\/59211\/revisions"}],"wp:featuredmedia":[{"embeddable":true,"href":"https:\/\/eltrabajo.cl\/portal\/wp-json\/wp\/v2\/media\/59212"}],"wp:attachment":[{"href":"https:\/\/eltrabajo.cl\/portal\/wp-json\/wp\/v2\/media?parent=59211"}],"wp:term":[{"taxonomy":"category","embeddable":true,"href":"https:\/\/eltrabajo.cl\/portal\/wp-json\/wp\/v2\/categories?post=59211"},{"taxonomy":"post_tag","embeddable":true,"href":"https:\/\/eltrabajo.cl\/portal\/wp-json\/wp\/v2\/tags?post=59211"}],"curies":[{"name":"wp","href":"https:\/\/api.w.org\/{rel}","templated":true}]}}