{"id":59223,"date":"2015-06-19T09:54:55","date_gmt":"2015-06-19T12:54:55","guid":{"rendered":"http:\/\/www.eltrabajo.cl\/portal\/?p=59223"},"modified":"2015-06-19T09:54:55","modified_gmt":"2015-06-19T12:54:55","slug":"choque-frontal-entre-colectivo-y-vehiculo-particular-arrojo-dos-muertos","status":"publish","type":"post","link":"https:\/\/eltrabajo.cl\/portal\/choque-frontal-entre-colectivo-y-vehiculo-particular-arrojo-dos-muertos\/","title":{"rendered":"Choque frontal entre colectivo y veh\u00edculo particular arroj\u00f3 dos muertos"},"content":{"rendered":"<figure id=\"attachment_59224\" aria-describedby=\"caption-attachment-59224\" style=\"width: 300px\" class=\"wp-caption alignleft\"><a href=\"https:\/\/i0.wp.com\/www.eltrabajo.cl\/portal\/wp-content\/uploads\/2015\/06\/colision-fatal-tocornal-victimasfatal.jpg\"><img data-recalc-dims=\"1\" loading=\"lazy\" decoding=\"async\" class=\"wp-image-59224 size-medium\" src=\"https:\/\/i0.wp.com\/www.eltrabajo.cl\/portal\/wp-content\/uploads\/2015\/06\/colision-fatal-tocornal-victimasfatal-300x198.jpg?resize=300%2C198\" alt=\"Dos personas perdieron la vida en el lamentable accidente de ayer antes del amanecer.\" width=\"300\" height=\"198\" srcset=\"https:\/\/i0.wp.com\/eltrabajo.cl\/portal\/wp-content\/uploads\/2015\/06\/colision-fatal-tocornal-victimasfatal.jpg?resize=300%2C198&amp;ssl=1 300w, https:\/\/i0.wp.com\/eltrabajo.cl\/portal\/wp-content\/uploads\/2015\/06\/colision-fatal-tocornal-victimasfatal.jpg?resize=200%2C132&amp;ssl=1 200w, https:\/\/i0.wp.com\/eltrabajo.cl\/portal\/wp-content\/uploads\/2015\/06\/colision-fatal-tocornal-victimasfatal.jpg?resize=227%2C150&amp;ssl=1 227w, https:\/\/i0.wp.com\/eltrabajo.cl\/portal\/wp-content\/uploads\/2015\/06\/colision-fatal-tocornal-victimasfatal.jpg?resize=400%2C264&amp;ssl=1 400w, https:\/\/i0.wp.com\/eltrabajo.cl\/portal\/wp-content\/uploads\/2015\/06\/colision-fatal-tocornal-victimasfatal.jpg?w=530&amp;ssl=1 530w\" sizes=\"auto, (max-width: 300px) 100vw, 300px\" \/><\/a><figcaption id=\"caption-attachment-59224\" class=\"wp-caption-text\">Dos personas perdieron la vida en el lamentable accidente de ayer antes del amanecer.<\/figcaption><\/figure>\n<p>Siat de Carabineros investiga causas de fatal accidente entre colectivo y un veh\u00edculo particular en calle Tocornal, a un costado de la empresa Sodimac, a eso de las 07:00 horas de ayer jueves.<br \/>\nUn tr\u00e1gico accidente vehicular se produjo alrededor de las 07:00 de la ma\u00f1ana de este jueves en el camino Tocornal, donde impactaron frontalmente un taxi colectivo que circulaba en direcci\u00f3n a Los Andes contra un veh\u00edculo particular que se desplazaba en sentido contrario, cuyas circunstancias est\u00e1n siendo investigadas por Carabineros.<br \/>\nA ra\u00edz de este accidente, falleci\u00f3 en forma instant\u00e1nea una de las pasajeras que viajaba en la parte posterior del colectivo, detr\u00e1s del conductor, quien fue identificada como Rosa Riquelme L\u00f3pez de 73 a\u00f1os de edad, mientras que el chofer del veh\u00edculo de transporte menor, Juan Carlos Rojas Gonz\u00e1lez, de 51 a\u00f1os, perdi\u00f3 la vida minutos m\u00e1s tarde cuando pesonal del Samu le practicaba t\u00e9cnicas de reanimaci\u00f3n en el lugar.<br \/>\nAl accidente concurri\u00f3 Carabineros y personal de Bomberos que apoyaron la extracci\u00f3n de las v\u00edctimas atrapadas entre los retorcidos fierros de ambos veh\u00edculos involucrados, quienes fueron derivados hasta el Hospital San Camilo de San Felipe.<br \/>\nSeg\u00fan las primeras hip\u00f3tesis de Carabineros sobre las causas de la tragedia, indicar\u00edan que el conductor del veh\u00edculo particular de color gris, placa patente YS 45 61, identificado como Williams Gald\u00e1mez Cort\u00e9s de 49 a\u00f1os de edad, y su acompa\u00f1ante Aldo Rivera Bustamante de 18 a\u00f1os de edad, habr\u00eda intentado realizar una maniobra de giro a su izquierda para acceder hasta su lugar de trabajo en la tienda Sodimac, por un ingreso habilitado para camiones de descarga, presumi\u00e9ndose que ser\u00eda el origen del fatal accidente por lo que se dio orden de detenci\u00f3n por la Fiscal\u00eda mientras se recupera de las lesiones que sufri\u00f3 tras estas circunstancias.<br \/>\nAsimismo, los otros pasajeros del colectivo, identificados como Noem\u00ed Gonz\u00e1lez Olivares, Ximena N\u00fa\u00f1ez Silva y Fernando N\u00fa\u00f1ez Mena, resultaron con lesiones de consideraci\u00f3n, debiendo ser ingresados hasta el servicio de urgencias del Hospital San Camilo.<br \/>\nLas pericias quedaron en manos de la Subcomisar\u00eda Investigadora de Accidentes de Tr\u00e1nsito, Siat, de Carabineros de San Felipe, para la elaboraci\u00f3n de un informe a trav\u00e9s de los peritos para establecer las reales causas del accidente que enlutaron a dos familias con la tr\u00e1gica p\u00e9rdida de sus vidas.<br \/>\n<strong>Pablo Salinas Sald\u00edas<\/strong><\/p>\n<div class=\"tiled-gallery type-rectangular tiled-gallery-unresized\" data-original-width=\"640\" data-carousel-extra='null' itemscope itemtype=\"http:\/\/schema.org\/ImageGallery\" > <div class=\"gallery-row\" style=\"width: 640px; height: 212px;\" data-original-width=\"640\" data-original-height=\"212\" > <div class=\"gallery-group images-1\" style=\"width: 320px; height: 212px;\" data-original-width=\"320\" data-original-height=\"212\" > <div class=\"tiled-gallery-item tiled-gallery-item-large\" itemprop=\"associatedMedia\" itemscope itemtype=\"http:\/\/schema.org\/ImageObject\"> <a href=\"https:\/\/eltrabajo.cl\/portal\/choque-frontal-entre-colectivo-y-vehiculo-particular-arrojo-dos-muertos\/colision-fatal-tocornal\/\" border=\"0\" itemprop=\"url\"> <meta itemprop=\"width\" content=\"316\"> <meta itemprop=\"height\" content=\"208\"> <img decoding=\"async\" class=\"\" data-attachment-id=\"59226\" data-orig-file=\"https:\/\/eltrabajo.cl\/portal\/wp-content\/uploads\/2015\/06\/colision-fatal-tocornal.jpg\" data-orig-size=\"530,350\" data-comments-opened=\"1\" data-image-meta=\"{&quot;aperture&quot;:&quot;0&quot;,&quot;credit&quot;:&quot;&quot;,&quot;camera&quot;:&quot;&quot;,&quot;caption&quot;:&quot;&quot;,&quot;created_timestamp&quot;:&quot;0&quot;,&quot;copyright&quot;:&quot;&quot;,&quot;focal_length&quot;:&quot;0&quot;,&quot;iso&quot;:&quot;0&quot;,&quot;shutter_speed&quot;:&quot;0&quot;,&quot;title&quot;:&quot;&quot;,&quot;orientation&quot;:&quot;0&quot;}\" data-image-title=\"colision fatal tocornal\" data-image-description=\"&lt;p&gt;Personal del Samu trabaj\u00f3 arduamente asistiendo a los heridos, principalmente a Juan Carlos Rojas Gonz\u00e1lez, quien pese a todos los esfuerzos no logr\u00f3 sobrevivir a la violencia del impacto.&lt;\/p&gt; \" data-medium-file=\"https:\/\/i0.wp.com\/eltrabajo.cl\/portal\/wp-content\/uploads\/2015\/06\/colision-fatal-tocornal.jpg?fit=300%2C198&#038;ssl=1\" data-large-file=\"https:\/\/i0.wp.com\/eltrabajo.cl\/portal\/wp-content\/uploads\/2015\/06\/colision-fatal-tocornal.jpg?fit=530%2C350&#038;ssl=1\" src=\"https:\/\/i0.wp.com\/eltrabajo.cl\/portal\/wp-content\/uploads\/2015\/06\/colision-fatal-tocornal.jpg?w=316&#038;h=208&#038;ssl=1\" srcset=\"https:\/\/i0.wp.com\/eltrabajo.cl\/portal\/wp-content\/uploads\/2015\/06\/colision-fatal-tocornal.jpg?w=530&amp;ssl=1 530w, https:\/\/i0.wp.com\/eltrabajo.cl\/portal\/wp-content\/uploads\/2015\/06\/colision-fatal-tocornal.jpg?resize=200%2C132&amp;ssl=1 200w, https:\/\/i0.wp.com\/eltrabajo.cl\/portal\/wp-content\/uploads\/2015\/06\/colision-fatal-tocornal.jpg?resize=300%2C198&amp;ssl=1 300w, https:\/\/i0.wp.com\/eltrabajo.cl\/portal\/wp-content\/uploads\/2015\/06\/colision-fatal-tocornal.jpg?resize=227%2C150&amp;ssl=1 227w, https:\/\/i0.wp.com\/eltrabajo.cl\/portal\/wp-content\/uploads\/2015\/06\/colision-fatal-tocornal.jpg?resize=400%2C264&amp;ssl=1 400w\" width=\"316\" height=\"208\" loading=\"lazy\" data-original-width=\"316\" data-original-height=\"208\" itemprop=\"http:\/\/schema.org\/image\" title=\"colision fatal tocornal\" alt=\"Personal del Samu trabaj\u00f3 arduamente asistiendo a los heridos, principalmente a Juan Carlos Rojas Gonz\u00e1lez, quien pese a todos los esfuerzos no logr\u00f3 sobrevivir a la violencia del impacto.\" style=\"width: 316px; height: 208px;\" \/> <\/a> <div class=\"tiled-gallery-caption\" itemprop=\"caption description\"> Personal del Samu trabaj\u00f3 arduamente asistiendo a los heridos, principalmente a Juan Carlos Rojas Gonz\u00e1lez, quien pese a todos los esfuerzos no logr\u00f3 sobrevivir a la violencia del impacto. <\/div> <\/div> <\/div> <!-- close group --> <div class=\"gallery-group images-1\" style=\"width: 320px; height: 212px;\" data-original-width=\"320\" data-original-height=\"212\" > <div class=\"tiled-gallery-item tiled-gallery-item-large\" itemprop=\"associatedMedia\" itemscope itemtype=\"http:\/\/schema.org\/ImageObject\"> <a href=\"https:\/\/eltrabajo.cl\/portal\/choque-frontal-entre-colectivo-y-vehiculo-particular-arrojo-dos-muertos\/samsung-csc-116\/\" border=\"0\" itemprop=\"url\"> <meta itemprop=\"width\" content=\"316\"> <meta itemprop=\"height\" content=\"208\"> <img decoding=\"async\" class=\"\" data-attachment-id=\"59225\" data-orig-file=\"https:\/\/eltrabajo.cl\/portal\/wp-content\/uploads\/2015\/06\/colision-fatal-tocornal-huerlas.jpg\" data-orig-size=\"530,349\" data-comments-opened=\"1\" data-image-meta=\"{&quot;aperture&quot;:&quot;0&quot;,&quot;credit&quot;:&quot;&quot;,&quot;camera&quot;:&quot;&quot;,&quot;caption&quot;:&quot;SAMSUNG CSC&quot;,&quot;created_timestamp&quot;:&quot;0&quot;,&quot;copyright&quot;:&quot;&quot;,&quot;focal_length&quot;:&quot;0&quot;,&quot;iso&quot;:&quot;0&quot;,&quot;shutter_speed&quot;:&quot;0&quot;,&quot;title&quot;:&quot;SAMSUNG CSC&quot;,&quot;orientation&quot;:&quot;0&quot;}\" data-image-title=\"SAMSUNG CSC\" data-image-description=\"&lt;p&gt;A primera vista, las huellas de frenada dan cuenta que el colectivo iba por su carril cuando intent\u00f3 evitar el accidente. Asimismo, el largo de la huella indica que la velocidad no debi\u00f3 ser muy alta.&lt;\/p&gt; \" data-medium-file=\"https:\/\/i0.wp.com\/eltrabajo.cl\/portal\/wp-content\/uploads\/2015\/06\/colision-fatal-tocornal-huerlas.jpg?fit=300%2C198&#038;ssl=1\" data-large-file=\"https:\/\/i0.wp.com\/eltrabajo.cl\/portal\/wp-content\/uploads\/2015\/06\/colision-fatal-tocornal-huerlas.jpg?fit=530%2C349&#038;ssl=1\" src=\"https:\/\/i0.wp.com\/eltrabajo.cl\/portal\/wp-content\/uploads\/2015\/06\/colision-fatal-tocornal-huerlas.jpg?w=316&#038;h=208&#038;ssl=1\" srcset=\"https:\/\/i0.wp.com\/eltrabajo.cl\/portal\/wp-content\/uploads\/2015\/06\/colision-fatal-tocornal-huerlas.jpg?w=530&amp;ssl=1 530w, https:\/\/i0.wp.com\/eltrabajo.cl\/portal\/wp-content\/uploads\/2015\/06\/colision-fatal-tocornal-huerlas.jpg?resize=200%2C132&amp;ssl=1 200w, https:\/\/i0.wp.com\/eltrabajo.cl\/portal\/wp-content\/uploads\/2015\/06\/colision-fatal-tocornal-huerlas.jpg?resize=300%2C198&amp;ssl=1 300w, https:\/\/i0.wp.com\/eltrabajo.cl\/portal\/wp-content\/uploads\/2015\/06\/colision-fatal-tocornal-huerlas.jpg?resize=228%2C150&amp;ssl=1 228w, https:\/\/i0.wp.com\/eltrabajo.cl\/portal\/wp-content\/uploads\/2015\/06\/colision-fatal-tocornal-huerlas.jpg?resize=400%2C263&amp;ssl=1 400w\" width=\"316\" height=\"208\" loading=\"lazy\" data-original-width=\"316\" data-original-height=\"208\" itemprop=\"http:\/\/schema.org\/image\" title=\"SAMSUNG CSC\" alt=\"A primera vista, las huellas de frenada dan cuenta que el colectivo iba por su carril cuando intent\u00f3 evitar el accidente. Asimismo, el largo de la huella indica que la velocidad no debi\u00f3 ser muy alta.\" style=\"width: 316px; height: 208px;\" \/> <\/a> <div class=\"tiled-gallery-caption\" itemprop=\"caption description\"> A primera vista, las huellas de frenada dan cuenta que el colectivo iba por su carril cuando intent\u00f3 evitar el accidente. Asimismo, el largo de la huella indica que la velocidad no debi\u00f3 ser muy alta. <\/div> <\/div> <\/div> <!-- close group --> <\/div> <!-- close row --> <\/div>\n","protected":false},"excerpt":{"rendered":"<p>Siat de Carabineros investiga causas de fatal accidente entre colectivo y un veh\u00edculo particular en calle Tocornal, a un costado de la empresa Sodimac, a eso de las 07:00 horas de ayer&#8230;<\/p>\n","protected":false},"author":482,"featured_media":59224,"comment_status":"open","ping_status":"open","sticky":false,"template":"","format":"standard","meta":{"advanced_seo_description":"","jetpack_seo_html_title":"","jetpack_seo_noindex":false,"_jetpack_memberships_contains_paid_content":false,"footnotes":""},"categories":[21],"tags":[],"class_list":["post-59223","post","type-post","status-publish","format-standard","has-post-thumbnail","hentry","category-policial"],"jetpack_featured_media_url":"https:\/\/i0.wp.com\/eltrabajo.cl\/portal\/wp-content\/uploads\/2015\/06\/colision-fatal-tocornal-victimasfatal.jpg?fit=530%2C350&ssl=1","jetpack_sharing_enabled":true,"jetpack_likes_enabled":true,"jetpack-related-posts":[],"_links":{"self":[{"href":"https:\/\/eltrabajo.cl\/portal\/wp-json\/wp\/v2\/posts\/59223","targetHints":{"allow":["GET"]}}],"collection":[{"href":"https:\/\/eltrabajo.cl\/portal\/wp-json\/wp\/v2\/posts"}],"about":[{"href":"https:\/\/eltrabajo.cl\/portal\/wp-json\/wp\/v2\/types\/post"}],"author":[{"embeddable":true,"href":"https:\/\/eltrabajo.cl\/portal\/wp-json\/wp\/v2\/users\/482"}],"replies":[{"embeddable":true,"href":"https:\/\/eltrabajo.cl\/portal\/wp-json\/wp\/v2\/comments?post=59223"}],"version-history":[{"count":0,"href":"https:\/\/eltrabajo.cl\/portal\/wp-json\/wp\/v2\/posts\/59223\/revisions"}],"wp:featuredmedia":[{"embeddable":true,"href":"https:\/\/eltrabajo.cl\/portal\/wp-json\/wp\/v2\/media\/59224"}],"wp:attachment":[{"href":"https:\/\/eltrabajo.cl\/portal\/wp-json\/wp\/v2\/media?parent=59223"}],"wp:term":[{"taxonomy":"category","embeddable":true,"href":"https:\/\/eltrabajo.cl\/portal\/wp-json\/wp\/v2\/categories?post=59223"},{"taxonomy":"post_tag","embeddable":true,"href":"https:\/\/eltrabajo.cl\/portal\/wp-json\/wp\/v2\/tags?post=59223"}],"curies":[{"name":"wp","href":"https:\/\/api.w.org\/{rel}","templated":true}]}}