{"id":59228,"date":"2015-06-19T09:56:51","date_gmt":"2015-06-19T12:56:51","guid":{"rendered":"http:\/\/www.eltrabajo.cl\/portal\/?p=59228"},"modified":"2015-06-19T09:56:51","modified_gmt":"2015-06-19T12:56:51","slug":"la-historia-del-fatal-accidente-que-arrojo-dos-personas-muertas-en-tocornal","status":"publish","type":"post","link":"https:\/\/eltrabajo.cl\/portal\/la-historia-del-fatal-accidente-que-arrojo-dos-personas-muertas-en-tocornal\/","title":{"rendered":"La historia del fatal accidente que arroj\u00f3 dos personas muertas en Tocornal"},"content":{"rendered":"<figure id=\"attachment_59229\" aria-describedby=\"caption-attachment-59229\" style=\"width: 300px\" class=\"wp-caption alignleft\"><a href=\"https:\/\/i0.wp.com\/www.eltrabajo.cl\/portal\/wp-content\/uploads\/2015\/06\/Juan-Carlos-Rojas-y-Rosa-Riquelme.jpg\"><img data-recalc-dims=\"1\" loading=\"lazy\" decoding=\"async\" class=\"wp-image-59229 size-medium\" src=\"https:\/\/i0.wp.com\/www.eltrabajo.cl\/portal\/wp-content\/uploads\/2015\/06\/Juan-Carlos-Rojas-y-Rosa-Riquelme-300x198.jpg?resize=300%2C198\" alt=\"Juan Carlos Rojas Gonz\u00e1lez (51), conduc\u00eda el colectivo en direcci\u00f3n a Los Andes y Rosa Olivia Riquelme L\u00f3pez (73), pasajera habitual del colectivo.\" width=\"300\" height=\"198\" srcset=\"https:\/\/i0.wp.com\/eltrabajo.cl\/portal\/wp-content\/uploads\/2015\/06\/Juan-Carlos-Rojas-y-Rosa-Riquelme.jpg?resize=300%2C198&amp;ssl=1 300w, https:\/\/i0.wp.com\/eltrabajo.cl\/portal\/wp-content\/uploads\/2015\/06\/Juan-Carlos-Rojas-y-Rosa-Riquelme.jpg?resize=200%2C132&amp;ssl=1 200w, https:\/\/i0.wp.com\/eltrabajo.cl\/portal\/wp-content\/uploads\/2015\/06\/Juan-Carlos-Rojas-y-Rosa-Riquelme.jpg?resize=228%2C150&amp;ssl=1 228w, https:\/\/i0.wp.com\/eltrabajo.cl\/portal\/wp-content\/uploads\/2015\/06\/Juan-Carlos-Rojas-y-Rosa-Riquelme.jpg?resize=400%2C263&amp;ssl=1 400w, https:\/\/i0.wp.com\/eltrabajo.cl\/portal\/wp-content\/uploads\/2015\/06\/Juan-Carlos-Rojas-y-Rosa-Riquelme.jpg?w=530&amp;ssl=1 530w\" sizes=\"auto, (max-width: 300px) 100vw, 300px\" \/><\/a><figcaption id=\"caption-attachment-59229\" class=\"wp-caption-text\">Juan Carlos Rojas Gonz\u00e1lez (51), conduc\u00eda el colectivo en direcci\u00f3n a Los Andes y Rosa Olivia Riquelme L\u00f3pez (73), pasajera habitual del colectivo.<\/figcaption><\/figure>\n<p>Desde hace m\u00e1s de tres a\u00f1os, Juan Carlos Rojas Gonz\u00e1lez, de 51 a\u00f1os de edad, casado y padre de tres hijos, se levantaba a las 06:00 de la ma\u00f1ana para dirigirse a su lugar de trabajo en calle Merced casi esquina de avenida Yungay, donde se desempe\u00f1aba como chofer de colectivos perteneciente a la Asociaci\u00f3n Gremial de Due\u00f1os de Colectivos San Felipe \u2013 Los Andes (Atalasfe). Como cada d\u00eda, recog\u00eda a sus pasajeros frecuentes puntualmente a las 06:45 horas para realizar su primera carrera.<br \/>\nEn su \u00faltima carrera, Juan Carlos recogi\u00f3 a sus pasajeros como siempre, desplaz\u00e1ndose por avenida Yungay, girando hacia avenida Miraflores hasta completar la capacidad del m\u00f3vil y emprender rumbo hacia la ciudad andina.<br \/>\nLamentablemente, un tr\u00e1gico accidente se producir\u00eda a pocos kil\u00f3metros de su salida, espec\u00edficamente en calle Tocornal a un costado de la tienda Sodimac de San Felipe, cuando un veh\u00edculo particular que ven\u00eda en sentido contrario, supuestamente habr\u00eda realizado una maniobra de giro para ingresar hacia la tienda por la entrada reservada para camiones, momento exacto que se estrell\u00f3 contra el colectivo produciendo el fatal desenlace, en circunstancias que son materia de investigaci\u00f3n por parte de la SIAT de Carabineros.<\/p>\n<p><strong>INTENTOS DE REANIMACI\u00d3N<\/strong><br \/>\nA consecuencia de este accidente de tr\u00e1nsito, Juan Carlos Rojas Gonz\u00e1lez fue sometido a t\u00e9cnicas de reanimaci\u00f3n por m\u00e1s de media hora por param\u00e9dicos del Samu, sin embargo estas acciones fueron infructuosas y finalmente se constat\u00f3 su fallecimiento en el lugar.<br \/>\nAl mismo tiempo, los tripulantes que viajaban en el interior del colectivo, identificados como Noem\u00ed Gonz\u00e1lez Olivares, de 30 a\u00f1os de edad; Ximena N\u00fa\u00f1ez Silva de 50 a\u00f1os; Fernando N\u00fa\u00f1ez Mena de 55 a\u00f1os, resultaron con lesiones de consideraci\u00f3n, debiendo ser trasladados de urgencia hasta el Hospital San Camilo.<br \/>\nNo obstante la cuarta pasajera y v\u00edctima fatal de estos hechos, fue identificada como Rosa Olivia Riquelme L\u00f3pez de 73 a\u00f1os de edad, quien falleci\u00f3 instant\u00e1neamente tras el violento impacto del colectivo que habr\u00eda intentado esquivar el veh\u00edculo particular conducido por Williams Gald\u00e1mez Adasme de 49 a\u00f1os, y su acompa\u00f1ante Aldo Rivera Bustamante de 18 a\u00f1os, ambos trabajadores de la empresa Sodimac, quienes resultaron lesionados.<\/p>\n<p><strong>GREMIO DE LUTO<\/strong><br \/>\nAnte la irreparable p\u00e9rdida del conductor, el Presidente y Representante Legal de Atalasfe, Anuar Contador \u00c1ngel, visiblemente afectado por este accidente, destac\u00f3 al chofer de colectivos como un buen funcionario que a primera hora iniciaba sus rutinas laborales puntualmente para transportar a sus pasajeros frecuentes, recordando que tiempo atr\u00e1s, Juan Carlos Rojas ya hab\u00eda sufrido un accidente en la misma carretera por Tocornal casi al llegar al cruce de San Esteban, resultando con lesiones de car\u00e1cter leve en aquella ocasi\u00f3n. Desde la tarde de ayer, los colectivos de esa asociaci\u00f3n lucen un encintado negro en se\u00f1al de luto.<br \/>\n\u201cTodo el gremio est\u00e1 devastado, tenemos mucha tristeza ante la p\u00e9rdida de nuestro conductor, \u00e9l era un muy buen hombre, cristiano, concurr\u00eda mucho a la Iglesia junto a su familia y sus hijos, compartimos mucho con nuestras familias. Yo llevo varios a\u00f1os en este rubro, pero nunca me hab\u00eda tocado vivir esto tan grave, con muertes y mucha gente que va a quedar con secuelas\u201d.<br \/>\nPor su parte, Nancy Amar, viuda de Juan Carlos Rojas, record\u00f3 a su marido como un buen padre de familia y excelente esposo, cumpliendo 30 a\u00f1os de matrimonio, junto a sus hijos de 28, 26 y 22 a\u00f1os de edad: \u201cEstamos todos muy mal, con mis hijos nos gustar\u00eda que se hiciera justicia por este accidente, pero no me devolver\u00e1n a mi esposo. Todos los d\u00edas efectuaba la misma carrera a esa hora con las mismas personas. \u00c9l era una muy buena persona, muy preocupado de todos nosotros\u201d.<br \/>\nJuan Carlos Rojas Gonz\u00e1lez ser\u00e1 velado en su vivienda ubicada en el pasaje 2 de la poblaci\u00f3n Hacienda de Quilpu\u00e9 en la ciudad de San Felipe. Ma\u00f1ana s\u00e1bado se oficiar\u00e1 una misa por su eterno descanso en la Iglesia de La Merced para posteriormente dirigir el f\u00e9retro hasta el Cementerio Almendral de esta comuna.<\/p>\n<p><strong>MUJER TRABAJADORA<\/strong><br \/>\nEl mismo dolor viven los familiares de do\u00f1a Rosa Riquelme L\u00f3pez, de 73 a\u00f1os de edad, a quien cari\u00f1osamente conoc\u00edan como \u2018Illita\u2019, quien laboraba desde hace m\u00e1s de 15 a\u00f1os en la empresa de buses Dhino\u2019s en la ciudad de Los Andes. Todos los d\u00edas viajaba a su lugar de trabajo en el colectivo de Juan Carlos, hoy ambos fallecidos.<br \/>\nEsta vecina domiciliada en avenida Miraflores 1440 en San Felipe, ten\u00eda tres hijas, una de ellas trabajadora en la Panader\u00eda Moderna; Rosa era abuela de ocho nietos y seis bisnietos.<br \/>\nSeg\u00fan inform\u00f3 uno de sus familiares de manera extraoficial, ella ser\u00e1 velada en su domicilio y sepultada en Parque Almendral en el sector de La Troya.<br \/>\nEsta sanfelipe\u00f1a siempre trabaj\u00f3 y en alg\u00fan tiempo labor\u00f3 tambi\u00e9n en la empresa de transportes La Porte\u00f1a.<br \/>\nTr\u00e1gicamente y por circunstancias del destino, Rosa Riquelme L\u00f3pez perdi\u00f3 la vida a tan s\u00f3lo minutos de su domicilio, luego de haber abordado el colectivo para dirigirse hasta su lugar de trabajo.<br \/>\n<strong>Pablo Salinas Sald\u00edas<\/strong><\/p>\n","protected":false},"excerpt":{"rendered":"<p>Desde hace m\u00e1s de tres a\u00f1os, Juan Carlos Rojas Gonz\u00e1lez, de 51 a\u00f1os de edad, casado y padre de tres hijos, se levantaba a las 06:00 de la ma\u00f1ana para dirigirse a&#8230;<\/p>\n","protected":false},"author":482,"featured_media":59229,"comment_status":"open","ping_status":"open","sticky":false,"template":"","format":"standard","meta":{"advanced_seo_description":"","jetpack_seo_html_title":"","jetpack_seo_noindex":false,"_jetpack_memberships_contains_paid_content":false,"footnotes":""},"categories":[21],"tags":[],"class_list":["post-59228","post","type-post","status-publish","format-standard","has-post-thumbnail","hentry","category-policial"],"jetpack_featured_media_url":"https:\/\/i0.wp.com\/eltrabajo.cl\/portal\/wp-content\/uploads\/2015\/06\/Juan-Carlos-Rojas-y-Rosa-Riquelme.jpg?fit=530%2C349&ssl=1","jetpack_sharing_enabled":true,"jetpack_likes_enabled":true,"jetpack-related-posts":[],"_links":{"self":[{"href":"https:\/\/eltrabajo.cl\/portal\/wp-json\/wp\/v2\/posts\/59228","targetHints":{"allow":["GET"]}}],"collection":[{"href":"https:\/\/eltrabajo.cl\/portal\/wp-json\/wp\/v2\/posts"}],"about":[{"href":"https:\/\/eltrabajo.cl\/portal\/wp-json\/wp\/v2\/types\/post"}],"author":[{"embeddable":true,"href":"https:\/\/eltrabajo.cl\/portal\/wp-json\/wp\/v2\/users\/482"}],"replies":[{"embeddable":true,"href":"https:\/\/eltrabajo.cl\/portal\/wp-json\/wp\/v2\/comments?post=59228"}],"version-history":[{"count":0,"href":"https:\/\/eltrabajo.cl\/portal\/wp-json\/wp\/v2\/posts\/59228\/revisions"}],"wp:featuredmedia":[{"embeddable":true,"href":"https:\/\/eltrabajo.cl\/portal\/wp-json\/wp\/v2\/media\/59229"}],"wp:attachment":[{"href":"https:\/\/eltrabajo.cl\/portal\/wp-json\/wp\/v2\/media?parent=59228"}],"wp:term":[{"taxonomy":"category","embeddable":true,"href":"https:\/\/eltrabajo.cl\/portal\/wp-json\/wp\/v2\/categories?post=59228"},{"taxonomy":"post_tag","embeddable":true,"href":"https:\/\/eltrabajo.cl\/portal\/wp-json\/wp\/v2\/tags?post=59228"}],"curies":[{"name":"wp","href":"https:\/\/api.w.org\/{rel}","templated":true}]}}