{"id":59250,"date":"2015-06-22T09:14:17","date_gmt":"2015-06-22T12:14:17","guid":{"rendered":"http:\/\/www.eltrabajo.cl\/portal\/?p=59250"},"modified":"2015-06-22T09:14:17","modified_gmt":"2015-06-22T12:14:17","slug":"inauguran-nueva-sede-vecinal-brilla-la-esperanza-de-palomar","status":"publish","type":"post","link":"https:\/\/eltrabajo.cl\/portal\/inauguran-nueva-sede-vecinal-brilla-la-esperanza-de-palomar\/","title":{"rendered":"Inauguran nueva sede vecinal \u2018Brilla la Esperanza\u2019 de Palomar"},"content":{"rendered":"<figure id=\"attachment_59251\" aria-describedby=\"caption-attachment-59251\" style=\"width: 300px\" class=\"wp-caption alignleft\"><a href=\"https:\/\/i0.wp.com\/www.eltrabajo.cl\/portal\/wp-content\/uploads\/2015\/06\/Inauguracion-de-sede-palomar-3.jpg\"><img data-recalc-dims=\"1\" loading=\"lazy\" decoding=\"async\" class=\"wp-image-59251 size-medium\" src=\"https:\/\/i0.wp.com\/www.eltrabajo.cl\/portal\/wp-content\/uploads\/2015\/06\/Inauguracion-de-sede-palomar-3-300x198.jpg?resize=300%2C198\" alt=\"Autoridades del municipio junto a vecinos, inauguraron la nueva sede de la Junta de vecinos Brilla la Esperanza del sector de Palomar Interior.\" width=\"300\" height=\"198\" srcset=\"https:\/\/i0.wp.com\/eltrabajo.cl\/portal\/wp-content\/uploads\/2015\/06\/Inauguracion-de-sede-palomar-3.jpg?resize=300%2C198&amp;ssl=1 300w, https:\/\/i0.wp.com\/eltrabajo.cl\/portal\/wp-content\/uploads\/2015\/06\/Inauguracion-de-sede-palomar-3.jpg?resize=200%2C132&amp;ssl=1 200w, https:\/\/i0.wp.com\/eltrabajo.cl\/portal\/wp-content\/uploads\/2015\/06\/Inauguracion-de-sede-palomar-3.jpg?resize=227%2C150&amp;ssl=1 227w, https:\/\/i0.wp.com\/eltrabajo.cl\/portal\/wp-content\/uploads\/2015\/06\/Inauguracion-de-sede-palomar-3.jpg?resize=400%2C264&amp;ssl=1 400w, https:\/\/i0.wp.com\/eltrabajo.cl\/portal\/wp-content\/uploads\/2015\/06\/Inauguracion-de-sede-palomar-3.jpg?w=530&amp;ssl=1 530w\" sizes=\"auto, (max-width: 300px) 100vw, 300px\" \/><\/a><figcaption id=\"caption-attachment-59251\" class=\"wp-caption-text\">Autoridades del municipio junto a vecinos, inauguraron la nueva sede de la Junta de vecinos Brilla la Esperanza del sector de Palomar Interior.<\/figcaption><\/figure>\n<ul>\n<li><strong>Proyecto que fue ejecutado por la empresa de Andr\u00e9s Hern\u00e1ndez, demand\u00f3 una inversi\u00f3n de 60 millones de pesos, con recursos FRIL.<\/strong><\/li>\n<\/ul>\n<p><strong>PANQUEHUE.<\/strong>&#8211; \u201cEs una sede ejemplar y modelo para Aconcagua\u201d, con estas palabras el alcalde Luis Pradenas inaugur\u00f3 la construcci\u00f3n de la nueva sede de la Junta de vecinos Brilla la Esperanza del sector de Palomar Interior.<br \/>\nLos trabajos, que estuvieron a cargo de la empresa constructora de Andr\u00e9s Hern\u00e1ndez, demandaron una inversi\u00f3n de $ 60.589.866 pesos, recursos adjudicados al Fondo Regional de Inversi\u00f3n Local (FRIL) del Gobierno Regional.<br \/>\nTal como lo se\u00f1al\u00f3 en visitas realizadas a esta sede en su proceso de construcci\u00f3n, el alcalde Luis Pradenas indic\u00f3 que esta unidad vecinal se enmarca siguiendo los lineamientos arquitect\u00f3nicos del lugar, rescatando as\u00ed las l\u00edneas de entorno.<br \/>\nLa Directora de Obras Municipales, Loreto Galdames, por su parte manifest\u00f3 que este proyecto deja de manifiesto el inter\u00e9s de la pol\u00edtica vecinal del alcalde Pradenas, en dar mejores soluciones a las juntas de vecinos.<br \/>\n\u201cEn cuanto a su arquitectura, es una sede muy distinta al resto, pero tiene lo mismo que las otras sedes que hemos construido.<br \/>\nEn este proyecto espec\u00edficamente ten\u00edamos que hacer otro tipo de dise\u00f1o, porque est\u00e1 al lado de una capilla que es muy bonita, que tiene una linda arquitectura y por lo mismo, nosotros no pod\u00edamos ser menos.<br \/>\nEs una estructura de un piso, pero su dise\u00f1o tiene distintas alturas, o sea, varios desniveles en su techo, para as\u00ed favorecer el ingreso de luminosidad y sea algo novedoso.<br \/>\nNuestra idea es siempre ir mejorando los barrios y nosotros queremos dar lo mejor a la gente y ellos merecen que los arquitectos nos dediquemos con buenos proyectos\u201d.<br \/>\nPara el Presidente de la unidad vecinal Justo Ahumada, es un sue\u00f1o hecho totalmente realidad, pues tras una reuni\u00f3n para evaluar el proceso de alcantarillado, se concret\u00f3 la idea de poder postular a la construcci\u00f3n de una nueva sede vecinal.<br \/>\nEn tanto el alcalde Luis Pradenas, dijo que la construcci\u00f3n de este sede vecinal, se suma a los otros proyectos que su administraci\u00f3n en concretado en los \u00faltimos a\u00f1os.<br \/>\nTras la bendici\u00f3n de la obra, hecha por el cura p\u00e1rroco de la comuna, Omar Orellana, se procedi\u00f3 al corte de cinta de esta moderna sede vecinal, llamada \u2018Brilla La Esperanza\u2019 del sector de Palomar Interior en la comuna de Panquehue.<\/p>\n","protected":false},"excerpt":{"rendered":"<p>Proyecto que fue ejecutado por la empresa de Andr\u00e9s Hern\u00e1ndez, demand\u00f3 una inversi\u00f3n de 60 millones de pesos, con recursos FRIL. PANQUEHUE.&#8211; \u201cEs una sede ejemplar y modelo para Aconcagua\u201d, con estas&#8230;<\/p>\n","protected":false},"author":482,"featured_media":59251,"comment_status":"open","ping_status":"open","sticky":false,"template":"","format":"standard","meta":{"advanced_seo_description":"","jetpack_seo_html_title":"","jetpack_seo_noindex":false,"_jetpack_memberships_contains_paid_content":false,"footnotes":""},"categories":[15],"tags":[],"class_list":["post-59250","post","type-post","status-publish","format-standard","has-post-thumbnail","hentry","category-comunidad"],"jetpack_featured_media_url":"https:\/\/i0.wp.com\/eltrabajo.cl\/portal\/wp-content\/uploads\/2015\/06\/Inauguracion-de-sede-palomar-3.jpg?fit=530%2C350&ssl=1","jetpack_sharing_enabled":true,"jetpack_likes_enabled":true,"jetpack-related-posts":[],"_links":{"self":[{"href":"https:\/\/eltrabajo.cl\/portal\/wp-json\/wp\/v2\/posts\/59250","targetHints":{"allow":["GET"]}}],"collection":[{"href":"https:\/\/eltrabajo.cl\/portal\/wp-json\/wp\/v2\/posts"}],"about":[{"href":"https:\/\/eltrabajo.cl\/portal\/wp-json\/wp\/v2\/types\/post"}],"author":[{"embeddable":true,"href":"https:\/\/eltrabajo.cl\/portal\/wp-json\/wp\/v2\/users\/482"}],"replies":[{"embeddable":true,"href":"https:\/\/eltrabajo.cl\/portal\/wp-json\/wp\/v2\/comments?post=59250"}],"version-history":[{"count":0,"href":"https:\/\/eltrabajo.cl\/portal\/wp-json\/wp\/v2\/posts\/59250\/revisions"}],"wp:featuredmedia":[{"embeddable":true,"href":"https:\/\/eltrabajo.cl\/portal\/wp-json\/wp\/v2\/media\/59251"}],"wp:attachment":[{"href":"https:\/\/eltrabajo.cl\/portal\/wp-json\/wp\/v2\/media?parent=59250"}],"wp:term":[{"taxonomy":"category","embeddable":true,"href":"https:\/\/eltrabajo.cl\/portal\/wp-json\/wp\/v2\/categories?post=59250"},{"taxonomy":"post_tag","embeddable":true,"href":"https:\/\/eltrabajo.cl\/portal\/wp-json\/wp\/v2\/tags?post=59250"}],"curies":[{"name":"wp","href":"https:\/\/api.w.org\/{rel}","templated":true}]}}