{"id":59254,"date":"2015-06-22T09:15:13","date_gmt":"2015-06-22T12:15:13","guid":{"rendered":"http:\/\/www.eltrabajo.cl\/portal\/?p=59254"},"modified":"2015-06-22T09:15:13","modified_gmt":"2015-06-22T12:15:13","slug":"en-gimnasio-municipal-realizaran-fecha-de-torneo-nacional-de-escalada","status":"publish","type":"post","link":"https:\/\/eltrabajo.cl\/portal\/en-gimnasio-municipal-realizaran-fecha-de-torneo-nacional-de-escalada\/","title":{"rendered":"En Gimnasio Municipal realizar\u00e1n fecha de Torneo Nacional de Escalada"},"content":{"rendered":"<figure id=\"attachment_59255\" aria-describedby=\"caption-attachment-59255\" style=\"width: 300px\" class=\"wp-caption alignleft\"><a href=\"https:\/\/i0.wp.com\/www.eltrabajo.cl\/portal\/wp-content\/uploads\/2015\/06\/MURO-DE-ESCALADA-III.jpg\"><img data-recalc-dims=\"1\" loading=\"lazy\" decoding=\"async\" class=\"wp-image-59255 size-medium\" src=\"https:\/\/i0.wp.com\/www.eltrabajo.cl\/portal\/wp-content\/uploads\/2015\/06\/MURO-DE-ESCALADA-III-300x198.jpg?resize=300%2C198\" alt=\"Entre agosto y septiembre se realizar\u00e1 una de las fechas del Campeonato Nacional de Escalada en el Gimnasio Municipal de Llay Llay.\" width=\"300\" height=\"198\" srcset=\"https:\/\/i0.wp.com\/eltrabajo.cl\/portal\/wp-content\/uploads\/2015\/06\/MURO-DE-ESCALADA-III.jpg?resize=300%2C198&amp;ssl=1 300w, https:\/\/i0.wp.com\/eltrabajo.cl\/portal\/wp-content\/uploads\/2015\/06\/MURO-DE-ESCALADA-III.jpg?resize=200%2C132&amp;ssl=1 200w, https:\/\/i0.wp.com\/eltrabajo.cl\/portal\/wp-content\/uploads\/2015\/06\/MURO-DE-ESCALADA-III.jpg?resize=228%2C150&amp;ssl=1 228w, https:\/\/i0.wp.com\/eltrabajo.cl\/portal\/wp-content\/uploads\/2015\/06\/MURO-DE-ESCALADA-III.jpg?resize=400%2C263&amp;ssl=1 400w, https:\/\/i0.wp.com\/eltrabajo.cl\/portal\/wp-content\/uploads\/2015\/06\/MURO-DE-ESCALADA-III.jpg?w=530&amp;ssl=1 530w\" sizes=\"auto, (max-width: 300px) 100vw, 300px\" \/><\/a><figcaption id=\"caption-attachment-59255\" class=\"wp-caption-text\">Entre agosto y septiembre se realizar\u00e1 una de las fechas del Campeonato Nacional de Escalada en el Gimnasio Municipal de Llay Llay.<\/figcaption><\/figure>\n<p><strong>LLAY LLAY.<\/strong>&#8211; El Gimnasio Municipal de la comuna cuenta con uno de los mejores muros de escalada de la zona, raz\u00f3n por la cual nuestra ciudad fue escogida como sede para una de las fechas del Campeonato Nacional de Escalada en categor\u00eda Escolar y Adultos; que produce la revista online www.primerpegue.cl, financiada por la Federaci\u00f3n Nacional de Monta\u00f1a y Andinismo (Feach).<br \/>\nJos\u00e9 Miguel G\u00fcell parte del equipo de la Revista, explic\u00f3 que escogieron Llay Llay para una de las fechas que se realizar\u00eda entre agosto y septiembre de 2015, \u201cporque es lugar con infraestructura impecable, el muro esta bueno, bien dise\u00f1ado. Hay muros de escalada a nivel regional que est\u00e1n funcionando muy bien, pero no son aptos para una competencia nacional\u201d, a\u00f1adiendo, que hay un par de detalles que son muy f\u00e1ciles de solucionar y que no requieren de mucha inversi\u00f3n.<br \/>\nAdem\u00e1s, G\u00fcell dijo que tuvieron una reuni\u00f3n muy positiva con el alcalde Mario Marillanca: \u201cEl Alcalde est\u00e1 muy interesado en cooperarnos, tendernos una mano y tenemos la confianza que as\u00ed va ser, lo que se necesita es muy b\u00e1sico, no son grandes inversiones\u201d.<br \/>\nSobre este tema, el alcalde Mario Marillanca indic\u00f3 \u201cel muro de escalada del Gimnasio Municipal tiene una importancia estrat\u00e9gica, porque est\u00e1 m\u00e1s cerca, m\u00e1s descentralizado; este muro cumple con todas las normativas t\u00e9cnicas y administrativas, para hacer un Campeonato Nacional de Escalada, y que podr\u00eda convertirse en un campeonato de categor\u00eda mundial\u201d.<br \/>\nUna decisi\u00f3n visionaria, que entregar\u00e1 relevancia a la ciudad, incentivando el deporte en los ni\u00f1os y previniendo cualquier complicaci\u00f3n de salud, derivado de la vida sedentaria que propicia la tecnolog\u00eda.<\/p>\n","protected":false},"excerpt":{"rendered":"<p>LLAY LLAY.&#8211; El Gimnasio Municipal de la comuna cuenta con uno de los mejores muros de escalada de la zona, raz\u00f3n por la cual nuestra ciudad fue escogida como sede para una&#8230;<\/p>\n","protected":false},"author":482,"featured_media":59255,"comment_status":"open","ping_status":"open","sticky":false,"template":"","format":"standard","meta":{"advanced_seo_description":"","jetpack_seo_html_title":"","jetpack_seo_noindex":false,"_jetpack_memberships_contains_paid_content":false,"footnotes":""},"categories":[15],"tags":[],"class_list":["post-59254","post","type-post","status-publish","format-standard","has-post-thumbnail","hentry","category-comunidad"],"jetpack_featured_media_url":"https:\/\/i0.wp.com\/eltrabajo.cl\/portal\/wp-content\/uploads\/2015\/06\/MURO-DE-ESCALADA-III.jpg?fit=530%2C349&ssl=1","jetpack_sharing_enabled":true,"jetpack_likes_enabled":true,"jetpack-related-posts":[],"_links":{"self":[{"href":"https:\/\/eltrabajo.cl\/portal\/wp-json\/wp\/v2\/posts\/59254","targetHints":{"allow":["GET"]}}],"collection":[{"href":"https:\/\/eltrabajo.cl\/portal\/wp-json\/wp\/v2\/posts"}],"about":[{"href":"https:\/\/eltrabajo.cl\/portal\/wp-json\/wp\/v2\/types\/post"}],"author":[{"embeddable":true,"href":"https:\/\/eltrabajo.cl\/portal\/wp-json\/wp\/v2\/users\/482"}],"replies":[{"embeddable":true,"href":"https:\/\/eltrabajo.cl\/portal\/wp-json\/wp\/v2\/comments?post=59254"}],"version-history":[{"count":0,"href":"https:\/\/eltrabajo.cl\/portal\/wp-json\/wp\/v2\/posts\/59254\/revisions"}],"wp:featuredmedia":[{"embeddable":true,"href":"https:\/\/eltrabajo.cl\/portal\/wp-json\/wp\/v2\/media\/59255"}],"wp:attachment":[{"href":"https:\/\/eltrabajo.cl\/portal\/wp-json\/wp\/v2\/media?parent=59254"}],"wp:term":[{"taxonomy":"category","embeddable":true,"href":"https:\/\/eltrabajo.cl\/portal\/wp-json\/wp\/v2\/categories?post=59254"},{"taxonomy":"post_tag","embeddable":true,"href":"https:\/\/eltrabajo.cl\/portal\/wp-json\/wp\/v2\/tags?post=59254"}],"curies":[{"name":"wp","href":"https:\/\/api.w.org\/{rel}","templated":true}]}}