{"id":59277,"date":"2015-06-22T09:26:21","date_gmt":"2015-06-22T12:26:21","guid":{"rendered":"http:\/\/www.eltrabajo.cl\/portal\/?p=59277"},"modified":"2015-06-22T09:26:21","modified_gmt":"2015-06-22T12:26:21","slug":"victima-propina-brutal-paliza-a-delincuente-que-intento-robar-en-su-vehiculo","status":"publish","type":"post","link":"https:\/\/eltrabajo.cl\/portal\/victima-propina-brutal-paliza-a-delincuente-que-intento-robar-en-su-vehiculo\/","title":{"rendered":"V\u00edctima propina brutal paliza a delincuente que intent\u00f3 robar en su veh\u00edculo"},"content":{"rendered":"<figure id=\"attachment_59278\" aria-describedby=\"caption-attachment-59278\" style=\"width: 300px\" class=\"wp-caption alignleft\"><a href=\"https:\/\/i0.wp.com\/www.eltrabajo.cl\/portal\/wp-content\/uploads\/2015\/06\/VICTIMARIO.jpg\"><img data-recalc-dims=\"1\" loading=\"lazy\" decoding=\"async\" class=\"wp-image-59278 size-medium\" src=\"https:\/\/i0.wp.com\/www.eltrabajo.cl\/portal\/wp-content\/uploads\/2015\/06\/VICTIMARIO-300x198.jpg?resize=300%2C198\" alt=\"La v\u00edctima que pas\u00f3 a ser victimario del delincuente fue conducido por Carabineros hasta el Tribunal de Garant\u00eda para ser formalizado por el delito de lesiones graves por la Fiscal\u00eda que investigar\u00e1 el caso. (Foto Archivo).\" width=\"300\" height=\"198\" srcset=\"https:\/\/i0.wp.com\/eltrabajo.cl\/portal\/wp-content\/uploads\/2015\/06\/VICTIMARIO.jpg?resize=300%2C198&amp;ssl=1 300w, https:\/\/i0.wp.com\/eltrabajo.cl\/portal\/wp-content\/uploads\/2015\/06\/VICTIMARIO.jpg?resize=200%2C132&amp;ssl=1 200w, https:\/\/i0.wp.com\/eltrabajo.cl\/portal\/wp-content\/uploads\/2015\/06\/VICTIMARIO.jpg?resize=228%2C150&amp;ssl=1 228w, https:\/\/i0.wp.com\/eltrabajo.cl\/portal\/wp-content\/uploads\/2015\/06\/VICTIMARIO.jpg?resize=400%2C263&amp;ssl=1 400w, https:\/\/i0.wp.com\/eltrabajo.cl\/portal\/wp-content\/uploads\/2015\/06\/VICTIMARIO.jpg?w=530&amp;ssl=1 530w\" sizes=\"auto, (max-width: 300px) 100vw, 300px\" \/><\/a><figcaption id=\"caption-attachment-59278\" class=\"wp-caption-text\">La v\u00edctima que pas\u00f3 a ser victimario del delincuente fue conducido por Carabineros hasta el Tribunal de Garant\u00eda para ser formalizado por el delito de lesiones graves por la Fiscal\u00eda que investigar\u00e1 el caso. (Foto Archivo).<\/figcaption><\/figure>\n<ul>\n<li><strong>Una v\u00edctima se convirti\u00f3 en victimario luego de reducir a golpes de pies y pu\u00f1os a un delincuente que violent\u00f3 la chapa del maletero de su veh\u00edculo estacionado en calle Buin de San Felipe, saliendo en su persecuci\u00f3n, siendo posteriormente entregado a Carabineros. El afectado debi\u00f3 ser detenido por su accionar, mientras que el antisocial debi\u00f3 ser trasladado grave hasta el Hospital Gustavo Fricke de Valpara\u00edso.<\/strong><\/li>\n<\/ul>\n<p>Con contusiones craneales y fracturas en su mand\u00edbula, de car\u00e1cter grave, result\u00f3 un peligroso delincuente luego de haber recibido una brutal paliza por parte de su v\u00edctima, quien lo enfrent\u00f3 luego de sorprenderlo forzando la chapa del maletero de su veh\u00edculo estacionado en el frontis de su domicilio en calle Buin de San Felipe.<br \/>\nEl hecho fue advertido por la due\u00f1a de casa a eso de las 23:00 horas del pasado viernes, cuando escuch\u00f3 ruidos en la v\u00eda p\u00fablica, notando la presencia de un desconocido que violentaba la chapa del maletero de su veh\u00edculo marca Chevrolet que estaba estacionado en la calle, relatando a su pareja lo acontecido, quien sali\u00f3 de inmediato en su persecuci\u00f3n.<br \/>\nParalelamente se requiri\u00f3 la presencia de Carabineros que fueron alertados v\u00eda telef\u00f3nica de la ocurrencia de este delito, traslad\u00e1ndose de inmediato hasta calle Molina donde permanec\u00eda el propietario del veh\u00edculo junto al antisocial completamente herido.<br \/>\nEn este caso, la v\u00edctima se habr\u00eda transformado en victimario al defenderse del antisocial que intentaba agredirlo en su est\u00f3mago con un destornillador que transportaba, luego de haber sido sorprendido intentando forzar la chapa del autom\u00f3vil de la v\u00edctima. El antisocial recibi\u00f3 golpes de pies y pu\u00f1os, logrando su reducci\u00f3n para ser entregado a la polic\u00eda uniformada.<br \/>\nEn tanto Carabineros confirm\u00f3 que la chapa del maletero del veh\u00edculo presentaba da\u00f1os que fueron avaluados en la suma de $50.000. El imputado identificado como Cristian Michael L\u00f3pez Caneo de 41 a\u00f1os, debido a las fracturas en su mand\u00edbula y contusiones en el cr\u00e1neo de car\u00e1cter grave, debi\u00f3 ser trasladado de urgencias al Hospital Gustavo Fricke de Valpara\u00edso para su evaluaci\u00f3n m\u00e9dica, quedando a la espera de citaci\u00f3n por parte de la Fiscal\u00eda tras la acusaci\u00f3n de robo frustrado.<br \/>\nCabe mencionar que L\u00f3pez Caneo manten\u00eda una orden de detenci\u00f3n pendiente por el Tribunal de Garant\u00eda de San Felipe. Ten\u00eda causas vigentes por delitos de robo en lugar no habitado, porte de arma blanca y drogas, adem\u00e1s de hurtos y robos en bienes nacionales.<br \/>\nAnte la gravedad de las lesiones, la v\u00edctima identificada como Juan Pablo L.R. quien result\u00f3 con lesiones leves, fue detenido como autor de lesiones graves hacia el antisocial, para ser conducido en horas de la ma\u00f1ana del s\u00e1bado hasta el Juzgado de Garant\u00eda de San Felipe para ser formalizado por la Fiscal\u00eda por este delito.<br \/>\n<strong>Pablo Salinas Sald\u00edas<\/strong><\/p>\n","protected":false},"excerpt":{"rendered":"<p>Una v\u00edctima se convirti\u00f3 en victimario luego de reducir a golpes de pies y pu\u00f1os a un delincuente que violent\u00f3 la chapa del maletero de su veh\u00edculo estacionado en calle Buin de&#8230;<\/p>\n","protected":false},"author":482,"featured_media":59278,"comment_status":"open","ping_status":"open","sticky":false,"template":"","format":"standard","meta":{"advanced_seo_description":"","jetpack_seo_html_title":"","jetpack_seo_noindex":false,"_jetpack_memberships_contains_paid_content":false,"footnotes":""},"categories":[21],"tags":[],"class_list":["post-59277","post","type-post","status-publish","format-standard","has-post-thumbnail","hentry","category-policial"],"jetpack_featured_media_url":"https:\/\/i0.wp.com\/eltrabajo.cl\/portal\/wp-content\/uploads\/2015\/06\/VICTIMARIO.jpg?fit=530%2C349&ssl=1","jetpack_sharing_enabled":true,"jetpack_likes_enabled":true,"jetpack-related-posts":[],"_links":{"self":[{"href":"https:\/\/eltrabajo.cl\/portal\/wp-json\/wp\/v2\/posts\/59277","targetHints":{"allow":["GET"]}}],"collection":[{"href":"https:\/\/eltrabajo.cl\/portal\/wp-json\/wp\/v2\/posts"}],"about":[{"href":"https:\/\/eltrabajo.cl\/portal\/wp-json\/wp\/v2\/types\/post"}],"author":[{"embeddable":true,"href":"https:\/\/eltrabajo.cl\/portal\/wp-json\/wp\/v2\/users\/482"}],"replies":[{"embeddable":true,"href":"https:\/\/eltrabajo.cl\/portal\/wp-json\/wp\/v2\/comments?post=59277"}],"version-history":[{"count":0,"href":"https:\/\/eltrabajo.cl\/portal\/wp-json\/wp\/v2\/posts\/59277\/revisions"}],"wp:featuredmedia":[{"embeddable":true,"href":"https:\/\/eltrabajo.cl\/portal\/wp-json\/wp\/v2\/media\/59278"}],"wp:attachment":[{"href":"https:\/\/eltrabajo.cl\/portal\/wp-json\/wp\/v2\/media?parent=59277"}],"wp:term":[{"taxonomy":"category","embeddable":true,"href":"https:\/\/eltrabajo.cl\/portal\/wp-json\/wp\/v2\/categories?post=59277"},{"taxonomy":"post_tag","embeddable":true,"href":"https:\/\/eltrabajo.cl\/portal\/wp-json\/wp\/v2\/tags?post=59277"}],"curies":[{"name":"wp","href":"https:\/\/api.w.org\/{rel}","templated":true}]}}