{"id":59284,"date":"2015-06-23T09:07:14","date_gmt":"2015-06-23T12:07:14","guid":{"rendered":"http:\/\/www.eltrabajo.cl\/portal\/?p=59284"},"modified":"2015-06-23T09:07:14","modified_gmt":"2015-06-23T12:07:14","slug":"inician-charlas-de-concientizacion-sobre-recuperacion-del-agua","status":"publish","type":"post","link":"https:\/\/eltrabajo.cl\/portal\/inician-charlas-de-concientizacion-sobre-recuperacion-del-agua\/","title":{"rendered":"Inician charlas de concientizaci\u00f3n sobre recuperaci\u00f3n del agua"},"content":{"rendered":"<figure id=\"attachment_59285\" aria-describedby=\"caption-attachment-59285\" style=\"width: 300px\" class=\"wp-caption alignleft\"><a href=\"https:\/\/i0.wp.com\/www.eltrabajo.cl\/portal\/wp-content\/uploads\/2015\/06\/silvia_chavez-cicloforos.jpg\"><img data-recalc-dims=\"1\" loading=\"lazy\" decoding=\"async\" class=\"wp-image-59285 size-medium\" src=\"https:\/\/i0.wp.com\/www.eltrabajo.cl\/portal\/wp-content\/uploads\/2015\/06\/silvia_chavez-cicloforos-300x198.jpg?resize=300%2C198\" alt=\"Silvia Ch\u00e1vez, vocera de Agrupaci\u00f3n Ecologista Aconcagua.\" width=\"300\" height=\"198\" srcset=\"https:\/\/i0.wp.com\/eltrabajo.cl\/portal\/wp-content\/uploads\/2015\/06\/silvia_chavez-cicloforos.jpg?resize=300%2C198&amp;ssl=1 300w, https:\/\/i0.wp.com\/eltrabajo.cl\/portal\/wp-content\/uploads\/2015\/06\/silvia_chavez-cicloforos.jpg?resize=200%2C132&amp;ssl=1 200w, https:\/\/i0.wp.com\/eltrabajo.cl\/portal\/wp-content\/uploads\/2015\/06\/silvia_chavez-cicloforos.jpg?resize=228%2C150&amp;ssl=1 228w, https:\/\/i0.wp.com\/eltrabajo.cl\/portal\/wp-content\/uploads\/2015\/06\/silvia_chavez-cicloforos.jpg?resize=400%2C263&amp;ssl=1 400w, https:\/\/i0.wp.com\/eltrabajo.cl\/portal\/wp-content\/uploads\/2015\/06\/silvia_chavez-cicloforos.jpg?w=530&amp;ssl=1 530w\" sizes=\"auto, (max-width: 300px) 100vw, 300px\" \/><\/a><figcaption id=\"caption-attachment-59285\" class=\"wp-caption-text\">Silvia Ch\u00e1vez, vocera de Agrupaci\u00f3n Ecologista Aconcagua.<\/figcaption><\/figure>\n<ul>\n<li><strong>Actividad denominada \u2018Agua y Glaciares, derechos robados\u2019 es organizada por la Agrupaci\u00f3n Ecologista Aconcagua.<\/strong><\/li>\n<\/ul>\n<p><strong>LOS ANDES.<\/strong>&#8211; La Agrupaci\u00f3n Ecologista Aconcagua iniciar\u00e1 una serie de charlas abierta a toda la comunidad en la zona denominada \u2018Agua y Glaciares, derechos robados\u2019, destinada a que la ciudadan\u00eda tome consciencia de la importancia del vital elemento como fuente de vida para nuestra valle.<br \/>\nLa vocera de la agrupaci\u00f3n, Silvia Ch\u00e1vez, sostuvo que la situaci\u00f3n es escases h\u00eddrica que hoy se vive en la cuenca del R\u00edo Aconcagua se debe al uso y abuso del agua, principalmente derivada de labores mineras.<br \/>\nIndic\u00f3 que el primer foro de este ciclo se iniciar\u00e1 este s\u00e1bado 27 de junio a las 11 horas en la Biblioteca p\u00fablica Hermano Emeterio Jos\u00e9 de Los Andes con el tema de la eventual destrucci\u00f3n de glaciares a ra\u00edz de la instalaci\u00f3n de dos faenas mineras en la comuna de Putaendo y la construcci\u00f3n de un relave en el r\u00edo Ros\u00edn.<br \/>\nPrecis\u00f3 que esta situaci\u00f3n es similar al que se vive en muchos lugares de Chile donde no se toma en cuenta el factor medioambiental para el desarrollo de la miner\u00eda y que incide directamente en la falta de agua, \u201c porque la escases h\u00eddrica que estamos viviendo es el resultado de la programaci\u00f3n del c\u00f3digo de aguas que la separ\u00f3 de la tierra, por lo tanto no es el clima sino que esta reglamentaci\u00f3n que entreg\u00f3 a perpetuidad los derechos de agua a empresas transnacionales y que ellos puedan negociar con esta agua\u201d.<br \/>\nSilvia Ch\u00e1vez culp\u00f3 directamente al c\u00f3digo de aguas en que el vital elemento sea tratado como una mercanc\u00eda y no como un bien indispensable para la vida, \u201cya que el c\u00f3digo de aguas es derechamente un robo de agua legalizado\u201d.<br \/>\nRecord\u00f3 que Chile firm\u00f3 un tratado binacional minero que entreg\u00f3 el 25% del recurso h\u00eddrico, incluidos los glaciares, a empresas transnacionales y mineras.<br \/>\nDijo que es muy triste observar el cauce el R\u00edo Aconcagua en \u00e9poca de deshielo donde trae muy poca agua, \u201cpero si uno va y mira los canales de la empresas mineras o generadoras de energ\u00eda como los de Colb\u00fan, estos est\u00e1n llenos de agua, entonces lo que aqu\u00ed ocurre es que hay una legislaci\u00f3n para empresarios y poderosos, no para la vida\u201d.<br \/>\nSilvia Ch\u00e1vez ejemplific\u00f3 que Codelco Andina destruir\u00e1 25 glaciares si lleva adelante su proyecto 244, adem\u00e1s de la construcci\u00f3n de una planta de concentrado en el sector de Pocuro Alto donde se quiere levantar el embalse.<\/p>\n","protected":false},"excerpt":{"rendered":"<p>Actividad denominada \u2018Agua y Glaciares, derechos robados\u2019 es organizada por la Agrupaci\u00f3n Ecologista Aconcagua. LOS ANDES.&#8211; La Agrupaci\u00f3n Ecologista Aconcagua iniciar\u00e1 una serie de charlas abierta a toda la comunidad en la&#8230;<\/p>\n","protected":false},"author":482,"featured_media":59285,"comment_status":"open","ping_status":"open","sticky":false,"template":"","format":"standard","meta":{"advanced_seo_description":"","jetpack_seo_html_title":"","jetpack_seo_noindex":false,"_jetpack_memberships_contains_paid_content":false,"footnotes":""},"categories":[15],"tags":[],"class_list":["post-59284","post","type-post","status-publish","format-standard","has-post-thumbnail","hentry","category-comunidad"],"jetpack_featured_media_url":"https:\/\/i0.wp.com\/eltrabajo.cl\/portal\/wp-content\/uploads\/2015\/06\/silvia_chavez-cicloforos.jpg?fit=530%2C349&ssl=1","jetpack_sharing_enabled":true,"jetpack_likes_enabled":true,"jetpack-related-posts":[],"_links":{"self":[{"href":"https:\/\/eltrabajo.cl\/portal\/wp-json\/wp\/v2\/posts\/59284","targetHints":{"allow":["GET"]}}],"collection":[{"href":"https:\/\/eltrabajo.cl\/portal\/wp-json\/wp\/v2\/posts"}],"about":[{"href":"https:\/\/eltrabajo.cl\/portal\/wp-json\/wp\/v2\/types\/post"}],"author":[{"embeddable":true,"href":"https:\/\/eltrabajo.cl\/portal\/wp-json\/wp\/v2\/users\/482"}],"replies":[{"embeddable":true,"href":"https:\/\/eltrabajo.cl\/portal\/wp-json\/wp\/v2\/comments?post=59284"}],"version-history":[{"count":0,"href":"https:\/\/eltrabajo.cl\/portal\/wp-json\/wp\/v2\/posts\/59284\/revisions"}],"wp:featuredmedia":[{"embeddable":true,"href":"https:\/\/eltrabajo.cl\/portal\/wp-json\/wp\/v2\/media\/59285"}],"wp:attachment":[{"href":"https:\/\/eltrabajo.cl\/portal\/wp-json\/wp\/v2\/media?parent=59284"}],"wp:term":[{"taxonomy":"category","embeddable":true,"href":"https:\/\/eltrabajo.cl\/portal\/wp-json\/wp\/v2\/categories?post=59284"},{"taxonomy":"post_tag","embeddable":true,"href":"https:\/\/eltrabajo.cl\/portal\/wp-json\/wp\/v2\/tags?post=59284"}],"curies":[{"name":"wp","href":"https:\/\/api.w.org\/{rel}","templated":true}]}}