{"id":59287,"date":"2015-06-23T09:08:10","date_gmt":"2015-06-23T12:08:10","guid":{"rendered":"http:\/\/www.eltrabajo.cl\/portal\/?p=59287"},"modified":"2015-06-23T09:08:10","modified_gmt":"2015-06-23T12:08:10","slug":"hospital-san-camilo-inaugura-ventana-para-conocer-a-recien-nacidos","status":"publish","type":"post","link":"https:\/\/eltrabajo.cl\/portal\/hospital-san-camilo-inaugura-ventana-para-conocer-a-recien-nacidos\/","title":{"rendered":"Hospital San Camilo inaugura ventana para conocer a reci\u00e9n nacidos"},"content":{"rendered":"<figure id=\"attachment_59288\" aria-describedby=\"caption-attachment-59288\" style=\"width: 300px\" class=\"wp-caption alignleft\"><a href=\"https:\/\/i0.wp.com\/www.eltrabajo.cl\/portal\/wp-content\/uploads\/2015\/06\/Cinta11.jpg\"><img data-recalc-dims=\"1\" loading=\"lazy\" decoding=\"async\" class=\"wp-image-59288 size-medium\" src=\"https:\/\/i0.wp.com\/www.eltrabajo.cl\/portal\/wp-content\/uploads\/2015\/06\/Cinta11-300x198.jpg?resize=300%2C198\" alt=\"AMIGABLE INICIATIVA.- Portal permite que padre muestre al beb\u00e9 a todos los familiares sin salir de la sala de partos.\" width=\"300\" height=\"198\" srcset=\"https:\/\/i0.wp.com\/eltrabajo.cl\/portal\/wp-content\/uploads\/2015\/06\/Cinta11.jpg?resize=300%2C198&amp;ssl=1 300w, https:\/\/i0.wp.com\/eltrabajo.cl\/portal\/wp-content\/uploads\/2015\/06\/Cinta11.jpg?resize=200%2C132&amp;ssl=1 200w, https:\/\/i0.wp.com\/eltrabajo.cl\/portal\/wp-content\/uploads\/2015\/06\/Cinta11.jpg?resize=227%2C150&amp;ssl=1 227w, https:\/\/i0.wp.com\/eltrabajo.cl\/portal\/wp-content\/uploads\/2015\/06\/Cinta11.jpg?resize=400%2C264&amp;ssl=1 400w, https:\/\/i0.wp.com\/eltrabajo.cl\/portal\/wp-content\/uploads\/2015\/06\/Cinta11.jpg?w=530&amp;ssl=1 530w\" sizes=\"auto, (max-width: 300px) 100vw, 300px\" \/><\/a><figcaption id=\"caption-attachment-59288\" class=\"wp-caption-text\">AMIGABLE INICIATIVA.- Portal permite que padre muestre al beb\u00e9 a todos los familiares sin salir de la sala de partos.<\/figcaption><\/figure>\n<p>Destacando como una iniciativa pionera en el \u00e1mbito p\u00fablico, el Hospital San Camilo acaba de inaugurar un hermoso ventanal que permite que el padre o familiar significativo que haya acompa\u00f1ado a la madre en el parto, pueda presentar al reci\u00e9n nacido a todos los familiares que lo est\u00e1n acompa\u00f1ando, sin tener que sacar al beb\u00e9 de la sala de partos.<br \/>\nLa idea, surgida de parte de los propios funcionarios de la unidad, representa un avance en materia de hospitalidad al generar un servicio m\u00e1s amigable para sus usuarios, quienes desde ahora pueden sacar todas las fotograf\u00edas que deseen, sin interrumpir el apego entre el reci\u00e9n nacido y sus padres, ya que el portal est\u00e1 disponible para todos los usuarios.<br \/>\n\u00abEstamos muy contentos y queremos agradecer a todos los funcionarios que lucharon por sacar adelante esta iniciativa que nos permite ofrecer un servicio m\u00e1s cercano y cari\u00f1oso para nuestros usuarios, haciendo que nuestra infraestructura sea m\u00e1s amigable para todos\u00bb, se\u00f1al\u00f3 la directora del Hospital San Camilo, Jeannette de la Barrera.<br \/>\nEsta iniciativa tambi\u00e9n genera mejoras al interior del servicio, ya que ahora no existe tanta demanda de los familiares por poder entrar a la unidad, lo que en ocasiones creaba problemas cuando el servicio se encontraba con varias usuarias en trabajo de parto, ya que ahora solo deben esperar tranquilas a que el padre o familiar significativo aparezca por la ventana para mostrar en sociedad al nuevo integrante de la familia.<\/p>\n","protected":false},"excerpt":{"rendered":"<p>Destacando como una iniciativa pionera en el \u00e1mbito p\u00fablico, el Hospital San Camilo acaba de inaugurar un hermoso ventanal que permite que el padre o familiar significativo que haya acompa\u00f1ado a la&#8230;<\/p>\n","protected":false},"author":482,"featured_media":59288,"comment_status":"open","ping_status":"open","sticky":false,"template":"","format":"standard","meta":{"advanced_seo_description":"","jetpack_seo_html_title":"","jetpack_seo_noindex":false,"_jetpack_memberships_contains_paid_content":false,"footnotes":""},"categories":[15],"tags":[],"class_list":["post-59287","post","type-post","status-publish","format-standard","has-post-thumbnail","hentry","category-comunidad"],"jetpack_featured_media_url":"https:\/\/i0.wp.com\/eltrabajo.cl\/portal\/wp-content\/uploads\/2015\/06\/Cinta11.jpg?fit=530%2C350&ssl=1","jetpack_sharing_enabled":true,"jetpack_likes_enabled":true,"jetpack-related-posts":[],"_links":{"self":[{"href":"https:\/\/eltrabajo.cl\/portal\/wp-json\/wp\/v2\/posts\/59287","targetHints":{"allow":["GET"]}}],"collection":[{"href":"https:\/\/eltrabajo.cl\/portal\/wp-json\/wp\/v2\/posts"}],"about":[{"href":"https:\/\/eltrabajo.cl\/portal\/wp-json\/wp\/v2\/types\/post"}],"author":[{"embeddable":true,"href":"https:\/\/eltrabajo.cl\/portal\/wp-json\/wp\/v2\/users\/482"}],"replies":[{"embeddable":true,"href":"https:\/\/eltrabajo.cl\/portal\/wp-json\/wp\/v2\/comments?post=59287"}],"version-history":[{"count":0,"href":"https:\/\/eltrabajo.cl\/portal\/wp-json\/wp\/v2\/posts\/59287\/revisions"}],"wp:featuredmedia":[{"embeddable":true,"href":"https:\/\/eltrabajo.cl\/portal\/wp-json\/wp\/v2\/media\/59288"}],"wp:attachment":[{"href":"https:\/\/eltrabajo.cl\/portal\/wp-json\/wp\/v2\/media?parent=59287"}],"wp:term":[{"taxonomy":"category","embeddable":true,"href":"https:\/\/eltrabajo.cl\/portal\/wp-json\/wp\/v2\/categories?post=59287"},{"taxonomy":"post_tag","embeddable":true,"href":"https:\/\/eltrabajo.cl\/portal\/wp-json\/wp\/v2\/tags?post=59287"}],"curies":[{"name":"wp","href":"https:\/\/api.w.org\/{rel}","templated":true}]}}