{"id":59290,"date":"2015-06-23T09:09:20","date_gmt":"2015-06-23T12:09:20","guid":{"rendered":"http:\/\/www.eltrabajo.cl\/portal\/?p=59290"},"modified":"2015-06-23T09:09:20","modified_gmt":"2015-06-23T12:09:20","slug":"esfocar-selecciona-jovenes-que-participaran-en-escuela-de-formacion-de-carabineros","status":"publish","type":"post","link":"https:\/\/eltrabajo.cl\/portal\/esfocar-selecciona-jovenes-que-participaran-en-escuela-de-formacion-de-carabineros\/","title":{"rendered":"Esfocar selecciona j\u00f3venes que participar\u00e1n en Escuela de Formaci\u00f3n de Carabineros"},"content":{"rendered":"<figure id=\"attachment_59291\" aria-describedby=\"caption-attachment-59291\" style=\"width: 300px\" class=\"wp-caption alignleft\"><a href=\"https:\/\/i0.wp.com\/www.eltrabajo.cl\/portal\/wp-content\/uploads\/2015\/06\/seleccionados-junio-2015-foto-2.jpg\"><img data-recalc-dims=\"1\" loading=\"lazy\" decoding=\"async\" class=\"wp-image-59291 size-medium\" src=\"https:\/\/i0.wp.com\/www.eltrabajo.cl\/portal\/wp-content\/uploads\/2015\/06\/seleccionados-junio-2015-foto-2-300x198.jpg?resize=300%2C198\" alt=\"El llamado consider\u00f3 j\u00f3venes de Aconcagua y Petorca, quienes se incorporar\u00e1n al curso de Carabinero de Orden y Seguridad a partir del viernes 26 de junio.\" width=\"300\" height=\"198\" srcset=\"https:\/\/i0.wp.com\/eltrabajo.cl\/portal\/wp-content\/uploads\/2015\/06\/seleccionados-junio-2015-foto-2.jpg?resize=300%2C198&amp;ssl=1 300w, https:\/\/i0.wp.com\/eltrabajo.cl\/portal\/wp-content\/uploads\/2015\/06\/seleccionados-junio-2015-foto-2.jpg?resize=200%2C132&amp;ssl=1 200w, https:\/\/i0.wp.com\/eltrabajo.cl\/portal\/wp-content\/uploads\/2015\/06\/seleccionados-junio-2015-foto-2.jpg?resize=228%2C150&amp;ssl=1 228w, https:\/\/i0.wp.com\/eltrabajo.cl\/portal\/wp-content\/uploads\/2015\/06\/seleccionados-junio-2015-foto-2.jpg?resize=400%2C263&amp;ssl=1 400w, https:\/\/i0.wp.com\/eltrabajo.cl\/portal\/wp-content\/uploads\/2015\/06\/seleccionados-junio-2015-foto-2.jpg?w=530&amp;ssl=1 530w\" sizes=\"auto, (max-width: 300px) 100vw, 300px\" \/><\/a><figcaption id=\"caption-attachment-59291\" class=\"wp-caption-text\">El llamado consider\u00f3 j\u00f3venes de Aconcagua y Petorca, quienes se incorporar\u00e1n al curso de Carabinero de Orden y Seguridad a partir del viernes 26 de junio.<\/figcaption><\/figure>\n<p>14 j\u00f3venes de las provincias de Aconcagua y Petorca, fueron seleccionados por la Escuela de Formaci\u00f3n de Carabineros, Esfocar, para incorporarse al Curso de Carabinero de Orden y Seguridad, que se iniciar\u00e1 este viernes 26 de junio.<br \/>\nSeg\u00fan inform\u00f3 la Oficina de Postulaciones Aconcagua, los llamados a curso representan el 50% de los j\u00f3venes que hab\u00edan aprobado todas las pruebas de selecci\u00f3n, las cuales incluyeron pruebas de salud, capacidad f\u00edsica, entrevistas personales y un examen psicol\u00f3gico.<br \/>\nEn tanto, los futuros polic\u00edas uniformados, deber\u00e1n aprobar un a\u00f1o de estudios en uno de los Grupos de Formaci\u00f3n de Vi\u00f1a del Mar y Santiago, todos en r\u00e9gimen interno y con salidas a sus domicilios los fines de semana, a partir del segundo mes de instrucci\u00f3n.<br \/>\nAsimismo -en la Prefectura Aconcagua-, la Esfocar mantiene abiertas las inscripciones para nuevos interesados en incorporarse a las filas de Carabineros de Chile, debido a que ya se ha comenzado con el siguiente proceso, el que busca reclutar a los aconcag\u00fcinos que deseen postular al pr\u00f3ximo Curso de Formaci\u00f3n, que comenzar\u00e1 en enero de 2016.<\/p>\n","protected":false},"excerpt":{"rendered":"<p>14 j\u00f3venes de las provincias de Aconcagua y Petorca, fueron seleccionados por la Escuela de Formaci\u00f3n de Carabineros, Esfocar, para incorporarse al Curso de Carabinero de Orden y Seguridad, que se iniciar\u00e1&#8230;<\/p>\n","protected":false},"author":482,"featured_media":59291,"comment_status":"open","ping_status":"open","sticky":false,"template":"","format":"standard","meta":{"advanced_seo_description":"","jetpack_seo_html_title":"","jetpack_seo_noindex":false,"_jetpack_memberships_contains_paid_content":false,"footnotes":""},"categories":[15],"tags":[],"class_list":["post-59290","post","type-post","status-publish","format-standard","has-post-thumbnail","hentry","category-comunidad"],"jetpack_featured_media_url":"https:\/\/i0.wp.com\/eltrabajo.cl\/portal\/wp-content\/uploads\/2015\/06\/seleccionados-junio-2015-foto-2.jpg?fit=530%2C349&ssl=1","jetpack_sharing_enabled":true,"jetpack_likes_enabled":true,"jetpack-related-posts":[],"_links":{"self":[{"href":"https:\/\/eltrabajo.cl\/portal\/wp-json\/wp\/v2\/posts\/59290","targetHints":{"allow":["GET"]}}],"collection":[{"href":"https:\/\/eltrabajo.cl\/portal\/wp-json\/wp\/v2\/posts"}],"about":[{"href":"https:\/\/eltrabajo.cl\/portal\/wp-json\/wp\/v2\/types\/post"}],"author":[{"embeddable":true,"href":"https:\/\/eltrabajo.cl\/portal\/wp-json\/wp\/v2\/users\/482"}],"replies":[{"embeddable":true,"href":"https:\/\/eltrabajo.cl\/portal\/wp-json\/wp\/v2\/comments?post=59290"}],"version-history":[{"count":0,"href":"https:\/\/eltrabajo.cl\/portal\/wp-json\/wp\/v2\/posts\/59290\/revisions"}],"wp:featuredmedia":[{"embeddable":true,"href":"https:\/\/eltrabajo.cl\/portal\/wp-json\/wp\/v2\/media\/59291"}],"wp:attachment":[{"href":"https:\/\/eltrabajo.cl\/portal\/wp-json\/wp\/v2\/media?parent=59290"}],"wp:term":[{"taxonomy":"category","embeddable":true,"href":"https:\/\/eltrabajo.cl\/portal\/wp-json\/wp\/v2\/categories?post=59290"},{"taxonomy":"post_tag","embeddable":true,"href":"https:\/\/eltrabajo.cl\/portal\/wp-json\/wp\/v2\/tags?post=59290"}],"curies":[{"name":"wp","href":"https:\/\/api.w.org\/{rel}","templated":true}]}}