{"id":59293,"date":"2015-06-23T09:11:40","date_gmt":"2015-06-23T12:11:40","guid":{"rendered":"http:\/\/www.eltrabajo.cl\/portal\/?p=59293"},"modified":"2015-06-23T09:11:40","modified_gmt":"2015-06-23T12:11:40","slug":"amantes-de-los-porsche-visitaron-a-los-ninos-del-hogar-pablo-sexto","status":"publish","type":"post","link":"https:\/\/eltrabajo.cl\/portal\/amantes-de-los-porsche-visitaron-a-los-ninos-del-hogar-pablo-sexto\/","title":{"rendered":"Amantes de los Porsche visitaron a los ni\u00f1os del Hogar Pablo Sexto"},"content":{"rendered":"<figure id=\"attachment_59294\" aria-describedby=\"caption-attachment-59294\" style=\"width: 300px\" class=\"wp-caption alignleft\"><a href=\"https:\/\/i0.wp.com\/www.eltrabajo.cl\/portal\/wp-content\/uploads\/2015\/06\/pablo-sexto-1.jpg\"><img data-recalc-dims=\"1\" loading=\"lazy\" decoding=\"async\" class=\"wp-image-59294 size-medium\" src=\"https:\/\/i0.wp.com\/www.eltrabajo.cl\/portal\/wp-content\/uploads\/2015\/06\/pablo-sexto-1-300x198.jpg?resize=300%2C198\" alt=\"Porschaddicts se hizo presente en la residencial Pablo Sexto.\" width=\"300\" height=\"198\" srcset=\"https:\/\/i0.wp.com\/eltrabajo.cl\/portal\/wp-content\/uploads\/2015\/06\/pablo-sexto-1.jpg?resize=300%2C198&amp;ssl=1 300w, https:\/\/i0.wp.com\/eltrabajo.cl\/portal\/wp-content\/uploads\/2015\/06\/pablo-sexto-1.jpg?resize=200%2C132&amp;ssl=1 200w, https:\/\/i0.wp.com\/eltrabajo.cl\/portal\/wp-content\/uploads\/2015\/06\/pablo-sexto-1.jpg?resize=227%2C150&amp;ssl=1 227w, https:\/\/i0.wp.com\/eltrabajo.cl\/portal\/wp-content\/uploads\/2015\/06\/pablo-sexto-1.jpg?resize=400%2C264&amp;ssl=1 400w, https:\/\/i0.wp.com\/eltrabajo.cl\/portal\/wp-content\/uploads\/2015\/06\/pablo-sexto-1.jpg?w=530&amp;ssl=1 530w\" sizes=\"auto, (max-width: 300px) 100vw, 300px\" \/><\/a><figcaption id=\"caption-attachment-59294\" class=\"wp-caption-text\">Porschaddicts se hizo presente en la residencial Pablo Sexto.<\/figcaption><\/figure>\n<p>El poder de los caballos de fuerza de los autos Porsche hicieron que este d\u00eda s\u00e1bado fuera completamente distinto para los ni\u00f1os del Hogar Pablo Sexto, en el sector del Almendral en San Felipe.<br \/>\nUna veintena de due\u00f1os de estos lujosos autos llegaron a visitar a los ni\u00f1os desde Santiago, con regalos, sorpresas y con la gran novedad, los muchachos pudieron conocer la potencia de los autom\u00f3viles, adem\u00e1s de la exposici\u00f3n de a\u00f1osos modelos de la prestigiosa marca alemana.<br \/>\nA la cita tambi\u00e9n lleg\u00f3 a acompa\u00f1ar a los ni\u00f1os el empresario Juan Carlos Monasterio, quien se sum\u00f3 a esta iniciativa.<br \/>\nEl grupo Porschaddicts lleg\u00f3 a eso del medio d\u00eda a la residencial infantil desde la Regi\u00f3n Metropolitana acompa\u00f1ados de Monasterio, donde tuvieron la oportunidad de compartir con los ni\u00f1os, conocer las instalaciones del lugar y mostrarles estos autom\u00f3viles que son unas verdaderas m\u00e1quinas de pura potencia por la gran cantidad de caballos de fuerza en sus motores y la exclusividad de sus terminaciones.<br \/>\n\u00abNosotros tenemos una agrupaci\u00f3n en Santiago de amantes de los autos deportivos que se llama Porschaddicts, por intermedio de un amigo del sector, le ped\u00ed que nos buscara un lugar porque nosotros ten\u00edamos ganas de hacer alguna obra social, entonces llegamos a este hogar y nos encontramos que ten\u00eda necesidades, hablamos con la directora y nos mostr\u00f3 todo el hogar. Nuestra idea es poder apadrinar este hogar y hacer actividades m\u00e1s seguido\u00bb, coment\u00f3 Fernando C\u00f3rdova, director de Porschaddicts.<br \/>\nEn la cita pudieron conocer la realidad de 60 ni\u00f1os que viven en el hogar desde los cinco a\u00f1os hasta los 17 y tambi\u00e9n trazar los lineamientos de las pr\u00f3ximas actividades que realizar\u00e1n en este hogar.<br \/>\n\u00abHoy est\u00e1 lindo el d\u00eda y se hace m\u00e1s hermoso con estos gestos. Un agradecimiento a Fernando C\u00f3rdova por la iniciativa de haber venido a compartir una muestra de lo que algunos tienen m\u00e1s y con un granito de arena se puede apoyar a los m\u00e1s desvalidos. Es un lindo d\u00eda y m\u00e1s con esto\u00bb, expres\u00f3 Juan Carlos Monasterio.<br \/>\nLlam\u00f3 la atenci\u00f3n de este grupo de amantes de los autos de lujo que solo un empresario de Aconcagua se sumara a este evento, por lo que se hizo un llamado colectivo de los Porschaddicts y Monasterio a sumarse, \u00abesto va a motivar a m\u00e1s personas a sumarse, van a haber muchas m\u00e1s actividades en el futuro. Hago un llamado a los empresarios del Valle de Aconcagua para que se sumen a estas nobles causas y estoy seguro que poco a poco se ir\u00e1n sumando\u00bb, agreg\u00f3 Monasterio.<br \/>\nLas t\u00edas que est\u00e1n al cuidado de los menores tambi\u00e9n agradecieron la visita, puesto que los sacan de la rutina diaria que tienen dentro del hogar y tambi\u00e9n aprovecharon de expresar sus deseos para que los invitados pudieran ayudar en el futuro a lograrlo.<br \/>\n\u00abNosotros siempre estamos muy llanos a que venga parte de la comunidad de San Felipe y en este caso de Santiago a conocer, no solo las dependencias de la instituci\u00f3n sino que tambi\u00e9n a nuestros ni\u00f1os. A que conozcan que son igual que cualquier otro ni\u00f1o que est\u00e1 en su casa, que est\u00e1 con su familia y que son ni\u00f1os que disfrutan de todos estos eventos como en este caso con los Porsche que son autos tan bonitos, tan lujosos\u00bb, expres\u00f3 Romy Contreras, la directora de la Residencia Pablo Sexto.<\/p>\n<div class=\"tiled-gallery type-rectangular tiled-gallery-unresized\" data-original-width=\"640\" data-carousel-extra='null' itemscope itemtype=\"http:\/\/schema.org\/ImageGallery\" > <div class=\"gallery-row\" style=\"width: 640px; height: 282px;\" data-original-width=\"640\" data-original-height=\"282\" > <div class=\"gallery-group images-1\" style=\"width: 428px; height: 282px;\" data-original-width=\"428\" data-original-height=\"282\" > <div class=\"tiled-gallery-item tiled-gallery-item-large\" itemprop=\"associatedMedia\" itemscope itemtype=\"http:\/\/schema.org\/ImageObject\"> <a href=\"https:\/\/eltrabajo.cl\/portal\/amantes-de-los-porsche-visitaron-a-los-ninos-del-hogar-pablo-sexto\/pablo-sexto-2\/\" border=\"0\" itemprop=\"url\"> <meta itemprop=\"width\" content=\"424\"> <meta itemprop=\"height\" content=\"278\"> <img decoding=\"async\" class=\"\" data-attachment-id=\"59295\" data-orig-file=\"https:\/\/eltrabajo.cl\/portal\/wp-content\/uploads\/2015\/06\/pablo-sexto-2.jpg\" data-orig-size=\"530,348\" data-comments-opened=\"1\" data-image-meta=\"{&quot;aperture&quot;:&quot;0&quot;,&quot;credit&quot;:&quot;&quot;,&quot;camera&quot;:&quot;&quot;,&quot;caption&quot;:&quot;&quot;,&quot;created_timestamp&quot;:&quot;0&quot;,&quot;copyright&quot;:&quot;&quot;,&quot;focal_length&quot;:&quot;0&quot;,&quot;iso&quot;:&quot;0&quot;,&quot;shutter_speed&quot;:&quot;0&quot;,&quot;title&quot;:&quot;&quot;,&quot;orientation&quot;:&quot;0&quot;}\" data-image-title=\"pablo sexto 2\" data-image-description=\"&lt;p&gt;Los ni\u00f1os pudieron disfrutar de golosinas que los invitados llevaron. &lt;\/p&gt; \" data-medium-file=\"https:\/\/i0.wp.com\/eltrabajo.cl\/portal\/wp-content\/uploads\/2015\/06\/pablo-sexto-2.jpg?fit=300%2C197&#038;ssl=1\" data-large-file=\"https:\/\/i0.wp.com\/eltrabajo.cl\/portal\/wp-content\/uploads\/2015\/06\/pablo-sexto-2.jpg?fit=530%2C348&#038;ssl=1\" src=\"https:\/\/i0.wp.com\/eltrabajo.cl\/portal\/wp-content\/uploads\/2015\/06\/pablo-sexto-2.jpg?w=424&#038;h=278&#038;ssl=1\" srcset=\"https:\/\/i0.wp.com\/eltrabajo.cl\/portal\/wp-content\/uploads\/2015\/06\/pablo-sexto-2.jpg?w=530&amp;ssl=1 530w, https:\/\/i0.wp.com\/eltrabajo.cl\/portal\/wp-content\/uploads\/2015\/06\/pablo-sexto-2.jpg?resize=200%2C131&amp;ssl=1 200w, https:\/\/i0.wp.com\/eltrabajo.cl\/portal\/wp-content\/uploads\/2015\/06\/pablo-sexto-2.jpg?resize=300%2C197&amp;ssl=1 300w, https:\/\/i0.wp.com\/eltrabajo.cl\/portal\/wp-content\/uploads\/2015\/06\/pablo-sexto-2.jpg?resize=228%2C150&amp;ssl=1 228w, https:\/\/i0.wp.com\/eltrabajo.cl\/portal\/wp-content\/uploads\/2015\/06\/pablo-sexto-2.jpg?resize=400%2C263&amp;ssl=1 400w\" width=\"424\" height=\"278\" loading=\"lazy\" data-original-width=\"424\" data-original-height=\"278\" itemprop=\"http:\/\/schema.org\/image\" title=\"pablo sexto 2\" alt=\"Los ni\u00f1os pudieron disfrutar de golosinas que los invitados llevaron.\" style=\"width: 424px; height: 278px;\" \/> <\/a> <div class=\"tiled-gallery-caption\" itemprop=\"caption description\"> Los ni\u00f1os pudieron disfrutar de golosinas que los invitados llevaron. <\/div> <\/div> <\/div> <!-- close group --> <div class=\"gallery-group images-2\" style=\"width: 212px; height: 282px;\" data-original-width=\"212\" data-original-height=\"282\" > <div class=\"tiled-gallery-item tiled-gallery-item-small\" itemprop=\"associatedMedia\" itemscope itemtype=\"http:\/\/schema.org\/ImageObject\"> <a href=\"https:\/\/eltrabajo.cl\/portal\/amantes-de-los-porsche-visitaron-a-los-ninos-del-hogar-pablo-sexto\/pablo-sexto-3\/\" border=\"0\" itemprop=\"url\"> <meta itemprop=\"width\" content=\"208\"> <meta itemprop=\"height\" content=\"137\"> <img decoding=\"async\" class=\"\" data-attachment-id=\"59296\" data-orig-file=\"https:\/\/eltrabajo.cl\/portal\/wp-content\/uploads\/2015\/06\/pablo-sexto-3.jpg\" data-orig-size=\"530,348\" data-comments-opened=\"1\" data-image-meta=\"{&quot;aperture&quot;:&quot;0&quot;,&quot;credit&quot;:&quot;&quot;,&quot;camera&quot;:&quot;&quot;,&quot;caption&quot;:&quot;&quot;,&quot;created_timestamp&quot;:&quot;1434720983&quot;,&quot;copyright&quot;:&quot;&quot;,&quot;focal_length&quot;:&quot;0&quot;,&quot;iso&quot;:&quot;0&quot;,&quot;shutter_speed&quot;:&quot;0&quot;,&quot;title&quot;:&quot;&quot;,&quot;orientation&quot;:&quot;0&quot;}\" data-image-title=\"pablo sexto 3\" data-image-description=\"&lt;p&gt;Los ni\u00f1os pudieron disfrutar de golosinas que los invitados llevaron. &lt;\/p&gt; \" data-medium-file=\"https:\/\/i0.wp.com\/eltrabajo.cl\/portal\/wp-content\/uploads\/2015\/06\/pablo-sexto-3.jpg?fit=300%2C197&#038;ssl=1\" data-large-file=\"https:\/\/i0.wp.com\/eltrabajo.cl\/portal\/wp-content\/uploads\/2015\/06\/pablo-sexto-3.jpg?fit=530%2C348&#038;ssl=1\" src=\"https:\/\/i0.wp.com\/eltrabajo.cl\/portal\/wp-content\/uploads\/2015\/06\/pablo-sexto-3.jpg?w=208&#038;h=137&#038;ssl=1\" srcset=\"https:\/\/i0.wp.com\/eltrabajo.cl\/portal\/wp-content\/uploads\/2015\/06\/pablo-sexto-3.jpg?w=530&amp;ssl=1 530w, https:\/\/i0.wp.com\/eltrabajo.cl\/portal\/wp-content\/uploads\/2015\/06\/pablo-sexto-3.jpg?resize=200%2C131&amp;ssl=1 200w, https:\/\/i0.wp.com\/eltrabajo.cl\/portal\/wp-content\/uploads\/2015\/06\/pablo-sexto-3.jpg?resize=300%2C197&amp;ssl=1 300w, https:\/\/i0.wp.com\/eltrabajo.cl\/portal\/wp-content\/uploads\/2015\/06\/pablo-sexto-3.jpg?resize=228%2C150&amp;ssl=1 228w, https:\/\/i0.wp.com\/eltrabajo.cl\/portal\/wp-content\/uploads\/2015\/06\/pablo-sexto-3.jpg?resize=400%2C263&amp;ssl=1 400w\" width=\"208\" height=\"137\" loading=\"lazy\" data-original-width=\"208\" data-original-height=\"137\" itemprop=\"http:\/\/schema.org\/image\" title=\"pablo sexto 3\" alt=\"Los ni\u00f1os pudieron disfrutar de golosinas que los invitados llevaron.\" style=\"width: 208px; height: 137px;\" \/> <\/a> <div class=\"tiled-gallery-caption\" itemprop=\"caption description\"> Los ni\u00f1os pudieron disfrutar de golosinas que los invitados llevaron. <\/div> <\/div> <div class=\"tiled-gallery-item tiled-gallery-item-small\" itemprop=\"associatedMedia\" itemscope itemtype=\"http:\/\/schema.org\/ImageObject\"> <a href=\"https:\/\/eltrabajo.cl\/portal\/amantes-de-los-porsche-visitaron-a-los-ninos-del-hogar-pablo-sexto\/pablo-sexto-4\/\" border=\"0\" itemprop=\"url\"> <meta itemprop=\"width\" content=\"208\"> <meta itemprop=\"height\" content=\"137\"> <img decoding=\"async\" class=\"\" data-attachment-id=\"59297\" data-orig-file=\"https:\/\/eltrabajo.cl\/portal\/wp-content\/uploads\/2015\/06\/pablo-sexto-4.jpg\" data-orig-size=\"530,350\" data-comments-opened=\"1\" data-image-meta=\"{&quot;aperture&quot;:&quot;0&quot;,&quot;credit&quot;:&quot;&quot;,&quot;camera&quot;:&quot;&quot;,&quot;caption&quot;:&quot;&quot;,&quot;created_timestamp&quot;:&quot;1434720662&quot;,&quot;copyright&quot;:&quot;&quot;,&quot;focal_length&quot;:&quot;0&quot;,&quot;iso&quot;:&quot;0&quot;,&quot;shutter_speed&quot;:&quot;0&quot;,&quot;title&quot;:&quot;&quot;,&quot;orientation&quot;:&quot;0&quot;}\" data-image-title=\"pablo sexto 4\" data-image-description=\"&lt;p&gt;Tambi\u00e9n a\u00f1osos autos de la marca alemana llegaron a visitar a los ni\u00f1os de la residencial.&lt;\/p&gt; \" data-medium-file=\"https:\/\/i0.wp.com\/eltrabajo.cl\/portal\/wp-content\/uploads\/2015\/06\/pablo-sexto-4.jpg?fit=300%2C198&#038;ssl=1\" data-large-file=\"https:\/\/i0.wp.com\/eltrabajo.cl\/portal\/wp-content\/uploads\/2015\/06\/pablo-sexto-4.jpg?fit=530%2C350&#038;ssl=1\" src=\"https:\/\/i0.wp.com\/eltrabajo.cl\/portal\/wp-content\/uploads\/2015\/06\/pablo-sexto-4.jpg?w=208&#038;h=137&#038;ssl=1\" srcset=\"https:\/\/i0.wp.com\/eltrabajo.cl\/portal\/wp-content\/uploads\/2015\/06\/pablo-sexto-4.jpg?w=530&amp;ssl=1 530w, https:\/\/i0.wp.com\/eltrabajo.cl\/portal\/wp-content\/uploads\/2015\/06\/pablo-sexto-4.jpg?resize=200%2C132&amp;ssl=1 200w, https:\/\/i0.wp.com\/eltrabajo.cl\/portal\/wp-content\/uploads\/2015\/06\/pablo-sexto-4.jpg?resize=300%2C198&amp;ssl=1 300w, https:\/\/i0.wp.com\/eltrabajo.cl\/portal\/wp-content\/uploads\/2015\/06\/pablo-sexto-4.jpg?resize=227%2C150&amp;ssl=1 227w, https:\/\/i0.wp.com\/eltrabajo.cl\/portal\/wp-content\/uploads\/2015\/06\/pablo-sexto-4.jpg?resize=400%2C264&amp;ssl=1 400w\" width=\"208\" height=\"137\" loading=\"lazy\" data-original-width=\"208\" data-original-height=\"137\" itemprop=\"http:\/\/schema.org\/image\" title=\"pablo sexto 4\" alt=\"Tambi\u00e9n a\u00f1osos autos de la marca alemana llegaron a visitar a los ni\u00f1os de la residencial.\" style=\"width: 208px; height: 137px;\" \/> <\/a> <div class=\"tiled-gallery-caption\" itemprop=\"caption description\"> Tambi\u00e9n a\u00f1osos autos de la marca alemana llegaron a visitar a los ni\u00f1os de la residencial. <\/div> <\/div> <\/div> <!-- close group --> <\/div> <!-- close row --> <\/div>\n","protected":false},"excerpt":{"rendered":"<p>El poder de los caballos de fuerza de los autos Porsche hicieron que este d\u00eda s\u00e1bado fuera completamente distinto para los ni\u00f1os del Hogar Pablo Sexto, en el sector del Almendral en&#8230;<\/p>\n","protected":false},"author":482,"featured_media":59294,"comment_status":"open","ping_status":"open","sticky":false,"template":"","format":"standard","meta":{"advanced_seo_description":"","jetpack_seo_html_title":"","jetpack_seo_noindex":false,"_jetpack_memberships_contains_paid_content":false,"footnotes":""},"categories":[15],"tags":[],"class_list":["post-59293","post","type-post","status-publish","format-standard","has-post-thumbnail","hentry","category-comunidad"],"jetpack_featured_media_url":"https:\/\/i0.wp.com\/eltrabajo.cl\/portal\/wp-content\/uploads\/2015\/06\/pablo-sexto-1.jpg?fit=530%2C350&ssl=1","jetpack_sharing_enabled":true,"jetpack_likes_enabled":true,"jetpack-related-posts":[],"_links":{"self":[{"href":"https:\/\/eltrabajo.cl\/portal\/wp-json\/wp\/v2\/posts\/59293","targetHints":{"allow":["GET"]}}],"collection":[{"href":"https:\/\/eltrabajo.cl\/portal\/wp-json\/wp\/v2\/posts"}],"about":[{"href":"https:\/\/eltrabajo.cl\/portal\/wp-json\/wp\/v2\/types\/post"}],"author":[{"embeddable":true,"href":"https:\/\/eltrabajo.cl\/portal\/wp-json\/wp\/v2\/users\/482"}],"replies":[{"embeddable":true,"href":"https:\/\/eltrabajo.cl\/portal\/wp-json\/wp\/v2\/comments?post=59293"}],"version-history":[{"count":0,"href":"https:\/\/eltrabajo.cl\/portal\/wp-json\/wp\/v2\/posts\/59293\/revisions"}],"wp:featuredmedia":[{"embeddable":true,"href":"https:\/\/eltrabajo.cl\/portal\/wp-json\/wp\/v2\/media\/59294"}],"wp:attachment":[{"href":"https:\/\/eltrabajo.cl\/portal\/wp-json\/wp\/v2\/media?parent=59293"}],"wp:term":[{"taxonomy":"category","embeddable":true,"href":"https:\/\/eltrabajo.cl\/portal\/wp-json\/wp\/v2\/categories?post=59293"},{"taxonomy":"post_tag","embeddable":true,"href":"https:\/\/eltrabajo.cl\/portal\/wp-json\/wp\/v2\/tags?post=59293"}],"curies":[{"name":"wp","href":"https:\/\/api.w.org\/{rel}","templated":true}]}}