{"id":59299,"date":"2015-06-23T09:12:56","date_gmt":"2015-06-23T12:12:56","guid":{"rendered":"http:\/\/www.eltrabajo.cl\/portal\/?p=59299"},"modified":"2015-06-23T09:12:56","modified_gmt":"2015-06-23T12:12:56","slug":"vecinos-asisten-a-charlas-sobre-uso-energetico-y-beneficios-sociales-del-ips","status":"publish","type":"post","link":"https:\/\/eltrabajo.cl\/portal\/vecinos-asisten-a-charlas-sobre-uso-energetico-y-beneficios-sociales-del-ips\/","title":{"rendered":"Vecinos asisten a charlas sobre uso energ\u00e9tico y beneficios sociales del IPS"},"content":{"rendered":"<figure id=\"attachment_59300\" aria-describedby=\"caption-attachment-59300\" style=\"width: 300px\" class=\"wp-caption alignleft\"><a href=\"https:\/\/i0.wp.com\/www.eltrabajo.cl\/portal\/wp-content\/uploads\/2015\/06\/charla-energia-panquehue.jpg\"><img data-recalc-dims=\"1\" loading=\"lazy\" decoding=\"async\" class=\"wp-image-59300 size-medium\" src=\"https:\/\/i0.wp.com\/www.eltrabajo.cl\/portal\/wp-content\/uploads\/2015\/06\/charla-energia-panquehue-300x198.jpg?resize=300%2C198\" alt=\"La actividad se desarroll\u00f3 en el sal\u00f3n de la Biblioteca Municipal y cont\u00f3 con la participaci\u00f3n de diversas autoridades y la comunidad panquehuina. \" width=\"300\" height=\"198\" srcset=\"https:\/\/i0.wp.com\/eltrabajo.cl\/portal\/wp-content\/uploads\/2015\/06\/charla-energia-panquehue.jpg?resize=300%2C198&amp;ssl=1 300w, https:\/\/i0.wp.com\/eltrabajo.cl\/portal\/wp-content\/uploads\/2015\/06\/charla-energia-panquehue.jpg?resize=200%2C132&amp;ssl=1 200w, https:\/\/i0.wp.com\/eltrabajo.cl\/portal\/wp-content\/uploads\/2015\/06\/charla-energia-panquehue.jpg?resize=227%2C150&amp;ssl=1 227w, https:\/\/i0.wp.com\/eltrabajo.cl\/portal\/wp-content\/uploads\/2015\/06\/charla-energia-panquehue.jpg?resize=400%2C264&amp;ssl=1 400w, https:\/\/i0.wp.com\/eltrabajo.cl\/portal\/wp-content\/uploads\/2015\/06\/charla-energia-panquehue.jpg?w=530&amp;ssl=1 530w\" sizes=\"auto, (max-width: 300px) 100vw, 300px\" \/><\/a><figcaption id=\"caption-attachment-59300\" class=\"wp-caption-text\">La actividad se desarroll\u00f3 en el sal\u00f3n de la Biblioteca Municipal y cont\u00f3 con la participaci\u00f3n de diversas autoridades y la comunidad panquehuina.<\/figcaption><\/figure>\n<ul>\n<li><strong>La actividad que se realiz\u00f3 en la Biblioteca Municipal, cont\u00f3 con la participaci\u00f3n del alcalde Luis Pradenas, los Seremis de Energ\u00eda y Gobierno junto al Gobernador y la Directora Provincial del IPS.<\/strong><\/li>\n<\/ul>\n<p><strong>PANQUEHUE<\/strong>.- Como un gran aporte para los vecinos de Panquehue, calific\u00f3 el alcalde Luis Pradenas, las charlas entregadas por el Secretario Regional Ministerial de Energ\u00eda, Jorge Olivares y la Directora Provincial del Instituto de Previsi\u00f3n Social, Isabel Salas.<br \/>\nLa actividad, que tuvo lugar en el sal\u00f3n principal de la Biblioteca Municipal, estuvo orientada en una jornada de socializaci\u00f3n de pol\u00edticas p\u00fablicas, de acuerdo a lo manifestado por la Secretaria Regional Ministerial de Gobierno Katherine Araya.<br \/>\nEl Seremi de energ\u00eda Jorge Olivares detall\u00f3 un plan de informaci\u00f3n, denominado \u2018La energ\u00eda en su casa\u2019, que consisti\u00f3 en explicar c\u00f3mo se produce, se traslada y se ahorra. Asimismo se informo c\u00f3mo hacer una adecuada lectura al recibi\u00f3 del consumo de energ\u00eda.<br \/>\n\u201cBuscamos llegar a los vecinos para explicar c\u00f3mo funciona el sistema el\u00e9ctrico, c\u00f3mo entender una cuenta de la luz y dar consejos de eficiencia energ\u00e9tica, pues es importante saber usar bien los electrodom\u00e9sticos, saber que hay equipos que consumen muchos m\u00e1s energ\u00eda que otros y as\u00ed las propias cuentan de los vecinos logren disminuir\u201d.<br \/>\nLa Seremi de Gobierno por su parte recalc\u00f3 que este tipo de actividades, permite que la comunidad conozca detalles de cada una de las pol\u00edticas de estado, sobre todo en el \u00e1mbito social.<br \/>\n\u201cCon el alcalde y su Dideco hemos logrado formar una alianza muy importante para traer a los vecinos de esta comunidad servicios p\u00fablicos tan importantes como el IPS y la Seremia de Energ\u00eda, por lo tanto, es un compromiso que hemos tomado con el alcalde Pradenas de trabajar de manera conjunta para la comunidad\u201d.<br \/>\nLa presentaci\u00f3n que gener\u00f3 gran inter\u00e9s entre los participantes, fue la que entreg\u00f3 la Directora Provincial del IPS, Isabel Salas en relaci\u00f3n a los beneficios sociales.<br \/>\n\u201cEstamos entregando la mayor cantidad de difusi\u00f3n en todo lo relacionado a los beneficios para nuestros adultos mayores y asimismo para incentivar que la gente, se preocupe desde ya en el sistema previsional\u201d.<br \/>\nFinalmente el alcalde Luis Pradenas dijo que la comunidad de Panquehue pudo conocer detalles de temas que son de importancia como es el consumo de energ\u00eda y los beneficios de pensiones, por lo tanto, valoro y destac\u00f3 tales presentaciones.<\/p>\n","protected":false},"excerpt":{"rendered":"<p>La actividad que se realiz\u00f3 en la Biblioteca Municipal, cont\u00f3 con la participaci\u00f3n del alcalde Luis Pradenas, los Seremis de Energ\u00eda y Gobierno junto al Gobernador y la Directora Provincial del IPS&#8230;.<\/p>\n","protected":false},"author":482,"featured_media":59300,"comment_status":"open","ping_status":"open","sticky":false,"template":"","format":"standard","meta":{"advanced_seo_description":"","jetpack_seo_html_title":"","jetpack_seo_noindex":false,"_jetpack_memberships_contains_paid_content":false,"footnotes":""},"categories":[15],"tags":[],"class_list":["post-59299","post","type-post","status-publish","format-standard","has-post-thumbnail","hentry","category-comunidad"],"jetpack_featured_media_url":"https:\/\/i0.wp.com\/eltrabajo.cl\/portal\/wp-content\/uploads\/2015\/06\/charla-energia-panquehue.jpg?fit=530%2C350&ssl=1","jetpack_sharing_enabled":true,"jetpack_likes_enabled":true,"jetpack-related-posts":[],"_links":{"self":[{"href":"https:\/\/eltrabajo.cl\/portal\/wp-json\/wp\/v2\/posts\/59299","targetHints":{"allow":["GET"]}}],"collection":[{"href":"https:\/\/eltrabajo.cl\/portal\/wp-json\/wp\/v2\/posts"}],"about":[{"href":"https:\/\/eltrabajo.cl\/portal\/wp-json\/wp\/v2\/types\/post"}],"author":[{"embeddable":true,"href":"https:\/\/eltrabajo.cl\/portal\/wp-json\/wp\/v2\/users\/482"}],"replies":[{"embeddable":true,"href":"https:\/\/eltrabajo.cl\/portal\/wp-json\/wp\/v2\/comments?post=59299"}],"version-history":[{"count":0,"href":"https:\/\/eltrabajo.cl\/portal\/wp-json\/wp\/v2\/posts\/59299\/revisions"}],"wp:featuredmedia":[{"embeddable":true,"href":"https:\/\/eltrabajo.cl\/portal\/wp-json\/wp\/v2\/media\/59300"}],"wp:attachment":[{"href":"https:\/\/eltrabajo.cl\/portal\/wp-json\/wp\/v2\/media?parent=59299"}],"wp:term":[{"taxonomy":"category","embeddable":true,"href":"https:\/\/eltrabajo.cl\/portal\/wp-json\/wp\/v2\/categories?post=59299"},{"taxonomy":"post_tag","embeddable":true,"href":"https:\/\/eltrabajo.cl\/portal\/wp-json\/wp\/v2\/tags?post=59299"}],"curies":[{"name":"wp","href":"https:\/\/api.w.org\/{rel}","templated":true}]}}