{"id":59317,"date":"2015-06-23T09:21:28","date_gmt":"2015-06-23T12:21:28","guid":{"rendered":"http:\/\/www.eltrabajo.cl\/portal\/?p=59317"},"modified":"2015-06-23T09:21:28","modified_gmt":"2015-06-23T12:21:28","slug":"hasta-los-lapices-de-los-ninos-se-robaron-en-jardin-cuncunitas","status":"publish","type":"post","link":"https:\/\/eltrabajo.cl\/portal\/hasta-los-lapices-de-los-ninos-se-robaron-en-jardin-cuncunitas\/","title":{"rendered":"Hasta los l\u00e1pices de los ni\u00f1os se robaron en Jard\u00edn Cuncunitas"},"content":{"rendered":"<figure id=\"attachment_59318\" aria-describedby=\"caption-attachment-59318\" style=\"width: 300px\" class=\"wp-caption alignleft\"><a href=\"https:\/\/i0.wp.com\/www.eltrabajo.cl\/portal\/wp-content\/uploads\/2015\/06\/Ventana1.jpg\"><img data-recalc-dims=\"1\" loading=\"lazy\" decoding=\"async\" class=\"wp-image-59318 size-medium\" src=\"https:\/\/i0.wp.com\/www.eltrabajo.cl\/portal\/wp-content\/uploads\/2015\/06\/Ventana1-300x198.jpg?resize=300%2C198\" alt=\"\u00bfLADRONES CON FR\u00cdO?.- La directora de Cuncunitas, Paola Padilla, muestra a Diario El Trabajo la ventana por d\u00f3nde sacaron varios art\u00edculos del jard\u00edn, y la tuber\u00eda donde estaba el calef\u00f3n.\" width=\"300\" height=\"198\" srcset=\"https:\/\/i0.wp.com\/eltrabajo.cl\/portal\/wp-content\/uploads\/2015\/06\/Ventana1.jpg?resize=300%2C198&amp;ssl=1 300w, https:\/\/i0.wp.com\/eltrabajo.cl\/portal\/wp-content\/uploads\/2015\/06\/Ventana1.jpg?resize=200%2C132&amp;ssl=1 200w, https:\/\/i0.wp.com\/eltrabajo.cl\/portal\/wp-content\/uploads\/2015\/06\/Ventana1.jpg?resize=228%2C150&amp;ssl=1 228w, https:\/\/i0.wp.com\/eltrabajo.cl\/portal\/wp-content\/uploads\/2015\/06\/Ventana1.jpg?resize=400%2C263&amp;ssl=1 400w, https:\/\/i0.wp.com\/eltrabajo.cl\/portal\/wp-content\/uploads\/2015\/06\/Ventana1.jpg?w=530&amp;ssl=1 530w\" sizes=\"auto, (max-width: 300px) 100vw, 300px\" \/><\/a><figcaption id=\"caption-attachment-59318\" class=\"wp-caption-text\">\u00bfLADRONES CON FR\u00cdO?.- La directora de Cuncunitas, Paola Padilla, muestra a Diario El Trabajo la ventana por d\u00f3nde sacaron varios art\u00edculos del jard\u00edn, y la tuber\u00eda donde estaba el calef\u00f3n.<\/figcaption><\/figure>\n<p>La ma\u00f1ana de ayer lunes, cuando una de las educadoras del Jard\u00edn Infantil Cuncunitas de villa Departamental abri\u00f3 las salas, se encontr\u00f3 con la ingrata sorpresa que se\u00f1alaba un robo en dichas instalaciones, pues varias ventanas y bodegas del jard\u00edn estaban violentadas, faltando varios cilindros de gas y otros art\u00edculos importantes para su funcionamiento.<br \/>\n\u00abUna verdadera pena, esta ma\u00f1ana nos encontramos las puertas da\u00f1adas; se robaron el calef\u00f3n del jard\u00edn; l\u00e1pices de colores de los ni\u00f1os; los tres balones de gas y varias herramientas de la bodega, hasta la corchetera se llevaron\u00bb, explic\u00f3 a Diario El Trabajo la directora de Cuncunitas, Paola Padilla.<\/p>\n<figure id=\"attachment_59319\" aria-describedby=\"caption-attachment-59319\" style=\"width: 300px\" class=\"wp-caption alignright\"><a href=\"https:\/\/i0.wp.com\/www.eltrabajo.cl\/portal\/wp-content\/uploads\/2015\/06\/Puerta1.jpg\"><img data-recalc-dims=\"1\" loading=\"lazy\" decoding=\"async\" class=\"wp-image-59319 size-medium\" src=\"https:\/\/i0.wp.com\/www.eltrabajo.cl\/portal\/wp-content\/uploads\/2015\/06\/Puerta1-300x197.jpg?resize=300%2C197\" alt=\"MUCHOS DA\u00d1OS.- Varias puertas del jard\u00edn tambi\u00e9n fueron forzadas para ingresar, las que no fueron abiertas, fueron destruidas.\" width=\"300\" height=\"197\" srcset=\"https:\/\/i0.wp.com\/eltrabajo.cl\/portal\/wp-content\/uploads\/2015\/06\/Puerta1.jpg?resize=300%2C197&amp;ssl=1 300w, https:\/\/i0.wp.com\/eltrabajo.cl\/portal\/wp-content\/uploads\/2015\/06\/Puerta1.jpg?resize=200%2C131&amp;ssl=1 200w, https:\/\/i0.wp.com\/eltrabajo.cl\/portal\/wp-content\/uploads\/2015\/06\/Puerta1.jpg?resize=228%2C150&amp;ssl=1 228w, https:\/\/i0.wp.com\/eltrabajo.cl\/portal\/wp-content\/uploads\/2015\/06\/Puerta1.jpg?resize=400%2C263&amp;ssl=1 400w, https:\/\/i0.wp.com\/eltrabajo.cl\/portal\/wp-content\/uploads\/2015\/06\/Puerta1.jpg?w=530&amp;ssl=1 530w\" sizes=\"auto, (max-width: 300px) 100vw, 300px\" \/><\/a><figcaption id=\"caption-attachment-59319\" class=\"wp-caption-text\">MUCHOS DA\u00d1OS.- Varias puertas del jard\u00edn tambi\u00e9n fueron forzadas para ingresar, las que no fueron abiertas, fueron destruidas.<\/figcaption><\/figure>\n<p><strong>LAS SOSPECHAS<\/strong><br \/>\nSeg\u00fan esta profesional de la educaci\u00f3n, los ladrones debieron ser al menos un adulto y un menor, pues se robaron cosas de inter\u00e9s para una persona adulta, pero tambi\u00e9n algunos juguetes y pinturas para colorear, que los peque\u00f1itos usan durante su permanencia en el jard\u00edn.<br \/>\n\u00abNo solamente sospechamos que se trate de un adulto y al menos un menor, sino que suponemos que este robo lo hicieron el viernes durante el partido de la Selecci\u00f3n en la Copa Am\u00e9rica, pues hallamos papeles en el patio ya a\u00f1ejos, con se\u00f1ales de haber estado varios d\u00edas a la intemperie\u00bb, agreg\u00f3 Padilla.<br \/>\nEn Cuncunitas son atendidos unos 80 peque\u00f1itos, y son unas 15 personas las que trabajan ah\u00ed. De momento, el Municipio ya est\u00e1 coordinando los recursos para dar soluci\u00f3n a este problema, pues sin calefacci\u00f3n ni agua tibia, los ni\u00f1os no podr\u00e1n ser atendidos con normalidad en el jard\u00edn.<br \/>\nRoberto Gonz\u00e1lez Short<br \/>\nrgonzalez@eltrabajo.cl<\/p>\n","protected":false},"excerpt":{"rendered":"<p>La ma\u00f1ana de ayer lunes, cuando una de las educadoras del Jard\u00edn Infantil Cuncunitas de villa Departamental abri\u00f3 las salas, se encontr\u00f3 con la ingrata sorpresa que se\u00f1alaba un robo en dichas&#8230;<\/p>\n","protected":false},"author":482,"featured_media":59318,"comment_status":"open","ping_status":"open","sticky":false,"template":"","format":"standard","meta":{"advanced_seo_description":"","jetpack_seo_html_title":"","jetpack_seo_noindex":false,"_jetpack_memberships_contains_paid_content":false,"footnotes":""},"categories":[21],"tags":[],"class_list":["post-59317","post","type-post","status-publish","format-standard","has-post-thumbnail","hentry","category-policial"],"jetpack_featured_media_url":"https:\/\/i0.wp.com\/eltrabajo.cl\/portal\/wp-content\/uploads\/2015\/06\/Ventana1.jpg?fit=530%2C349&ssl=1","jetpack_sharing_enabled":true,"jetpack_likes_enabled":true,"jetpack-related-posts":[],"_links":{"self":[{"href":"https:\/\/eltrabajo.cl\/portal\/wp-json\/wp\/v2\/posts\/59317","targetHints":{"allow":["GET"]}}],"collection":[{"href":"https:\/\/eltrabajo.cl\/portal\/wp-json\/wp\/v2\/posts"}],"about":[{"href":"https:\/\/eltrabajo.cl\/portal\/wp-json\/wp\/v2\/types\/post"}],"author":[{"embeddable":true,"href":"https:\/\/eltrabajo.cl\/portal\/wp-json\/wp\/v2\/users\/482"}],"replies":[{"embeddable":true,"href":"https:\/\/eltrabajo.cl\/portal\/wp-json\/wp\/v2\/comments?post=59317"}],"version-history":[{"count":0,"href":"https:\/\/eltrabajo.cl\/portal\/wp-json\/wp\/v2\/posts\/59317\/revisions"}],"wp:featuredmedia":[{"embeddable":true,"href":"https:\/\/eltrabajo.cl\/portal\/wp-json\/wp\/v2\/media\/59318"}],"wp:attachment":[{"href":"https:\/\/eltrabajo.cl\/portal\/wp-json\/wp\/v2\/media?parent=59317"}],"wp:term":[{"taxonomy":"category","embeddable":true,"href":"https:\/\/eltrabajo.cl\/portal\/wp-json\/wp\/v2\/categories?post=59317"},{"taxonomy":"post_tag","embeddable":true,"href":"https:\/\/eltrabajo.cl\/portal\/wp-json\/wp\/v2\/tags?post=59317"}],"curies":[{"name":"wp","href":"https:\/\/api.w.org\/{rel}","templated":true}]}}