{"id":59333,"date":"2015-06-24T09:10:47","date_gmt":"2015-06-24T12:10:47","guid":{"rendered":"http:\/\/www.eltrabajo.cl\/portal\/?p=59333"},"modified":"2015-06-24T09:10:47","modified_gmt":"2015-06-24T12:10:47","slug":"mas-de-un-centenar-de-ninos-participaron-de-ceremonia-en-contra-del-trabajo-infantil","status":"publish","type":"post","link":"https:\/\/eltrabajo.cl\/portal\/mas-de-un-centenar-de-ninos-participaron-de-ceremonia-en-contra-del-trabajo-infantil\/","title":{"rendered":"M\u00e1s de un centenar de ni\u00f1os participaron de ceremonia en contra del trabajo infantil"},"content":{"rendered":"<figure id=\"attachment_59334\" aria-describedby=\"caption-attachment-59334\" style=\"width: 300px\" class=\"wp-caption alignleft\"><a href=\"https:\/\/i0.wp.com\/www.eltrabajo.cl\/portal\/wp-content\/uploads\/2015\/06\/Trabajo-infantil-Catemu-1.jpg\"><img data-recalc-dims=\"1\" loading=\"lazy\" decoding=\"async\" class=\"wp-image-59334 size-medium\" src=\"https:\/\/i0.wp.com\/www.eltrabajo.cl\/portal\/wp-content\/uploads\/2015\/06\/Trabajo-infantil-Catemu-1-300x198.jpg?resize=300%2C198\" alt=\"M\u00e1s de un centenar de ni\u00f1os participaron de la ceremonia que tuvo como eje la protecci\u00f3n de la infancia a trav\u00e9s de la consigna \u2018No al trabajo Infantil, s\u00ed a la Educaci\u00f3n de calidad\u2019. \" width=\"300\" height=\"198\" srcset=\"https:\/\/i0.wp.com\/eltrabajo.cl\/portal\/wp-content\/uploads\/2015\/06\/Trabajo-infantil-Catemu-1.jpg?resize=300%2C198&amp;ssl=1 300w, https:\/\/i0.wp.com\/eltrabajo.cl\/portal\/wp-content\/uploads\/2015\/06\/Trabajo-infantil-Catemu-1.jpg?resize=200%2C132&amp;ssl=1 200w, https:\/\/i0.wp.com\/eltrabajo.cl\/portal\/wp-content\/uploads\/2015\/06\/Trabajo-infantil-Catemu-1.jpg?resize=228%2C150&amp;ssl=1 228w, https:\/\/i0.wp.com\/eltrabajo.cl\/portal\/wp-content\/uploads\/2015\/06\/Trabajo-infantil-Catemu-1.jpg?resize=400%2C263&amp;ssl=1 400w, https:\/\/i0.wp.com\/eltrabajo.cl\/portal\/wp-content\/uploads\/2015\/06\/Trabajo-infantil-Catemu-1.jpg?w=530&amp;ssl=1 530w\" sizes=\"auto, (max-width: 300px) 100vw, 300px\" \/><\/a><figcaption id=\"caption-attachment-59334\" class=\"wp-caption-text\">M\u00e1s de un centenar de ni\u00f1os participaron de la ceremonia que tuvo como eje la protecci\u00f3n de la infancia a trav\u00e9s de la consigna \u2018No al trabajo Infantil, s\u00ed a la Educaci\u00f3n de calidad\u2019.<\/figcaption><\/figure>\n<ul>\n<li><strong>Estudiantes de las comunas de Catemu y Santa Mar\u00eda compartieron el mensaje de prevenci\u00f3n y cuidado con las autoridades, quienes destacaron la importancia de resguardar sus derechos a la educaci\u00f3n y a recrearse.<\/strong><\/li>\n<\/ul>\n<p><strong>CATEMU.<\/strong>&#8211; Con un claro mensaje sobre la importancia de resguardar los principales derechos a la educaci\u00f3n y a divertirse como ni\u00f1os, la Seremi del Trabajo y Previsi\u00f3n Social, Karen medina, recorri\u00f3 las comunas de Catemu y Santa Mar\u00eda en la Provincia de San Felipe, para dar a conocer la Estrategia Nacional Contra el Trabajo Infantil, que fue ratificada a trav\u00e9s de la firma de un convenio de colaboraci\u00f3n entre la PDI y la Direcci\u00f3n del Trabajo, a fin de prevenir y advertir a tiempo este problema, que en Chile, ya suma m\u00e1s de 220 mil ni\u00f1os cumpliendo labores de empleo.<br \/>\nAnte la presencia de estudiantes y organizaciones, quienes escucharon atentamente el mensaje de las autoridades \u2013entre ellas, el Gobernador de San Felipe, Eduardo Le\u00f3n-, la Seremi Karen Medina destac\u00f3 la necesidad de garantizar que los menores de edad disfruten de lo que estipula la Convenci\u00f3n Internacional de los Derechos del Ni\u00f1o. \u201cDecir no al trabajo infantil desde los 14 a\u00f1os hacia abajo, y proteger al adolescente que tiene un empleo, siempre y cuando cuenten con la autorizaci\u00f3n de sus padres, mientras el empleador asegure que entregar\u00e1 un puesto laboral seguro y digno. Son 220 mil ni\u00f1os los que en nuestro pa\u00eds trabajan, pero nosotros como ministerio, queremos que ellos, por sobre todo estudien\u201d, indic\u00f3.<br \/>\nEl alcalde de Catemu, Boris Luksic, se\u00f1al\u00f3 que en la comuna, si bien son menos los casos denunciados, existe una cultura campesina que facilita que, com\u00fanmente, los ni\u00f1os y adolescentes puedan colaborar con sus padres en faenas agr\u00edcolas. \u201cL\u00f3gicamente que si se vulneran los derechos de crecer feliz, poder estudiar y tener los espacios para divertirse, obviamente algo hay que hacer. Pero lo importante es que prevengamos y no tengamos que llegar a la denuncia\u201d.<br \/>\nClaudio Zurita, edil de la comuna de Santa Mar\u00eda, indic\u00f3 que est\u00e1 seguro de que lo principal es que los ni\u00f1os se dediquen al estudio, ya que el rol del trabajo debe dejarse para que lo realicen sus padres. \u201cLo importante es que ellos estudien, y si tienen la posibilidad de trabajar que lo hagan, pero lo fundamental es que respetemos sus condiciones laborales y como personas\u201d.<br \/>\nFinalmente, Nicol\u00e1s Olivares, coordinador de la Oficina de Prevenci\u00f3n de Derechos de la localidad de Catemu, destac\u00f3 la labor coordinadora que realiza esta dependencia municipal, se\u00f1alando que una de sus funciones es analizar lo referente a trabajo infantil, gracias al apoyo de profesional capacitado. \u201cNosotros tomamos todas las providencias para resolver las necesidades que sean urgentes, o coordinar con otras instituciones para restablecer los derechos del ni\u00f1o que est\u00e1 siendo vulnerado\u201d.<\/p>\n","protected":false},"excerpt":{"rendered":"<p>Estudiantes de las comunas de Catemu y Santa Mar\u00eda compartieron el mensaje de prevenci\u00f3n y cuidado con las autoridades, quienes destacaron la importancia de resguardar sus derechos a la educaci\u00f3n y a&#8230;<\/p>\n","protected":false},"author":482,"featured_media":59334,"comment_status":"open","ping_status":"open","sticky":false,"template":"","format":"standard","meta":{"advanced_seo_description":"","jetpack_seo_html_title":"","jetpack_seo_noindex":false,"_jetpack_memberships_contains_paid_content":false,"footnotes":""},"categories":[15],"tags":[],"class_list":["post-59333","post","type-post","status-publish","format-standard","has-post-thumbnail","hentry","category-comunidad"],"jetpack_featured_media_url":"https:\/\/i0.wp.com\/eltrabajo.cl\/portal\/wp-content\/uploads\/2015\/06\/Trabajo-infantil-Catemu-1.jpg?fit=530%2C349&ssl=1","jetpack_sharing_enabled":true,"jetpack_likes_enabled":true,"jetpack-related-posts":[],"_links":{"self":[{"href":"https:\/\/eltrabajo.cl\/portal\/wp-json\/wp\/v2\/posts\/59333","targetHints":{"allow":["GET"]}}],"collection":[{"href":"https:\/\/eltrabajo.cl\/portal\/wp-json\/wp\/v2\/posts"}],"about":[{"href":"https:\/\/eltrabajo.cl\/portal\/wp-json\/wp\/v2\/types\/post"}],"author":[{"embeddable":true,"href":"https:\/\/eltrabajo.cl\/portal\/wp-json\/wp\/v2\/users\/482"}],"replies":[{"embeddable":true,"href":"https:\/\/eltrabajo.cl\/portal\/wp-json\/wp\/v2\/comments?post=59333"}],"version-history":[{"count":0,"href":"https:\/\/eltrabajo.cl\/portal\/wp-json\/wp\/v2\/posts\/59333\/revisions"}],"wp:featuredmedia":[{"embeddable":true,"href":"https:\/\/eltrabajo.cl\/portal\/wp-json\/wp\/v2\/media\/59334"}],"wp:attachment":[{"href":"https:\/\/eltrabajo.cl\/portal\/wp-json\/wp\/v2\/media?parent=59333"}],"wp:term":[{"taxonomy":"category","embeddable":true,"href":"https:\/\/eltrabajo.cl\/portal\/wp-json\/wp\/v2\/categories?post=59333"},{"taxonomy":"post_tag","embeddable":true,"href":"https:\/\/eltrabajo.cl\/portal\/wp-json\/wp\/v2\/tags?post=59333"}],"curies":[{"name":"wp","href":"https:\/\/api.w.org\/{rel}","templated":true}]}}