{"id":59339,"date":"2015-06-24T09:13:39","date_gmt":"2015-06-24T12:13:39","guid":{"rendered":"http:\/\/www.eltrabajo.cl\/portal\/?p=59339"},"modified":"2015-06-24T09:13:39","modified_gmt":"2015-06-24T12:13:39","slug":"postulando-a-subsidio-serviu-vecinos-tendran-paneles-solares-en-sus-casas","status":"publish","type":"post","link":"https:\/\/eltrabajo.cl\/portal\/postulando-a-subsidio-serviu-vecinos-tendran-paneles-solares-en-sus-casas\/","title":{"rendered":"Postulando a subsidio Serviu, vecinos tendr\u00e1n paneles solares en sus casas"},"content":{"rendered":"<figure id=\"attachment_59340\" aria-describedby=\"caption-attachment-59340\" style=\"width: 300px\" class=\"wp-caption alignleft\"><a href=\"https:\/\/i0.wp.com\/www.eltrabajo.cl\/portal\/wp-content\/uploads\/2015\/06\/Paneles1.jpg\"><img data-recalc-dims=\"1\" loading=\"lazy\" decoding=\"async\" class=\"wp-image-59340 size-medium\" src=\"https:\/\/i0.wp.com\/www.eltrabajo.cl\/portal\/wp-content\/uploads\/2015\/06\/Paneles1-300x198.jpg?resize=300%2C198\" alt=\"Muchas familias de Santa Mar\u00eda podr\u00e1n muy pronto, contar con agua caliente en sus casas totalmente sin pagos mensuales de ning\u00fan tipo. (Referencial)\" width=\"300\" height=\"198\" srcset=\"https:\/\/i0.wp.com\/eltrabajo.cl\/portal\/wp-content\/uploads\/2015\/06\/Paneles1.jpg?resize=300%2C198&amp;ssl=1 300w, https:\/\/i0.wp.com\/eltrabajo.cl\/portal\/wp-content\/uploads\/2015\/06\/Paneles1.jpg?resize=200%2C132&amp;ssl=1 200w, https:\/\/i0.wp.com\/eltrabajo.cl\/portal\/wp-content\/uploads\/2015\/06\/Paneles1.jpg?resize=228%2C150&amp;ssl=1 228w, https:\/\/i0.wp.com\/eltrabajo.cl\/portal\/wp-content\/uploads\/2015\/06\/Paneles1.jpg?resize=400%2C263&amp;ssl=1 400w, https:\/\/i0.wp.com\/eltrabajo.cl\/portal\/wp-content\/uploads\/2015\/06\/Paneles1.jpg?w=530&amp;ssl=1 530w\" sizes=\"auto, (max-width: 300px) 100vw, 300px\" \/><\/a><figcaption id=\"caption-attachment-59340\" class=\"wp-caption-text\">Muchas familias de Santa Mar\u00eda podr\u00e1n muy pronto, contar con agua caliente en sus casas totalmente sin pagos mensuales de ning\u00fan tipo. (Referencial)<\/figcaption><\/figure>\n<p><strong>SANTA MAR\u00cdA.<\/strong>&#8211; En la etapa de planificaci\u00f3n se encuentra el proceso de postulaci\u00f3n a paneles solares para la calefacci\u00f3n de agua para viviendas, en donde muchas familias de la comuna podr\u00e1n aspirar a recibir este subsidio del Serviu, siempre y cuando re\u00fanan los requisitos solicitados por la entidad estatal.<br \/>\n\u00abSe trata de un Programa de Protecci\u00f3n al Patrimonio Familiar (PPPF) del Serviu, que funciona en tres ejes, el primero es para que los vecinos puedan mejorar sus viviendas; el segundo es para ampliar su casa y el tercero, para mejorar el entorno de las viviendas, o sea, para iluminaci\u00f3n de las poblaciones, plazuelas y aceras\u00bb, explic\u00f3 a Diario El Trabajo el coordinador comunal de vivienda y secretario municipal, Luis Basaul.<\/p>\n<figure id=\"attachment_59341\" aria-describedby=\"caption-attachment-59341\" style=\"width: 300px\" class=\"wp-caption alignright\"><a href=\"https:\/\/i0.wp.com\/www.eltrabajo.cl\/portal\/wp-content\/uploads\/2015\/06\/Luis-Basaul.jpg\"><img data-recalc-dims=\"1\" loading=\"lazy\" decoding=\"async\" class=\"wp-image-59341 size-medium\" src=\"https:\/\/i0.wp.com\/www.eltrabajo.cl\/portal\/wp-content\/uploads\/2015\/06\/Luis-Basaul-300x197.jpg?resize=300%2C197\" alt=\"Coordinador comunal de vivienda y secretario municipal, Luis Basaul.\" width=\"300\" height=\"197\" srcset=\"https:\/\/i0.wp.com\/eltrabajo.cl\/portal\/wp-content\/uploads\/2015\/06\/Luis-Basaul.jpg?resize=300%2C197&amp;ssl=1 300w, https:\/\/i0.wp.com\/eltrabajo.cl\/portal\/wp-content\/uploads\/2015\/06\/Luis-Basaul.jpg?resize=200%2C131&amp;ssl=1 200w, https:\/\/i0.wp.com\/eltrabajo.cl\/portal\/wp-content\/uploads\/2015\/06\/Luis-Basaul.jpg?resize=228%2C150&amp;ssl=1 228w, https:\/\/i0.wp.com\/eltrabajo.cl\/portal\/wp-content\/uploads\/2015\/06\/Luis-Basaul.jpg?resize=400%2C263&amp;ssl=1 400w, https:\/\/i0.wp.com\/eltrabajo.cl\/portal\/wp-content\/uploads\/2015\/06\/Luis-Basaul.jpg?w=530&amp;ssl=1 530w\" sizes=\"auto, (max-width: 300px) 100vw, 300px\" \/><\/a><figcaption id=\"caption-attachment-59341\" class=\"wp-caption-text\">Coordinador comunal de vivienda y secretario municipal, Luis Basaul.<\/figcaption><\/figure>\n<p>Seg\u00fan lo explicado por Basaul, es en el segundo eje sobre el que se est\u00e1 trabajando por parte del Municipio y el Serviu. \u00abS\u00f3lo podr\u00e1n participar las personas con un puntaje de su ficha social menor a los 13.484 puntos. Cada familia aporta s\u00f3lo tres UF, mientras que el Serviu da cobertura 50 UF\u00bb, agreg\u00f3 el funcionario municipal\u00bb.<\/p>\n<p><strong>TENDR\u00c1N AGUA\u00a0CALIENTE GRATIS<\/strong><br \/>\nEste proyecto se est\u00e1 trabajando a trav\u00e9s de comit\u00e9s de viviendas, organizados para ese fin, el l\u00edmite para postular ser\u00e1 en octubre, al menos ya unos 15 vecinos de Villa Los Aromos, ya est\u00e1n trabajando para tener sus paneles solares en sus casas y contar as\u00ed con agua caliente totalmente gratis durante todo el a\u00f1o.<br \/>\n\u00abEstoy convocando a todos los presidentes de juntas vecinales de Santa Mar\u00eda, a que coordinen con sus vecinos y valores la opci\u00f3n de postular a este proyecto, el jueves 2 de julio tendremos una reuni\u00f3n masiva en nuestro sal\u00f3n municipal a las 19:00 horas, el m\u00ednimo de vecinos que podr\u00e1n postular, es de 50\u00bb, puntualiz\u00f3 Basaul.<br \/>\n<strong>Roberto Gonz\u00e1lez Short<\/strong><br \/>\n<strong>rgonzalez@eltrabajo.cl<\/strong><\/p>\n","protected":false},"excerpt":{"rendered":"<p>SANTA MAR\u00cdA.&#8211; En la etapa de planificaci\u00f3n se encuentra el proceso de postulaci\u00f3n a paneles solares para la calefacci\u00f3n de agua para viviendas, en donde muchas familias de la comuna podr\u00e1n aspirar&#8230;<\/p>\n","protected":false},"author":482,"featured_media":59340,"comment_status":"open","ping_status":"open","sticky":false,"template":"","format":"standard","meta":{"advanced_seo_description":"","jetpack_seo_html_title":"","jetpack_seo_noindex":false,"_jetpack_memberships_contains_paid_content":false,"footnotes":""},"categories":[15],"tags":[],"class_list":["post-59339","post","type-post","status-publish","format-standard","has-post-thumbnail","hentry","category-comunidad"],"jetpack_featured_media_url":"https:\/\/i0.wp.com\/eltrabajo.cl\/portal\/wp-content\/uploads\/2015\/06\/Paneles1.jpg?fit=530%2C349&ssl=1","jetpack_sharing_enabled":true,"jetpack_likes_enabled":true,"jetpack-related-posts":[],"_links":{"self":[{"href":"https:\/\/eltrabajo.cl\/portal\/wp-json\/wp\/v2\/posts\/59339","targetHints":{"allow":["GET"]}}],"collection":[{"href":"https:\/\/eltrabajo.cl\/portal\/wp-json\/wp\/v2\/posts"}],"about":[{"href":"https:\/\/eltrabajo.cl\/portal\/wp-json\/wp\/v2\/types\/post"}],"author":[{"embeddable":true,"href":"https:\/\/eltrabajo.cl\/portal\/wp-json\/wp\/v2\/users\/482"}],"replies":[{"embeddable":true,"href":"https:\/\/eltrabajo.cl\/portal\/wp-json\/wp\/v2\/comments?post=59339"}],"version-history":[{"count":0,"href":"https:\/\/eltrabajo.cl\/portal\/wp-json\/wp\/v2\/posts\/59339\/revisions"}],"wp:featuredmedia":[{"embeddable":true,"href":"https:\/\/eltrabajo.cl\/portal\/wp-json\/wp\/v2\/media\/59340"}],"wp:attachment":[{"href":"https:\/\/eltrabajo.cl\/portal\/wp-json\/wp\/v2\/media?parent=59339"}],"wp:term":[{"taxonomy":"category","embeddable":true,"href":"https:\/\/eltrabajo.cl\/portal\/wp-json\/wp\/v2\/categories?post=59339"},{"taxonomy":"post_tag","embeddable":true,"href":"https:\/\/eltrabajo.cl\/portal\/wp-json\/wp\/v2\/tags?post=59339"}],"curies":[{"name":"wp","href":"https:\/\/api.w.org\/{rel}","templated":true}]}}