{"id":59346,"date":"2015-06-24T09:16:08","date_gmt":"2015-06-24T12:16:08","guid":{"rendered":"http:\/\/www.eltrabajo.cl\/portal\/?p=59346"},"modified":"2015-06-24T09:16:08","modified_gmt":"2015-06-24T12:16:08","slug":"con-inversion-de-casi-600-millones-comenzaron-pavimentacion-de-el-arenal","status":"publish","type":"post","link":"https:\/\/eltrabajo.cl\/portal\/con-inversion-de-casi-600-millones-comenzaron-pavimentacion-de-el-arenal\/","title":{"rendered":"Con inversi\u00f3n de casi $600 millones comenzaron pavimentaci\u00f3n de El Arenal"},"content":{"rendered":"<figure id=\"attachment_59347\" aria-describedby=\"caption-attachment-59347\" style=\"width: 300px\" class=\"wp-caption alignleft\"><a href=\"https:\/\/i0.wp.com\/www.eltrabajo.cl\/portal\/wp-content\/uploads\/2015\/06\/pavi-elarenal3.jpg\"><img data-recalc-dims=\"1\" loading=\"lazy\" decoding=\"async\" class=\"wp-image-59347 size-medium\" src=\"https:\/\/i0.wp.com\/www.eltrabajo.cl\/portal\/wp-content\/uploads\/2015\/06\/pavi-elarenal3-300x198.jpg?resize=300%2C198\" alt=\"Los trabajos de pavimentaci\u00f3n contemplan 806 metros lineales calle La Pampilla y la ruta 57, tambi\u00e9n la construcci\u00f3n de veredas, evacuaci\u00f3n de aguas lluvias, se\u00f1alizaci\u00f3n y demarcaci\u00f3n.\" width=\"300\" height=\"198\" srcset=\"https:\/\/i0.wp.com\/eltrabajo.cl\/portal\/wp-content\/uploads\/2015\/06\/pavi-elarenal3.jpg?resize=300%2C198&amp;ssl=1 300w, https:\/\/i0.wp.com\/eltrabajo.cl\/portal\/wp-content\/uploads\/2015\/06\/pavi-elarenal3.jpg?resize=200%2C132&amp;ssl=1 200w, https:\/\/i0.wp.com\/eltrabajo.cl\/portal\/wp-content\/uploads\/2015\/06\/pavi-elarenal3.jpg?resize=228%2C150&amp;ssl=1 228w, https:\/\/i0.wp.com\/eltrabajo.cl\/portal\/wp-content\/uploads\/2015\/06\/pavi-elarenal3.jpg?resize=400%2C263&amp;ssl=1 400w, https:\/\/i0.wp.com\/eltrabajo.cl\/portal\/wp-content\/uploads\/2015\/06\/pavi-elarenal3.jpg?w=530&amp;ssl=1 530w\" sizes=\"auto, (max-width: 300px) 100vw, 300px\" \/><\/a><figcaption id=\"caption-attachment-59347\" class=\"wp-caption-text\">Los trabajos de pavimentaci\u00f3n contemplan 806 metros lineales calle La Pampilla y la ruta 57, tambi\u00e9n la construcci\u00f3n de veredas, evacuaci\u00f3n de aguas lluvias, se\u00f1alizaci\u00f3n y demarcaci\u00f3n.<\/figcaption><\/figure>\n<p><strong>CALLE LARGA<\/strong>.- Este martes se dio inicio a las obras de pavimentaci\u00f3n de la calle Ram\u00f3n Meneses, m\u00e1s conocida como \u2018El Arenal\u2019 en la comuna de Calle Larga.<br \/>\nLos trabajos contemplan 806 metros lineales de pavimentos entre calle La Pampilla y la ruta 57, construcci\u00f3n de veredas, evacuaci\u00f3n de aguas lluvias, se\u00f1alizaci\u00f3n y demarcaci\u00f3n.<br \/>\nLa inversi\u00f3n aproximada de esta obra corresponde $ 590.904.000 provenientes del Fondo Nacional de Desarrollo Regional.<br \/>\nAcerca de esta obra, el alcalde Nelson Venegas dijo que con esta pavimentaci\u00f3n mejorara la calidad de vida de los vecinos del sector, toda vez que esta calle ha sido catalogada como colectora dentro del plan regulador de la comuna.<br \/>\n\u201cAc\u00e1 no se trata de la pavimentaci\u00f3n de cualquier calle, sino que se trata de una calle destinada a formar un tri\u00e1ngulo en el centro de la comuna y en ella se est\u00e1 comenzando a construir muchas poblaciones nuevas y tambi\u00e9n el nuevo Cesfam, es decir se est\u00e1 conformando el centro estrat\u00e9gico de la comuna de Calle Larga\u201d, expres\u00f3 la autoridad.<br \/>\nAgreg\u00f3 que la idea es que el tri\u00e1ngulo que formen las calles El Arenal, Ruta 57, dificaciones y servicios p\u00fablicos y tambi\u00e9n con nuevas poblaciones.<br \/>\nRecord\u00f3 que este proyecto demor\u00f3 casi ocho a\u00f1os en concretarse y agradeci\u00f3 el trabajo realizado en su momento por el ex Serplac y ahora Seremi de Miner\u00eda Alonso Retamales, \u201cy tambi\u00e9n al actual Serplac, pues este es un trabajo colectivo de muchas personas\u201d.<br \/>\nEl alcalde dijo que los trabajos demorar\u00e1n cerca de nueve meses, \u201cpero la gracia de estos proyectos es que se adelantan porque se cumplen algunas metas de gesti\u00f3n por las cuales se les paga a la empresa constructora y por eso lo m\u00e1s probable es que lo tengamos antes de esa fecha\u201d.<br \/>\nJunto a ello, anunci\u00f3 la aprobaci\u00f3n de recursos para la pavimentaci\u00f3n de las dos \u00faltimas calles que quedaban pendientes en la poblaci\u00f3n H\u00e9roes de la Concepci\u00f3n y una en la poblaci\u00f3n Eusebio Lillo, \u201cque son tres proyectos de pavimentaci\u00f3n participativa, lo que se suma al proyecto de remodelaci\u00f3n de la plaza de nuestra comuna\u201d.<br \/>\nPor su parte, la Gobernadora Mar\u00eda Victoria Rodr\u00edguez, valor\u00f3 la suma de las voluntades pol\u00edticas para llevar adelante este proyecto tan largamente anhelado por los vecinos, \u201cpues no se trata solamente de una calle, sino que es una arteria que va a transformar el nuevo barrio c\u00edvico de Calle Larga\u201d.<\/p>\n","protected":false},"excerpt":{"rendered":"<p>CALLE LARGA.- Este martes se dio inicio a las obras de pavimentaci\u00f3n de la calle Ram\u00f3n Meneses, m\u00e1s conocida como \u2018El Arenal\u2019 en la comuna de Calle Larga. Los trabajos contemplan 806&#8230;<\/p>\n","protected":false},"author":482,"featured_media":59347,"comment_status":"open","ping_status":"open","sticky":false,"template":"","format":"standard","meta":{"advanced_seo_description":"","jetpack_seo_html_title":"","jetpack_seo_noindex":false,"_jetpack_memberships_contains_paid_content":false,"footnotes":""},"categories":[15],"tags":[],"class_list":["post-59346","post","type-post","status-publish","format-standard","has-post-thumbnail","hentry","category-comunidad"],"jetpack_featured_media_url":"https:\/\/i0.wp.com\/eltrabajo.cl\/portal\/wp-content\/uploads\/2015\/06\/pavi-elarenal3.jpg?fit=530%2C349&ssl=1","jetpack_sharing_enabled":true,"jetpack_likes_enabled":true,"jetpack-related-posts":[],"_links":{"self":[{"href":"https:\/\/eltrabajo.cl\/portal\/wp-json\/wp\/v2\/posts\/59346","targetHints":{"allow":["GET"]}}],"collection":[{"href":"https:\/\/eltrabajo.cl\/portal\/wp-json\/wp\/v2\/posts"}],"about":[{"href":"https:\/\/eltrabajo.cl\/portal\/wp-json\/wp\/v2\/types\/post"}],"author":[{"embeddable":true,"href":"https:\/\/eltrabajo.cl\/portal\/wp-json\/wp\/v2\/users\/482"}],"replies":[{"embeddable":true,"href":"https:\/\/eltrabajo.cl\/portal\/wp-json\/wp\/v2\/comments?post=59346"}],"version-history":[{"count":0,"href":"https:\/\/eltrabajo.cl\/portal\/wp-json\/wp\/v2\/posts\/59346\/revisions"}],"wp:featuredmedia":[{"embeddable":true,"href":"https:\/\/eltrabajo.cl\/portal\/wp-json\/wp\/v2\/media\/59347"}],"wp:attachment":[{"href":"https:\/\/eltrabajo.cl\/portal\/wp-json\/wp\/v2\/media?parent=59346"}],"wp:term":[{"taxonomy":"category","embeddable":true,"href":"https:\/\/eltrabajo.cl\/portal\/wp-json\/wp\/v2\/categories?post=59346"},{"taxonomy":"post_tag","embeddable":true,"href":"https:\/\/eltrabajo.cl\/portal\/wp-json\/wp\/v2\/tags?post=59346"}],"curies":[{"name":"wp","href":"https:\/\/api.w.org\/{rel}","templated":true}]}}