{"id":59349,"date":"2015-06-24T09:17:04","date_gmt":"2015-06-24T12:17:04","guid":{"rendered":"http:\/\/www.eltrabajo.cl\/portal\/?p=59349"},"modified":"2015-06-24T09:17:04","modified_gmt":"2015-06-24T12:17:04","slug":"entregan-subvencion-a-mujeres-de-programa-mejorando-mi-negocio-de-prodemu","status":"publish","type":"post","link":"https:\/\/eltrabajo.cl\/portal\/entregan-subvencion-a-mujeres-de-programa-mejorando-mi-negocio-de-prodemu\/","title":{"rendered":"Entregan subvenci\u00f3n a mujeres de programa Mejorando mi negocio de Prodemu"},"content":{"rendered":"<figure id=\"attachment_59350\" aria-describedby=\"caption-attachment-59350\" style=\"width: 300px\" class=\"wp-caption alignleft\"><a href=\"https:\/\/i0.wp.com\/www.eltrabajo.cl\/portal\/wp-content\/uploads\/2015\/06\/subvenciones.jpg\"><img data-recalc-dims=\"1\" loading=\"lazy\" decoding=\"async\" class=\"wp-image-59350 size-medium\" src=\"https:\/\/i0.wp.com\/www.eltrabajo.cl\/portal\/wp-content\/uploads\/2015\/06\/subvenciones-300x198.jpg?resize=300%2C198\" alt=\"Veinte mujeres recibieron este martes una subvenci\u00f3n de entreg\u00f3 el municipio a las participantes del programa Mejorando mi negocio que dict\u00f3 Fundaci\u00f3n Prodemu el a\u00f1o pasado.\" width=\"300\" height=\"198\" srcset=\"https:\/\/i0.wp.com\/eltrabajo.cl\/portal\/wp-content\/uploads\/2015\/06\/subvenciones.jpg?resize=300%2C198&amp;ssl=1 300w, https:\/\/i0.wp.com\/eltrabajo.cl\/portal\/wp-content\/uploads\/2015\/06\/subvenciones.jpg?resize=200%2C132&amp;ssl=1 200w, https:\/\/i0.wp.com\/eltrabajo.cl\/portal\/wp-content\/uploads\/2015\/06\/subvenciones.jpg?resize=227%2C150&amp;ssl=1 227w, https:\/\/i0.wp.com\/eltrabajo.cl\/portal\/wp-content\/uploads\/2015\/06\/subvenciones.jpg?resize=400%2C264&amp;ssl=1 400w, https:\/\/i0.wp.com\/eltrabajo.cl\/portal\/wp-content\/uploads\/2015\/06\/subvenciones.jpg?w=530&amp;ssl=1 530w\" sizes=\"auto, (max-width: 300px) 100vw, 300px\" \/><\/a><figcaption id=\"caption-attachment-59350\" class=\"wp-caption-text\">Veinte mujeres recibieron este martes una subvenci\u00f3n de entreg\u00f3 el municipio a las participantes del programa Mejorando mi negocio que dict\u00f3 Fundaci\u00f3n Prodemu el a\u00f1o pasado.<\/figcaption><\/figure>\n<p>Veinte mujeres pertenecientes al programa Mejorando mi negocio que dict\u00f3 la Fundaci\u00f3n Prodemu el a\u00f1o 2014, recibieron este martes una subvenci\u00f3n de entreg\u00f3 la Municipalidad de San Felipe.<br \/>\nSe trata de mujeres que trabajan de manera independiente y que se capacitaron con la fundaci\u00f3n el a\u00f1o reci\u00e9n pasado y que este martes recibieron el aporte, aprobado por el Concejo Municipal de San Felipe, y que las ayuda para lograr su autonom\u00eda econ\u00f3mica.<br \/>\n\u201cEste aporte lo entrega la Municipalidad con el apoyo del Concejo municipal y el alcalde quien ha tenido una muy buena disposici\u00f3n para con las mujeres que est\u00e1n en los programas de Fundaci\u00f3n Prodemu, ese es el objetivo que cumple este programa, que dura aproximadamente un mes y medio y trabajamos con ellas en diferentes \u00e1reas y est\u00e1n muy contentas por recibir este aporte y lo bueno es que ellas ven que las autoridades comunales est\u00e1n preocupados de que ellas emprendan\u201d, se\u00f1al\u00f3 la directora provincial de la fundaci\u00f3n, Mar\u00eda Ang\u00e9lica Gonz\u00e1lez.<br \/>\nEl programa entreg\u00f3 capacitaci\u00f3n en distintos \u00e1mbitos, entre los que destacan administraci\u00f3n contable y desarrollo personal, conocimientos que ellas posteriormente comenzaron a aplicar en cada uno de sus emprendimientos.<br \/>\nPor su parte el alcalde (s) Jorge Jara se\u00f1al\u00f3 que la subvenci\u00f3n corresponde a un mill\u00f3n 200 mil pesos, recursos destinados a estas mujeres emprendedoras que el a\u00f1o pasado se animaron y participaron del programa Mejorando mi negocio, con la idea precisamente de potenciar su emprendimiento.<br \/>\n\u201cEsto va a potenciar sus capacidades para poder emprender. Son mujeres que tienen actividades econ\u00f3micas independientes y es la reafirmaci\u00f3n del compromiso que tiene el Concejo Municipal con las organizaciones de la comuna\u201d.<br \/>\nLa autoridad comunal se\u00f1al\u00f3 que el municipio destina de forma anual unos 200 millones de pesos para este tipo de iniciativas, recursos que son destinados a m\u00e1s de 140 organizaciones que reciben subvenciones de la corporaci\u00f3n edilicia para ejecutar distintas actividades.<\/p>\n","protected":false},"excerpt":{"rendered":"<p>Veinte mujeres pertenecientes al programa Mejorando mi negocio que dict\u00f3 la Fundaci\u00f3n Prodemu el a\u00f1o 2014, recibieron este martes una subvenci\u00f3n de entreg\u00f3 la Municipalidad de San Felipe. Se trata de mujeres&#8230;<\/p>\n","protected":false},"author":482,"featured_media":59350,"comment_status":"open","ping_status":"open","sticky":false,"template":"","format":"standard","meta":{"advanced_seo_description":"","jetpack_seo_html_title":"","jetpack_seo_noindex":false,"_jetpack_memberships_contains_paid_content":false,"footnotes":""},"categories":[15],"tags":[],"class_list":["post-59349","post","type-post","status-publish","format-standard","has-post-thumbnail","hentry","category-comunidad"],"jetpack_featured_media_url":"https:\/\/i0.wp.com\/eltrabajo.cl\/portal\/wp-content\/uploads\/2015\/06\/subvenciones.jpg?fit=530%2C350&ssl=1","jetpack_sharing_enabled":true,"jetpack_likes_enabled":true,"jetpack-related-posts":[],"_links":{"self":[{"href":"https:\/\/eltrabajo.cl\/portal\/wp-json\/wp\/v2\/posts\/59349","targetHints":{"allow":["GET"]}}],"collection":[{"href":"https:\/\/eltrabajo.cl\/portal\/wp-json\/wp\/v2\/posts"}],"about":[{"href":"https:\/\/eltrabajo.cl\/portal\/wp-json\/wp\/v2\/types\/post"}],"author":[{"embeddable":true,"href":"https:\/\/eltrabajo.cl\/portal\/wp-json\/wp\/v2\/users\/482"}],"replies":[{"embeddable":true,"href":"https:\/\/eltrabajo.cl\/portal\/wp-json\/wp\/v2\/comments?post=59349"}],"version-history":[{"count":0,"href":"https:\/\/eltrabajo.cl\/portal\/wp-json\/wp\/v2\/posts\/59349\/revisions"}],"wp:featuredmedia":[{"embeddable":true,"href":"https:\/\/eltrabajo.cl\/portal\/wp-json\/wp\/v2\/media\/59350"}],"wp:attachment":[{"href":"https:\/\/eltrabajo.cl\/portal\/wp-json\/wp\/v2\/media?parent=59349"}],"wp:term":[{"taxonomy":"category","embeddable":true,"href":"https:\/\/eltrabajo.cl\/portal\/wp-json\/wp\/v2\/categories?post=59349"},{"taxonomy":"post_tag","embeddable":true,"href":"https:\/\/eltrabajo.cl\/portal\/wp-json\/wp\/v2\/tags?post=59349"}],"curies":[{"name":"wp","href":"https:\/\/api.w.org\/{rel}","templated":true}]}}