{"id":59358,"date":"2015-06-24T09:20:45","date_gmt":"2015-06-24T12:20:45","guid":{"rendered":"http:\/\/www.eltrabajo.cl\/portal\/?p=59358"},"modified":"2015-06-24T09:20:45","modified_gmt":"2015-06-24T12:20:45","slug":"cuantiosos-danos-deja-sujeto-condenado-por-homicidio-al-atacar-a-chofer-de-colectivo","status":"publish","type":"post","link":"https:\/\/eltrabajo.cl\/portal\/cuantiosos-danos-deja-sujeto-condenado-por-homicidio-al-atacar-a-chofer-de-colectivo\/","title":{"rendered":"Cuantiosos da\u00f1os deja sujeto condenado por homicidio al atacar a chofer de colectivo"},"content":{"rendered":"<figure id=\"attachment_59359\" aria-describedby=\"caption-attachment-59359\" style=\"width: 300px\" class=\"wp-caption alignleft\"><a href=\"https:\/\/i0.wp.com\/www.eltrabajo.cl\/portal\/wp-content\/uploads\/2015\/06\/raul-calderon-lazcano.jpg\"><img data-recalc-dims=\"1\" loading=\"lazy\" decoding=\"async\" class=\"wp-image-59359 size-medium\" src=\"https:\/\/i0.wp.com\/www.eltrabajo.cl\/portal\/wp-content\/uploads\/2015\/06\/raul-calderon-lazcano-300x198.jpg?resize=300%2C198\" alt=\"El agresor identificado como H\u00e9ctor Ra\u00fal Calder\u00f3n Lazcano, qued\u00f3 con prohibici\u00f3n de acercarse a la v\u00edctima, sin embargo, \u00e9l ya est\u00e1 cumpliendo una condena de 3 a\u00f1os por homicidio simple.\" width=\"300\" height=\"198\" srcset=\"https:\/\/i0.wp.com\/eltrabajo.cl\/portal\/wp-content\/uploads\/2015\/06\/raul-calderon-lazcano.jpg?resize=300%2C198&amp;ssl=1 300w, https:\/\/i0.wp.com\/eltrabajo.cl\/portal\/wp-content\/uploads\/2015\/06\/raul-calderon-lazcano.jpg?resize=200%2C132&amp;ssl=1 200w, https:\/\/i0.wp.com\/eltrabajo.cl\/portal\/wp-content\/uploads\/2015\/06\/raul-calderon-lazcano.jpg?resize=227%2C150&amp;ssl=1 227w, https:\/\/i0.wp.com\/eltrabajo.cl\/portal\/wp-content\/uploads\/2015\/06\/raul-calderon-lazcano.jpg?resize=400%2C264&amp;ssl=1 400w, https:\/\/i0.wp.com\/eltrabajo.cl\/portal\/wp-content\/uploads\/2015\/06\/raul-calderon-lazcano.jpg?w=530&amp;ssl=1 530w\" sizes=\"auto, (max-width: 300px) 100vw, 300px\" \/><\/a><figcaption id=\"caption-attachment-59359\" class=\"wp-caption-text\">El agresor identificado como H\u00e9ctor Ra\u00fal Calder\u00f3n Lazcano, qued\u00f3 con prohibici\u00f3n de acercarse a la v\u00edctima, sin embargo, \u00e9l ya est\u00e1 cumpliendo una condena de 3 a\u00f1os por homicidio simple.<\/figcaption><\/figure>\n<ul>\n<li><strong>Antisocial tuvo un arranque de furia que pudo haber pasado a mayores.<\/strong><\/li>\n<\/ul>\n<p><strong>RINCONADA<\/strong>.- Un sujeto que se encuentra cumpliendo una condena por homicidio con el beneficio de la reclusi\u00f3n nocturna fue detenido luego de golpear al conductor de un taxi colectivo y causar da\u00f1os en el veh\u00edculo que fueron avaluados en m\u00e1s de medio mill\u00f3n de pesos.<br \/>\nEl antisocial identificado como H\u00e9ctor Ra\u00fal Calder\u00f3n Lazcano (28), abord\u00f3 un taxi colectivo en el paradero 15 de la carretera San Mart\u00edn con la finalidad de dirigirse a otro sector de la comuna de Rinconada.<br \/>\nDurante el trayecto se mostr\u00f3 ofuscado porque anteriormente otros conductores de la misma l\u00ednea de colectivos no lo hab\u00edan querido llevar, discutiendo con el chofer.<br \/>\nAl llegar a su destino y antes de bajarse, le propin\u00f3 un golpe de pu\u00f1o en el rostro al conductor, para luego con una piedra romper el parabrisas y causar da\u00f1os en el tapabarros y destruir el equipo radial del m\u00f3vil.<br \/>\nOtro de los pasajeros llam\u00f3 a Carabineros quienes llegaron al lugar antes que el antisocial se diera a la fuga, debiendo ser reducido por la fuerza.<br \/>\nFue all\u00ed que los polic\u00edas constataron que el sujeto estaba cumpliendo una condena de 3 a\u00f1os y un d\u00eda por el delito de homicidio simple cometido en la ciudad de Calama y gozaba de la reclusi\u00f3n nocturna.<br \/>\nAdem\u00e1s, este mismo antisocial hab\u00eda sido detenido en marzo pasado en la comuna de Rinconada cuando trat\u00f3 de robar una camioneta estacionada en la v\u00eda p\u00fablica.<br \/>\nCalder\u00f3n Lazcano fue puesto a disposici\u00f3n del Tribunal de Garant\u00eda de Los Andes donde el fiscal Alberto Gertosio lo requiri\u00f3 por el delito de da\u00f1os.<br \/>\nEl tribunal fij\u00f3 una audiencia para buscar un acuerdo reparatorio con el afectado, quedando sujeto en el intertanto a la medida cautelar de prohibici\u00f3n de acercarse a la v\u00edctima.<br \/>\nAhora ser\u00e1 responsabilidad de Gendarmer\u00eda continuar otorg\u00e1ndole el beneficio de reclusi\u00f3n nocturna, toda vez que lejos de aprovechar su libertad parcial para reinsertarse en la sociedad ha seguido cometiendo delitos.<\/p>\n","protected":false},"excerpt":{"rendered":"<p>Antisocial tuvo un arranque de furia que pudo haber pasado a mayores. RINCONADA.- Un sujeto que se encuentra cumpliendo una condena por homicidio con el beneficio de la reclusi\u00f3n nocturna fue detenido&#8230;<\/p>\n","protected":false},"author":482,"featured_media":59359,"comment_status":"open","ping_status":"open","sticky":false,"template":"","format":"standard","meta":{"advanced_seo_description":"","jetpack_seo_html_title":"","jetpack_seo_noindex":false,"_jetpack_memberships_contains_paid_content":false,"footnotes":""},"categories":[21],"tags":[],"class_list":["post-59358","post","type-post","status-publish","format-standard","has-post-thumbnail","hentry","category-policial"],"jetpack_featured_media_url":"https:\/\/i0.wp.com\/eltrabajo.cl\/portal\/wp-content\/uploads\/2015\/06\/raul-calderon-lazcano.jpg?fit=530%2C350&ssl=1","jetpack_sharing_enabled":true,"jetpack_likes_enabled":true,"jetpack-related-posts":[],"_links":{"self":[{"href":"https:\/\/eltrabajo.cl\/portal\/wp-json\/wp\/v2\/posts\/59358","targetHints":{"allow":["GET"]}}],"collection":[{"href":"https:\/\/eltrabajo.cl\/portal\/wp-json\/wp\/v2\/posts"}],"about":[{"href":"https:\/\/eltrabajo.cl\/portal\/wp-json\/wp\/v2\/types\/post"}],"author":[{"embeddable":true,"href":"https:\/\/eltrabajo.cl\/portal\/wp-json\/wp\/v2\/users\/482"}],"replies":[{"embeddable":true,"href":"https:\/\/eltrabajo.cl\/portal\/wp-json\/wp\/v2\/comments?post=59358"}],"version-history":[{"count":0,"href":"https:\/\/eltrabajo.cl\/portal\/wp-json\/wp\/v2\/posts\/59358\/revisions"}],"wp:featuredmedia":[{"embeddable":true,"href":"https:\/\/eltrabajo.cl\/portal\/wp-json\/wp\/v2\/media\/59359"}],"wp:attachment":[{"href":"https:\/\/eltrabajo.cl\/portal\/wp-json\/wp\/v2\/media?parent=59358"}],"wp:term":[{"taxonomy":"category","embeddable":true,"href":"https:\/\/eltrabajo.cl\/portal\/wp-json\/wp\/v2\/categories?post=59358"},{"taxonomy":"post_tag","embeddable":true,"href":"https:\/\/eltrabajo.cl\/portal\/wp-json\/wp\/v2\/tags?post=59358"}],"curies":[{"name":"wp","href":"https:\/\/api.w.org\/{rel}","templated":true}]}}