{"id":59361,"date":"2015-06-24T09:22:26","date_gmt":"2015-06-24T12:22:26","guid":{"rendered":"http:\/\/www.eltrabajo.cl\/portal\/?p=59361"},"modified":"2015-06-24T09:22:26","modified_gmt":"2015-06-24T12:22:26","slug":"sufrio-corte-profundo-en-dos-dedos-cuando-usaba-maquina-en-su-liceo","status":"publish","type":"post","link":"https:\/\/eltrabajo.cl\/portal\/sufrio-corte-profundo-en-dos-dedos-cuando-usaba-maquina-en-su-liceo\/","title":{"rendered":"Sufri\u00f3 corte profundo en dos dedos cuando usaba m\u00e1quina en su liceo"},"content":{"rendered":"<figure id=\"attachment_59362\" aria-describedby=\"caption-attachment-59362\" style=\"width: 300px\" class=\"wp-caption alignleft\"><a href=\"https:\/\/i0.wp.com\/www.eltrabajo.cl\/portal\/wp-content\/uploads\/2015\/06\/CORTE-DEDOS.jpg\"><img data-recalc-dims=\"1\" loading=\"lazy\" decoding=\"async\" class=\"wp-image-59362 size-medium\" src=\"https:\/\/i0.wp.com\/www.eltrabajo.cl\/portal\/wp-content\/uploads\/2015\/06\/CORTE-DEDOS-300x197.jpg?resize=300%2C197\" alt=\"El alumno del Liceo San Felipe sufri\u00f3 un accidente que comprometi\u00f3 dos de sus dedos tras el profundo corte que se produjo al manipular una cepilladora, mientras se encontraba en taller de construcci\u00f3n la tarde del pasado lunes (Foto Referencial).\" width=\"300\" height=\"197\" srcset=\"https:\/\/i0.wp.com\/eltrabajo.cl\/portal\/wp-content\/uploads\/2015\/06\/CORTE-DEDOS.jpg?resize=300%2C197&amp;ssl=1 300w, https:\/\/i0.wp.com\/eltrabajo.cl\/portal\/wp-content\/uploads\/2015\/06\/CORTE-DEDOS.jpg?resize=200%2C131&amp;ssl=1 200w, https:\/\/i0.wp.com\/eltrabajo.cl\/portal\/wp-content\/uploads\/2015\/06\/CORTE-DEDOS.jpg?resize=228%2C150&amp;ssl=1 228w, https:\/\/i0.wp.com\/eltrabajo.cl\/portal\/wp-content\/uploads\/2015\/06\/CORTE-DEDOS.jpg?resize=400%2C263&amp;ssl=1 400w, https:\/\/i0.wp.com\/eltrabajo.cl\/portal\/wp-content\/uploads\/2015\/06\/CORTE-DEDOS.jpg?w=530&amp;ssl=1 530w\" sizes=\"auto, (max-width: 300px) 100vw, 300px\" \/><\/a><figcaption id=\"caption-attachment-59362\" class=\"wp-caption-text\">El alumno del Liceo San Felipe sufri\u00f3 un accidente que comprometi\u00f3 dos de sus dedos tras el profundo corte que se produjo al manipular una cepilladora, mientras se encontraba en taller de construcci\u00f3n la tarde del pasado lunes (Foto Referencial).<\/figcaption><\/figure>\n<ul>\n<li><strong>Adolescente de tercer a\u00f1o medio del Liceo San Felipe sufri\u00f3 accidente mientras trabajaba en un taller de construcci\u00f3n del establecimiento, provoc\u00e1ndose un profundo corte en las yemas de dos dedos al manipular una cepilladora, debiendo ser trasladado a distintos centros asistenciales para tratar sus lesiones.<\/strong><\/li>\n<\/ul>\n<p>Con un corte profundo en dos dedos de la mano result\u00f3 un alumno de tercer a\u00f1o medio del Liceo San Felipe, quien se accident\u00f3 mientras se encontraba en horario de taller de construcci\u00f3n en dicho establecimiento. El estudiante habr\u00eda estado manipulando una cepilladora cuando aparentemente la maquinaria atrap\u00f3 uno de sus guantes provocando las lesiones.<br \/>\nEl accidente se produjo cerca de las 14:30 horas del pasado lunes, cuando el adolescente se encontraba en horario de clases, utilizando los implementos necesarios de seguridad, sin embargo al sufrir la herida comenz\u00f3 a sangrar profusamente, por lo que recibi\u00f3 los primeros auxilios por parte del personal del establecimiento.<br \/>\nInmediatamente fue conducido hasta el servicio de urgencias del Hospital San Camilo de San Felipe, donde fue atendido por el personal m\u00e9dico que evalu\u00f3 una intervenci\u00f3n quir\u00fargica, comprometiendo las yemas de dos de sus dedos, descartando un presunto cercenamiento.<br \/>\nAl mismo tiempo, la Direcci\u00f3n del Liceo San Felipe tom\u00f3 contacto telef\u00f3nico con sus padres para alertar lo sucedido, debiendo trasladarse hasta ese centro asistencial. Horas m\u00e1s tarde, tras la estabilizaci\u00f3n m\u00e9dica, el adolescente de 17 a\u00f1os fue derivado hasta la Unidad de Traumatolog\u00eda del Hospital San Juan de Dios de Los Andes para ser evaluado por un especialista que descartar\u00eda o confirmar\u00eda alg\u00fan tipo de secuela en la extremidad accidentada.<br \/>\nDesde la Direcci\u00f3n de Administraci\u00f3n de Educaci\u00f3n Municipal, Daem, se inform\u00f3 que el accidente lamentablemente fue un hecho puntual ya que el establecimiento cuenta con las medidas de seguridad necesarias, recalcando que al alumno se le brindaron de inmediato los primeros auxilios como parte del protocolo de emergencia.<br \/>\nSeg\u00fan se pudo conocer, el paciente fue dado de alta desde el centro hospitalario de Los Andes en horas de la noche del lunes para reponerse de las heridas que sufri\u00f3 en la mano, quedando en espera de la evaluaciones posteriores por parte de un traumat\u00f3logo.<br \/>\n<strong>Pablo Salinas Sald\u00edas<\/strong><\/p>\n","protected":false},"excerpt":{"rendered":"<p>Adolescente de tercer a\u00f1o medio del Liceo San Felipe sufri\u00f3 accidente mientras trabajaba en un taller de construcci\u00f3n del establecimiento, provoc\u00e1ndose un profundo corte en las yemas de dos dedos al manipular&#8230;<\/p>\n","protected":false},"author":482,"featured_media":59362,"comment_status":"open","ping_status":"open","sticky":false,"template":"","format":"standard","meta":{"advanced_seo_description":"","jetpack_seo_html_title":"","jetpack_seo_noindex":false,"_jetpack_memberships_contains_paid_content":false,"footnotes":""},"categories":[21],"tags":[],"class_list":["post-59361","post","type-post","status-publish","format-standard","has-post-thumbnail","hentry","category-policial"],"jetpack_featured_media_url":"https:\/\/i0.wp.com\/eltrabajo.cl\/portal\/wp-content\/uploads\/2015\/06\/CORTE-DEDOS.jpg?fit=530%2C348&ssl=1","jetpack_sharing_enabled":true,"jetpack_likes_enabled":true,"jetpack-related-posts":[],"_links":{"self":[{"href":"https:\/\/eltrabajo.cl\/portal\/wp-json\/wp\/v2\/posts\/59361","targetHints":{"allow":["GET"]}}],"collection":[{"href":"https:\/\/eltrabajo.cl\/portal\/wp-json\/wp\/v2\/posts"}],"about":[{"href":"https:\/\/eltrabajo.cl\/portal\/wp-json\/wp\/v2\/types\/post"}],"author":[{"embeddable":true,"href":"https:\/\/eltrabajo.cl\/portal\/wp-json\/wp\/v2\/users\/482"}],"replies":[{"embeddable":true,"href":"https:\/\/eltrabajo.cl\/portal\/wp-json\/wp\/v2\/comments?post=59361"}],"version-history":[{"count":0,"href":"https:\/\/eltrabajo.cl\/portal\/wp-json\/wp\/v2\/posts\/59361\/revisions"}],"wp:featuredmedia":[{"embeddable":true,"href":"https:\/\/eltrabajo.cl\/portal\/wp-json\/wp\/v2\/media\/59362"}],"wp:attachment":[{"href":"https:\/\/eltrabajo.cl\/portal\/wp-json\/wp\/v2\/media?parent=59361"}],"wp:term":[{"taxonomy":"category","embeddable":true,"href":"https:\/\/eltrabajo.cl\/portal\/wp-json\/wp\/v2\/categories?post=59361"},{"taxonomy":"post_tag","embeddable":true,"href":"https:\/\/eltrabajo.cl\/portal\/wp-json\/wp\/v2\/tags?post=59361"}],"curies":[{"name":"wp","href":"https:\/\/api.w.org\/{rel}","templated":true}]}}