{"id":59371,"date":"2015-06-25T09:06:31","date_gmt":"2015-06-25T12:06:31","guid":{"rendered":"http:\/\/www.eltrabajo.cl\/portal\/?p=59371"},"modified":"2015-06-25T09:06:31","modified_gmt":"2015-06-25T12:06:31","slug":"entregan-becas-estudiantiles-a-mas-de-ochenta-alumnos-santamarianos","status":"publish","type":"post","link":"https:\/\/eltrabajo.cl\/portal\/entregan-becas-estudiantiles-a-mas-de-ochenta-alumnos-santamarianos\/","title":{"rendered":"Entregan Becas estudiantiles a m\u00e1s de ochenta alumnos santamarianos"},"content":{"rendered":"<figure id=\"attachment_59372\" aria-describedby=\"caption-attachment-59372\" style=\"width: 300px\" class=\"wp-caption alignleft\"><a href=\"https:\/\/i0.wp.com\/www.eltrabajo.cl\/portal\/wp-content\/uploads\/2015\/06\/Beca-alumnos-Santa-maria.jpg\"><img data-recalc-dims=\"1\" loading=\"lazy\" decoding=\"async\" class=\"wp-image-59372 size-medium\" src=\"https:\/\/i0.wp.com\/www.eltrabajo.cl\/portal\/wp-content\/uploads\/2015\/06\/Beca-alumnos-Santa-maria-300x197.jpg?resize=300%2C197\" alt=\"Casi 90 alumnos fueron beneficiados con Becas de gobierno que, durante la semana pasada, fueron entregadas por el gobernador y el alcalde Claudio Zurita.\" width=\"300\" height=\"197\" srcset=\"https:\/\/i0.wp.com\/eltrabajo.cl\/portal\/wp-content\/uploads\/2015\/06\/Beca-alumnos-Santa-maria.jpg?resize=300%2C197&amp;ssl=1 300w, https:\/\/i0.wp.com\/eltrabajo.cl\/portal\/wp-content\/uploads\/2015\/06\/Beca-alumnos-Santa-maria.jpg?resize=200%2C131&amp;ssl=1 200w, https:\/\/i0.wp.com\/eltrabajo.cl\/portal\/wp-content\/uploads\/2015\/06\/Beca-alumnos-Santa-maria.jpg?resize=228%2C150&amp;ssl=1 228w, https:\/\/i0.wp.com\/eltrabajo.cl\/portal\/wp-content\/uploads\/2015\/06\/Beca-alumnos-Santa-maria.jpg?resize=400%2C263&amp;ssl=1 400w, https:\/\/i0.wp.com\/eltrabajo.cl\/portal\/wp-content\/uploads\/2015\/06\/Beca-alumnos-Santa-maria.jpg?w=530&amp;ssl=1 530w\" sizes=\"auto, (max-width: 300px) 100vw, 300px\" \/><\/a><figcaption id=\"caption-attachment-59372\" class=\"wp-caption-text\">Casi 90 alumnos fueron beneficiados con Becas de gobierno que, durante la semana pasada, fueron entregadas por el gobernador y el alcalde Claudio Zurita.<\/figcaption><\/figure>\n<p><strong>SANTA MAR\u00cdA.<\/strong>&#8211; La semana pasada se llev\u00f3 a cabo, en dependencias del Teatro Municipal, la entrega de 61 Becas Presidente de la Rep\u00fablica y 27 becas Ind\u00edgenas a estudiantes de Santa Mar\u00eda. Cabe destacar que dicho proceso conlleva a un trabajo altamente din\u00e1mico del departamento de Desarrollo Social de la Municipalidad, seg\u00fan relato su Directora, Maribel Mancilla Vargas: \u201cComo el n\u00famero lo indica, es un arduo trabajo en el cual el equipo de profesionales que trabajan junto a m\u00ed, nos ponemos a disposici\u00f3n para evaluar socioecon\u00f3micamente a las familias, para poder pesquisar a los alumnos con mejor rendimiento acad\u00e9mico versus la condici\u00f3n econ\u00f3mica. Y las cifras muestran que tenemos muchos alumnos con excelencia acad\u00e9mica\u201d.<br \/>\nA su vez, el alcalde Claudio Zurita dijo que se sent\u00eda complacido sabiendo que m\u00e1s de 80 alumnos eran beneficiados: \u201cNosotros estamos convencidos que la \u00fanica herramienta que nos da movilidad social es la educaci\u00f3n. Por lo tanto estamos aportando a esto y nosotros tenemos adem\u00e1s de este aporte fiscal, un apoyo municipal a cada uno de ellos, sobre todo a aquellos que estudian en la educaci\u00f3n superior. Tenemos tres casas de estudio donde se alojan 50 alumnos hasta el d\u00eda de hoy ya han egresado sobre 30 profesionales que utilizaron estos beneficios\u201d.<br \/>\nClaudio Zurita se refiri\u00f3 a un caso emblem\u00e1tico de un estudiante, beneficiado y con muchos problemas para salir adelante, y que egres\u00f3 con excelentes calificaciones como ingeniero de la Universidad Federico Santa Mar\u00eda, cambiando su situaci\u00f3n social radicalmente y la de su familia a la vez. \u201c \u00c9l es un orgullo para Santa Mar\u00eda, y tenemos varios, entre ellos abogados, que han salido de la casa de estudios, as\u00ed que yo los insto a continuar, a seguir esos ejemplos y seguir estudiando para obtener un futuro mejor\u201d, declaro el Edil.<br \/>\n<strong>Roberto Mercado Aced<\/strong><\/p>\n","protected":false},"excerpt":{"rendered":"<p>SANTA MAR\u00cdA.&#8211; La semana pasada se llev\u00f3 a cabo, en dependencias del Teatro Municipal, la entrega de 61 Becas Presidente de la Rep\u00fablica y 27 becas Ind\u00edgenas a estudiantes de Santa Mar\u00eda&#8230;.<\/p>\n","protected":false},"author":482,"featured_media":59372,"comment_status":"open","ping_status":"open","sticky":false,"template":"","format":"standard","meta":{"advanced_seo_description":"","jetpack_seo_html_title":"","jetpack_seo_noindex":false,"_jetpack_memberships_contains_paid_content":false,"footnotes":""},"categories":[15],"tags":[],"class_list":["post-59371","post","type-post","status-publish","format-standard","has-post-thumbnail","hentry","category-comunidad"],"jetpack_featured_media_url":"https:\/\/i0.wp.com\/eltrabajo.cl\/portal\/wp-content\/uploads\/2015\/06\/Beca-alumnos-Santa-maria.jpg?fit=530%2C348&ssl=1","jetpack_sharing_enabled":true,"jetpack_likes_enabled":true,"jetpack-related-posts":[],"_links":{"self":[{"href":"https:\/\/eltrabajo.cl\/portal\/wp-json\/wp\/v2\/posts\/59371","targetHints":{"allow":["GET"]}}],"collection":[{"href":"https:\/\/eltrabajo.cl\/portal\/wp-json\/wp\/v2\/posts"}],"about":[{"href":"https:\/\/eltrabajo.cl\/portal\/wp-json\/wp\/v2\/types\/post"}],"author":[{"embeddable":true,"href":"https:\/\/eltrabajo.cl\/portal\/wp-json\/wp\/v2\/users\/482"}],"replies":[{"embeddable":true,"href":"https:\/\/eltrabajo.cl\/portal\/wp-json\/wp\/v2\/comments?post=59371"}],"version-history":[{"count":0,"href":"https:\/\/eltrabajo.cl\/portal\/wp-json\/wp\/v2\/posts\/59371\/revisions"}],"wp:featuredmedia":[{"embeddable":true,"href":"https:\/\/eltrabajo.cl\/portal\/wp-json\/wp\/v2\/media\/59372"}],"wp:attachment":[{"href":"https:\/\/eltrabajo.cl\/portal\/wp-json\/wp\/v2\/media?parent=59371"}],"wp:term":[{"taxonomy":"category","embeddable":true,"href":"https:\/\/eltrabajo.cl\/portal\/wp-json\/wp\/v2\/categories?post=59371"},{"taxonomy":"post_tag","embeddable":true,"href":"https:\/\/eltrabajo.cl\/portal\/wp-json\/wp\/v2\/tags?post=59371"}],"curies":[{"name":"wp","href":"https:\/\/api.w.org\/{rel}","templated":true}]}}