{"id":59374,"date":"2015-06-25T09:10:39","date_gmt":"2015-06-25T12:10:39","guid":{"rendered":"http:\/\/www.eltrabajo.cl\/portal\/?p=59374"},"modified":"2015-06-25T09:10:39","modified_gmt":"2015-06-25T12:10:39","slug":"alumnos-del-iac-celebraron-con-ceremonia-el-we-tripantu","status":"publish","type":"post","link":"https:\/\/eltrabajo.cl\/portal\/alumnos-del-iac-celebraron-con-ceremonia-el-we-tripantu\/","title":{"rendered":"Alumnos del IAC celebraron con ceremonia el We tripantu"},"content":{"rendered":"<figure id=\"attachment_59375\" aria-describedby=\"caption-attachment-59375\" style=\"width: 300px\" class=\"wp-caption alignleft\"><a href=\"https:\/\/i0.wp.com\/www.eltrabajo.cl\/portal\/wp-content\/uploads\/2015\/06\/Loncos1.jpg\"><img data-recalc-dims=\"1\" loading=\"lazy\" decoding=\"async\" class=\"wp-image-59375 size-medium\" src=\"https:\/\/i0.wp.com\/www.eltrabajo.cl\/portal\/wp-content\/uploads\/2015\/06\/Loncos1-300x198.jpg?resize=300%2C198\" alt=\"INVITADOS DE LUJO.- Ellos fueron los invitados especiales del evento, el facilitador intercultural Juan Vielma y el Lonco Isaac Canio, ambos representantes de pueblos n\u00f3madas originarios.\" width=\"300\" height=\"198\" srcset=\"https:\/\/i0.wp.com\/eltrabajo.cl\/portal\/wp-content\/uploads\/2015\/06\/Loncos1.jpg?resize=300%2C198&amp;ssl=1 300w, https:\/\/i0.wp.com\/eltrabajo.cl\/portal\/wp-content\/uploads\/2015\/06\/Loncos1.jpg?resize=200%2C132&amp;ssl=1 200w, https:\/\/i0.wp.com\/eltrabajo.cl\/portal\/wp-content\/uploads\/2015\/06\/Loncos1.jpg?resize=227%2C150&amp;ssl=1 227w, https:\/\/i0.wp.com\/eltrabajo.cl\/portal\/wp-content\/uploads\/2015\/06\/Loncos1.jpg?resize=400%2C264&amp;ssl=1 400w, https:\/\/i0.wp.com\/eltrabajo.cl\/portal\/wp-content\/uploads\/2015\/06\/Loncos1.jpg?w=530&amp;ssl=1 530w\" sizes=\"auto, (max-width: 300px) 100vw, 300px\" \/><\/a><figcaption id=\"caption-attachment-59375\" class=\"wp-caption-text\">INVITADOS DE LUJO.- Ellos fueron los invitados especiales del evento, el facilitador intercultural Juan Vielma y el Lonco Isaac Canio, ambos representantes de pueblos n\u00f3madas originarios.<\/figcaption><\/figure>\n<p>Gran algarab\u00eda se vivi\u00f3 la ma\u00f1ana de ayer mi\u00e9rcoles al interior del Instituto Abd\u00f3n Cifuentes de San Felipe, en la celebraci\u00f3n del We tripantu, el A\u00f1o Nuevo Mapuche, que realizaron los profesores y estudiantes de esa casa de estudios. Cientos de ni\u00f1os y j\u00f3venes disfrutaron con entusiasmo de la ceremonia, misma que se realiza cada seis meses, o sea, dos veces al a\u00f1o.<br \/>\n\u00abHace muchos a\u00f1os el Padre de la Patria Bernardo O\u2019higgins, tuvo en su proyecto de gobierno el incorporar a la educaci\u00f3n de Chile el aprendizaje del dialecto mapudungun, y m\u00e1s a\u00fan, hace 200 a\u00f1os, O\u2019higgins nos dec\u00eda en una carta: Araucanos, cunchos, huilliches y todas las tribus ind\u00edgenas australes, ya no os habla un presidente que siendo s\u00f3lo un siervo del rey de Espa\u00f1a afectaba sobre vosotros una superioridad ilimitada; os habla el jefe de un pueblo libre y soberano, que reconoce vuestra independencia, y est\u00e1 a punto a ratificar este reconocimiento por un acto p\u00fablico y solemne, firmando al mismo tiempo la gran carta de nuestra alianza, para presentarla al mundo como el muro inexpugnable de la libertad de nuestros estados\u00bb, coment\u00f3 a Diario El Trabajo el profesor de Historia del IAC, Jaime Sep\u00falveda.<br \/>\nLa nueva salida del sol y de la luna es un d\u00eda sagrado para los mapuches, ya que es el d\u00eda m\u00e1s corto del a\u00f1o, correspondiendo al comienzo de la \u00e9poca m\u00e1s fr\u00eda del a\u00f1o, en este nuevo periodo la tierra comienza a limpiarse con el agua que env\u00eda Ngenech\u00e9n, a trav\u00e9s del Ngen-ko (el esp\u00edritu del agua).<\/p>\n<p><strong>DANZA Y M\u00daSICA<\/strong><br \/>\nLas actividades propiamente desarrolladas en el patio principal del IAC, estuvieron a cargo de la Profesora Pamela Rosas, el profesor de educaci\u00f3n musical Cristian Varas Guerrero y del mismo Sep\u00falveda, quienes coordinaron con sus estudiantes cada acto presentado. Esta celebraci\u00f3n se realiza en el solsticio de invierno austral (el d\u00eda m\u00e1s corto del a\u00f1o en el hemisferio sur) entre el 21 y el 24 de junio.<\/p>\n<p><strong>LONCO INVITADO<\/strong><br \/>\nDiario El Trabajo habl\u00f3 con los invitados especiales del evento, el facilitador intercultural Juan Vielma y el Lonco Isaac Canio, ambos representantes de pueblos n\u00f3madas originarios, quienes cantaron alegremente varios temas religiosos de su pueblo ante el gran p\u00fablico infantil que les aplaudi\u00f3.<br \/>\nQuienes tambi\u00e9n brillaron en este A\u00f1o Nuevo Mapuche, fueron los estudiantes de del profesor de educaci\u00f3n musical Cristian Varas Guerrero, quienes interpretaron una canci\u00f3n de Violeta Parra, El Guillat\u00fan, tambi\u00e9n los alumnos de Pamela Rosas interpretaron una danza ancestral, con la que lograron \u2018hipnotizar\u2019 a todos los presentes.<\/p>\n<p><strong>\u00bfEN QU\u00c9 CREEN \u00a0LOS MAPUCHES?<\/strong><br \/>\nLos mapuches observaban que comenzaba el invierno. Cre\u00edan que ese cambio era regido por la luna, que provocaba los brotes de vegetales y la reproducci\u00f3n de los animales. En este nuevo periodo la tierra comienza a limpiarse con el agua que env\u00eda Ngenech\u00e9n (Dios) a trav\u00e9s del Ngen-ko (\u2018el esp\u00edritu del agua\u2019), lo que provocaba un nuevo ciclo, que implicaba el t\u00e9rmino del ciclo anterior de preparaci\u00f3n del suelo, siembras, cosechas y la naturaleza debe limpiar y preparar la tierra para otro periodo y as\u00ed sucesivamente.<br \/>\nTodos deb\u00edan participar, ya que los adultos, los ni\u00f1os y toda la diversidad de los seres vivos eran beneficiados del sol, que es el padre que aporta, a trav\u00e9s de su energ\u00eda masculina (opuesta y complementaria a la Tierra femenina), para que se produzcan alimentos para todos los seres vivos, no s\u00f3lo a los humanos. Es una fiesta de agradecimiento por la vida que se renueva. Se dialoga con el sol, porque creen que el sol est\u00e1 vivo, porque est\u00e1n contentos de que vuelva y con \u00e9l sienten que los humanos vuelven a crecer. La concepci\u00f3n del tiempo de los mapuches lo antiguo se renueva siempre es distinta a la que se tiene en Occidente, en la que lo antiguo queda atr\u00e1s y s\u00f3lo se puede recordar. Si bien la f\u00edsica har\u00eda cambiar la idea hol\u00edstica de linealidad del tiempo (desde Galileo como primera piedra) la burgues\u00eda de occidente la tom\u00f3 como referencia central para su proyecto industrial, en otras palabras, los mapuches no miden el tiempo ni tienen edad.<br \/>\n<strong>Roberto Gonz\u00e1lez Short<\/strong><br \/>\n<strong>rgonzalez@eltrabajo.cl<\/strong><\/p>\n<div class=\"tiled-gallery type-rectangular tiled-gallery-unresized\" data-original-width=\"640\" data-carousel-extra='null' itemscope itemtype=\"http:\/\/schema.org\/ImageGallery\" > <div class=\"gallery-row\" style=\"width: 640px; height: 283px;\" data-original-width=\"640\" data-original-height=\"283\" > <div class=\"gallery-group images-1\" style=\"width: 427px; height: 283px;\" data-original-width=\"427\" data-original-height=\"283\" > <div class=\"tiled-gallery-item tiled-gallery-item-large\" itemprop=\"associatedMedia\" itemscope itemtype=\"http:\/\/schema.org\/ImageObject\"> <a href=\"https:\/\/eltrabajo.cl\/portal\/alumnos-del-iac-celebraron-con-ceremonia-el-we-tripantu\/principal1\/\" border=\"0\" itemprop=\"url\"> <meta itemprop=\"width\" content=\"423\"> <meta itemprop=\"height\" content=\"279\"> <img decoding=\"async\" class=\"\" data-attachment-id=\"59380\" data-orig-file=\"https:\/\/eltrabajo.cl\/portal\/wp-content\/uploads\/2015\/06\/Principal1.jpg\" data-orig-size=\"530,350\" data-comments-opened=\"1\" data-image-meta=\"{&quot;aperture&quot;:&quot;0&quot;,&quot;credit&quot;:&quot;&quot;,&quot;camera&quot;:&quot;&quot;,&quot;caption&quot;:&quot;&quot;,&quot;created_timestamp&quot;:&quot;0&quot;,&quot;copyright&quot;:&quot;&quot;,&quot;focal_length&quot;:&quot;0&quot;,&quot;iso&quot;:&quot;0&quot;,&quot;shutter_speed&quot;:&quot;0&quot;,&quot;title&quot;:&quot;&quot;,&quot;orientation&quot;:&quot;0&quot;}\" data-image-title=\"Principal1\" data-image-description=\"&lt;p&gt;MAGISTRAL.- Ella es la \u2018princesa mapuche\u2019 Antonella Palavicini, quien particip\u00f3 activamente en esta ceremonia del IAC del A\u00f1o Nuevo mapuche.&lt;\/p&gt; \" data-medium-file=\"https:\/\/i0.wp.com\/eltrabajo.cl\/portal\/wp-content\/uploads\/2015\/06\/Principal1.jpg?fit=300%2C198&#038;ssl=1\" data-large-file=\"https:\/\/i0.wp.com\/eltrabajo.cl\/portal\/wp-content\/uploads\/2015\/06\/Principal1.jpg?fit=530%2C350&#038;ssl=1\" src=\"https:\/\/i0.wp.com\/eltrabajo.cl\/portal\/wp-content\/uploads\/2015\/06\/Principal1.jpg?w=423&#038;h=279&#038;ssl=1\" srcset=\"https:\/\/i0.wp.com\/eltrabajo.cl\/portal\/wp-content\/uploads\/2015\/06\/Principal1.jpg?w=530&amp;ssl=1 530w, https:\/\/i0.wp.com\/eltrabajo.cl\/portal\/wp-content\/uploads\/2015\/06\/Principal1.jpg?resize=200%2C132&amp;ssl=1 200w, https:\/\/i0.wp.com\/eltrabajo.cl\/portal\/wp-content\/uploads\/2015\/06\/Principal1.jpg?resize=300%2C198&amp;ssl=1 300w, https:\/\/i0.wp.com\/eltrabajo.cl\/portal\/wp-content\/uploads\/2015\/06\/Principal1.jpg?resize=227%2C150&amp;ssl=1 227w, https:\/\/i0.wp.com\/eltrabajo.cl\/portal\/wp-content\/uploads\/2015\/06\/Principal1.jpg?resize=400%2C264&amp;ssl=1 400w\" width=\"423\" height=\"279\" loading=\"lazy\" data-original-width=\"423\" data-original-height=\"279\" itemprop=\"http:\/\/schema.org\/image\" title=\"Principal1\" alt=\"MAGISTRAL.- Ella es la \u2018princesa mapuche\u2019 Antonella Palavicini, quien particip\u00f3 activamente en esta ceremonia del IAC del A\u00f1o Nuevo mapuche.\" style=\"width: 423px; height: 279px;\" \/> <\/a> <div class=\"tiled-gallery-caption\" itemprop=\"caption description\"> MAGISTRAL.- Ella es la \u2018princesa mapuche\u2019 Antonella Palavicini, quien particip\u00f3 activamente en esta ceremonia del IAC del A\u00f1o Nuevo mapuche. <\/div> <\/div> <\/div> <!-- close group --> <div class=\"gallery-group images-2\" style=\"width: 213px; height: 283px;\" data-original-width=\"213\" data-original-height=\"283\" > <div class=\"tiled-gallery-item tiled-gallery-item-small\" itemprop=\"associatedMedia\" itemscope itemtype=\"http:\/\/schema.org\/ImageObject\"> <a href=\"https:\/\/eltrabajo.cl\/portal\/alumnos-del-iac-celebraron-con-ceremonia-el-we-tripantu\/loncos4\/\" border=\"0\" itemprop=\"url\"> <meta itemprop=\"width\" content=\"209\"> <meta itemprop=\"height\" content=\"137\"> <img decoding=\"async\" class=\"\" data-attachment-id=\"59378\" data-orig-file=\"https:\/\/eltrabajo.cl\/portal\/wp-content\/uploads\/2015\/06\/Loncos4.jpg\" data-orig-size=\"530,349\" data-comments-opened=\"1\" data-image-meta=\"{&quot;aperture&quot;:&quot;0&quot;,&quot;credit&quot;:&quot;&quot;,&quot;camera&quot;:&quot;&quot;,&quot;caption&quot;:&quot;&quot;,&quot;created_timestamp&quot;:&quot;0&quot;,&quot;copyright&quot;:&quot;&quot;,&quot;focal_length&quot;:&quot;0&quot;,&quot;iso&quot;:&quot;0&quot;,&quot;shutter_speed&quot;:&quot;0&quot;,&quot;title&quot;:&quot;&quot;,&quot;orientation&quot;:&quot;0&quot;}\" data-image-title=\"Loncos4\" data-image-description=\"&lt;p&gt;RESPETO.- Los m\u00e1s grandecitos tambi\u00e9n entonaron con alegr\u00eda los cantos mapuches que se aprendieron previamente.&lt;\/p&gt; \" data-medium-file=\"https:\/\/i0.wp.com\/eltrabajo.cl\/portal\/wp-content\/uploads\/2015\/06\/Loncos4.jpg?fit=300%2C198&#038;ssl=1\" data-large-file=\"https:\/\/i0.wp.com\/eltrabajo.cl\/portal\/wp-content\/uploads\/2015\/06\/Loncos4.jpg?fit=530%2C349&#038;ssl=1\" src=\"https:\/\/i0.wp.com\/eltrabajo.cl\/portal\/wp-content\/uploads\/2015\/06\/Loncos4.jpg?w=209&#038;h=137&#038;ssl=1\" srcset=\"https:\/\/i0.wp.com\/eltrabajo.cl\/portal\/wp-content\/uploads\/2015\/06\/Loncos4.jpg?w=530&amp;ssl=1 530w, https:\/\/i0.wp.com\/eltrabajo.cl\/portal\/wp-content\/uploads\/2015\/06\/Loncos4.jpg?resize=200%2C132&amp;ssl=1 200w, https:\/\/i0.wp.com\/eltrabajo.cl\/portal\/wp-content\/uploads\/2015\/06\/Loncos4.jpg?resize=300%2C198&amp;ssl=1 300w, https:\/\/i0.wp.com\/eltrabajo.cl\/portal\/wp-content\/uploads\/2015\/06\/Loncos4.jpg?resize=228%2C150&amp;ssl=1 228w, https:\/\/i0.wp.com\/eltrabajo.cl\/portal\/wp-content\/uploads\/2015\/06\/Loncos4.jpg?resize=400%2C263&amp;ssl=1 400w\" width=\"209\" height=\"137\" loading=\"lazy\" data-original-width=\"209\" data-original-height=\"137\" itemprop=\"http:\/\/schema.org\/image\" title=\"Loncos4\" alt=\"RESPETO.- Los m\u00e1s grandecitos tambi\u00e9n entonaron con alegr\u00eda los cantos mapuches que se aprendieron previamente.\" style=\"width: 209px; height: 137px;\" \/> <\/a> <div class=\"tiled-gallery-caption\" itemprop=\"caption description\"> RESPETO.- Los m\u00e1s grandecitos tambi\u00e9n entonaron con alegr\u00eda los cantos mapuches que se aprendieron previamente. <\/div> <\/div> <div class=\"tiled-gallery-item tiled-gallery-item-small\" itemprop=\"associatedMedia\" itemscope itemtype=\"http:\/\/schema.org\/ImageObject\"> <a href=\"https:\/\/eltrabajo.cl\/portal\/alumnos-del-iac-celebraron-con-ceremonia-el-we-tripantu\/mapuches5\/\" border=\"0\" itemprop=\"url\"> <meta itemprop=\"width\" content=\"209\"> <meta itemprop=\"height\" content=\"138\"> <img decoding=\"async\" class=\"\" data-attachment-id=\"59379\" data-orig-file=\"https:\/\/eltrabajo.cl\/portal\/wp-content\/uploads\/2015\/06\/Mapuches5.jpg\" data-orig-size=\"530,350\" data-comments-opened=\"1\" data-image-meta=\"{&quot;aperture&quot;:&quot;0&quot;,&quot;credit&quot;:&quot;&quot;,&quot;camera&quot;:&quot;&quot;,&quot;caption&quot;:&quot;&quot;,&quot;created_timestamp&quot;:&quot;0&quot;,&quot;copyright&quot;:&quot;&quot;,&quot;focal_length&quot;:&quot;0&quot;,&quot;iso&quot;:&quot;0&quot;,&quot;shutter_speed&quot;:&quot;0&quot;,&quot;title&quot;:&quot;&quot;,&quot;orientation&quot;:&quot;0&quot;}\" data-image-title=\"Mapuches5\" data-image-description=\"&lt;p&gt;MUY ATENTOS.- Estos peque\u00f1itos no se perdieron ni un detalle de la magistral ceremonia ancestral.&lt;\/p&gt; \" data-medium-file=\"https:\/\/i0.wp.com\/eltrabajo.cl\/portal\/wp-content\/uploads\/2015\/06\/Mapuches5.jpg?fit=300%2C198&#038;ssl=1\" data-large-file=\"https:\/\/i0.wp.com\/eltrabajo.cl\/portal\/wp-content\/uploads\/2015\/06\/Mapuches5.jpg?fit=530%2C350&#038;ssl=1\" src=\"https:\/\/i0.wp.com\/eltrabajo.cl\/portal\/wp-content\/uploads\/2015\/06\/Mapuches5.jpg?w=209&#038;h=138&#038;ssl=1\" srcset=\"https:\/\/i0.wp.com\/eltrabajo.cl\/portal\/wp-content\/uploads\/2015\/06\/Mapuches5.jpg?w=530&amp;ssl=1 530w, https:\/\/i0.wp.com\/eltrabajo.cl\/portal\/wp-content\/uploads\/2015\/06\/Mapuches5.jpg?resize=200%2C132&amp;ssl=1 200w, https:\/\/i0.wp.com\/eltrabajo.cl\/portal\/wp-content\/uploads\/2015\/06\/Mapuches5.jpg?resize=300%2C198&amp;ssl=1 300w, https:\/\/i0.wp.com\/eltrabajo.cl\/portal\/wp-content\/uploads\/2015\/06\/Mapuches5.jpg?resize=227%2C150&amp;ssl=1 227w, https:\/\/i0.wp.com\/eltrabajo.cl\/portal\/wp-content\/uploads\/2015\/06\/Mapuches5.jpg?resize=400%2C264&amp;ssl=1 400w\" width=\"209\" height=\"138\" loading=\"lazy\" data-original-width=\"209\" data-original-height=\"138\" itemprop=\"http:\/\/schema.org\/image\" title=\"Mapuches5\" alt=\"MUY ATENTOS.- Estos peque\u00f1itos no se perdieron ni un detalle de la magistral ceremonia ancestral.\" style=\"width: 209px; height: 138px;\" \/> <\/a> <div class=\"tiled-gallery-caption\" itemprop=\"caption description\"> MUY ATENTOS.- Estos peque\u00f1itos no se perdieron ni un detalle de la magistral ceremonia ancestral. <\/div> <\/div> <\/div> <!-- close group --> <\/div> <!-- close row --> <div class=\"gallery-row\" style=\"width: 640px; height: 422px;\" data-original-width=\"640\" data-original-height=\"422\" > <div class=\"gallery-group images-1\" style=\"width: 640px; height: 422px;\" data-original-width=\"640\" data-original-height=\"422\" > <div class=\"tiled-gallery-item tiled-gallery-item-large\" itemprop=\"associatedMedia\" itemscope itemtype=\"http:\/\/schema.org\/ImageObject\"> <a href=\"https:\/\/eltrabajo.cl\/portal\/alumnos-del-iac-celebraron-con-ceremonia-el-we-tripantu\/jaime-sepulveda-2\/\" border=\"0\" itemprop=\"url\"> <meta itemprop=\"width\" content=\"636\"> <meta itemprop=\"height\" content=\"418\"> <img decoding=\"async\" class=\"\" data-attachment-id=\"59376\" data-orig-file=\"https:\/\/eltrabajo.cl\/portal\/wp-content\/uploads\/2015\/06\/Jaime-Sepulveda.jpg\" data-orig-size=\"530,348\" data-comments-opened=\"1\" data-image-meta=\"{&quot;aperture&quot;:&quot;0&quot;,&quot;credit&quot;:&quot;&quot;,&quot;camera&quot;:&quot;&quot;,&quot;caption&quot;:&quot;&quot;,&quot;created_timestamp&quot;:&quot;0&quot;,&quot;copyright&quot;:&quot;&quot;,&quot;focal_length&quot;:&quot;0&quot;,&quot;iso&quot;:&quot;0&quot;,&quot;shutter_speed&quot;:&quot;0&quot;,&quot;title&quot;:&quot;&quot;,&quot;orientation&quot;:&quot;0&quot;}\" data-image-title=\"Jaime Sepulveda\" data-image-description=\"&lt;p&gt;Profesor de Historia del IAC, Jaime Sep\u00falveda.&lt;\/p&gt; \" data-medium-file=\"https:\/\/i0.wp.com\/eltrabajo.cl\/portal\/wp-content\/uploads\/2015\/06\/Jaime-Sepulveda.jpg?fit=300%2C197&#038;ssl=1\" data-large-file=\"https:\/\/i0.wp.com\/eltrabajo.cl\/portal\/wp-content\/uploads\/2015\/06\/Jaime-Sepulveda.jpg?fit=530%2C348&#038;ssl=1\" src=\"https:\/\/i0.wp.com\/eltrabajo.cl\/portal\/wp-content\/uploads\/2015\/06\/Jaime-Sepulveda.jpg?w=636&#038;h=418&#038;ssl=1\" srcset=\"https:\/\/i0.wp.com\/eltrabajo.cl\/portal\/wp-content\/uploads\/2015\/06\/Jaime-Sepulveda.jpg?w=530&amp;ssl=1 530w, https:\/\/i0.wp.com\/eltrabajo.cl\/portal\/wp-content\/uploads\/2015\/06\/Jaime-Sepulveda.jpg?resize=200%2C131&amp;ssl=1 200w, https:\/\/i0.wp.com\/eltrabajo.cl\/portal\/wp-content\/uploads\/2015\/06\/Jaime-Sepulveda.jpg?resize=300%2C197&amp;ssl=1 300w, https:\/\/i0.wp.com\/eltrabajo.cl\/portal\/wp-content\/uploads\/2015\/06\/Jaime-Sepulveda.jpg?resize=228%2C150&amp;ssl=1 228w, https:\/\/i0.wp.com\/eltrabajo.cl\/portal\/wp-content\/uploads\/2015\/06\/Jaime-Sepulveda.jpg?resize=400%2C263&amp;ssl=1 400w\" width=\"636\" height=\"418\" loading=\"lazy\" data-original-width=\"636\" data-original-height=\"418\" itemprop=\"http:\/\/schema.org\/image\" title=\"Jaime Sepulveda\" alt=\"Profesor de Historia del IAC, Jaime Sep\u00falveda.\" style=\"width: 636px; height: 418px;\" \/> <\/a> <div class=\"tiled-gallery-caption\" itemprop=\"caption description\"> Profesor de Historia del IAC, Jaime Sep\u00falveda. <\/div> <\/div> <\/div> <!-- close group --> <\/div> <!-- close row --> <\/div>\n","protected":false},"excerpt":{"rendered":"<p>Gran algarab\u00eda se vivi\u00f3 la ma\u00f1ana de ayer mi\u00e9rcoles al interior del Instituto Abd\u00f3n Cifuentes de San Felipe, en la celebraci\u00f3n del We tripantu, el A\u00f1o Nuevo Mapuche, que realizaron los profesores&#8230;<\/p>\n","protected":false},"author":482,"featured_media":59375,"comment_status":"open","ping_status":"open","sticky":false,"template":"","format":"standard","meta":{"advanced_seo_description":"","jetpack_seo_html_title":"","jetpack_seo_noindex":false,"_jetpack_memberships_contains_paid_content":false,"footnotes":""},"categories":[15],"tags":[],"class_list":["post-59374","post","type-post","status-publish","format-standard","has-post-thumbnail","hentry","category-comunidad"],"jetpack_featured_media_url":"https:\/\/i0.wp.com\/eltrabajo.cl\/portal\/wp-content\/uploads\/2015\/06\/Loncos1.jpg?fit=530%2C350&ssl=1","jetpack_sharing_enabled":true,"jetpack_likes_enabled":true,"jetpack-related-posts":[],"_links":{"self":[{"href":"https:\/\/eltrabajo.cl\/portal\/wp-json\/wp\/v2\/posts\/59374","targetHints":{"allow":["GET"]}}],"collection":[{"href":"https:\/\/eltrabajo.cl\/portal\/wp-json\/wp\/v2\/posts"}],"about":[{"href":"https:\/\/eltrabajo.cl\/portal\/wp-json\/wp\/v2\/types\/post"}],"author":[{"embeddable":true,"href":"https:\/\/eltrabajo.cl\/portal\/wp-json\/wp\/v2\/users\/482"}],"replies":[{"embeddable":true,"href":"https:\/\/eltrabajo.cl\/portal\/wp-json\/wp\/v2\/comments?post=59374"}],"version-history":[{"count":0,"href":"https:\/\/eltrabajo.cl\/portal\/wp-json\/wp\/v2\/posts\/59374\/revisions"}],"wp:featuredmedia":[{"embeddable":true,"href":"https:\/\/eltrabajo.cl\/portal\/wp-json\/wp\/v2\/media\/59375"}],"wp:attachment":[{"href":"https:\/\/eltrabajo.cl\/portal\/wp-json\/wp\/v2\/media?parent=59374"}],"wp:term":[{"taxonomy":"category","embeddable":true,"href":"https:\/\/eltrabajo.cl\/portal\/wp-json\/wp\/v2\/categories?post=59374"},{"taxonomy":"post_tag","embeddable":true,"href":"https:\/\/eltrabajo.cl\/portal\/wp-json\/wp\/v2\/tags?post=59374"}],"curies":[{"name":"wp","href":"https:\/\/api.w.org\/{rel}","templated":true}]}}