{"id":59385,"date":"2015-06-25T09:13:15","date_gmt":"2015-06-25T12:13:15","guid":{"rendered":"http:\/\/www.eltrabajo.cl\/portal\/?p=59385"},"modified":"2015-06-25T09:13:16","modified_gmt":"2015-06-25T12:13:16","slug":"con-alta-convocatoria-realizan-asamblea-de-presupuestos-participativos-en-salud","status":"publish","type":"post","link":"https:\/\/eltrabajo.cl\/portal\/con-alta-convocatoria-realizan-asamblea-de-presupuestos-participativos-en-salud\/","title":{"rendered":"Con alta convocatoria realizan asamblea de Presupuestos Participativos en Salud"},"content":{"rendered":"<figure id=\"attachment_59386\" aria-describedby=\"caption-attachment-59386\" style=\"width: 300px\" class=\"wp-caption alignleft\"><a href=\"https:\/\/i0.wp.com\/www.eltrabajo.cl\/portal\/wp-content\/uploads\/2015\/06\/Presupuestos-participativos.jpg\"><img data-recalc-dims=\"1\" loading=\"lazy\" decoding=\"async\" class=\"wp-image-59386 size-medium\" src=\"https:\/\/i0.wp.com\/www.eltrabajo.cl\/portal\/wp-content\/uploads\/2015\/06\/Presupuestos-participativos-300x198.jpg?resize=300%2C198\" alt=\"M\u00e1s de 60 l\u00edderes y representantes sociales de la comuna de Los Andes se reunieron este martes en la Biblioteca Municipal de la comuna, en una asamblea sobre Presupuestos Participativos.\" width=\"300\" height=\"198\" srcset=\"https:\/\/i0.wp.com\/eltrabajo.cl\/portal\/wp-content\/uploads\/2015\/06\/Presupuestos-participativos.jpg?resize=300%2C198&amp;ssl=1 300w, https:\/\/i0.wp.com\/eltrabajo.cl\/portal\/wp-content\/uploads\/2015\/06\/Presupuestos-participativos.jpg?resize=200%2C132&amp;ssl=1 200w, https:\/\/i0.wp.com\/eltrabajo.cl\/portal\/wp-content\/uploads\/2015\/06\/Presupuestos-participativos.jpg?resize=227%2C150&amp;ssl=1 227w, https:\/\/i0.wp.com\/eltrabajo.cl\/portal\/wp-content\/uploads\/2015\/06\/Presupuestos-participativos.jpg?resize=400%2C264&amp;ssl=1 400w, https:\/\/i0.wp.com\/eltrabajo.cl\/portal\/wp-content\/uploads\/2015\/06\/Presupuestos-participativos.jpg?w=530&amp;ssl=1 530w\" sizes=\"auto, (max-width: 300px) 100vw, 300px\" \/><\/a><figcaption id=\"caption-attachment-59386\" class=\"wp-caption-text\">M\u00e1s de 60 l\u00edderes y representantes sociales de la comuna de Los Andes se reunieron este martes en la Biblioteca Municipal de la comuna, en una asamblea sobre Presupuestos Participativos.<\/figcaption><\/figure>\n<p><strong>LOS ANDES.<\/strong>&#8211; Con el prop\u00f3sito de levantar propuestas o ideas para financiar a trav\u00e9s de la estrategia de Presupuestos Participativos en Salud, iniciativa impulsada por el Servicio de Salud Aconcagua, m\u00e1s de 60 l\u00edderes y representantes sociales de la comuna de Los Andes se reunieron este martes en la Biblioteca Municipal de la comuna.<br \/>\nLa actividad fue organizada por los tres establecimientos de salud de la comuna, Cesfam Centenario, Cesfam Cordillera Andina y Hospital San Juan de Dios, quienes convocaron a los participantes para trabajar grupalmente en la elaboraci\u00f3n de las ideas de proyectos. Luego de las presentaciones que contextualizaron el trabajo de la jornada, los representantes de la comunidad trabajaron en grupos para idear las propuestas de proyectos.<br \/>\nFue as\u00ed como surgieron iniciativas como la compra de catres cl\u00ednicos y colchones antiescaras para personas postradas en domicilio, ayudas t\u00e9cnicas como bastones ortop\u00e9dicos articulados y sillas de ruedas, adem\u00e1s de educaci\u00f3n digital a personas con discapacidad visual y educaci\u00f3n comunitaria en tem\u00e1ticas de salud.<br \/>\nLa encargada de Participaci\u00f3n Social del Servicio de Salud Aconcagua se\u00f1al\u00f3 que estas ideas ser\u00e1n confrontadas con las propuestas de las otras 9 comunas del Servicio de Salud Aconcagua. \u201cLas ideas m\u00e1s recurrentes ser\u00e1n puestas en una ficha que ser\u00e1 votada por los participantes de todas las comunas, en un proceso democr\u00e1tico que se realizar\u00e1 el 29 de julio pr\u00f3ximo\u201d, indic\u00f3 la profesional. Agreg\u00f3 adem\u00e1s que el Servicio de Salud Aconcagua ha destinado 39.000.000 millones de pesos para financiar la propuesta que resulte m\u00e1s votada del proceso final, proyecto que se llevar\u00e1 a cabo en todos los establecimientos de la Red del Servicio de Salud Aconcagua.<\/p>\n","protected":false},"excerpt":{"rendered":"<p>LOS ANDES.&#8211; Con el prop\u00f3sito de levantar propuestas o ideas para financiar a trav\u00e9s de la estrategia de Presupuestos Participativos en Salud, iniciativa impulsada por el Servicio de Salud Aconcagua, m\u00e1s de&#8230;<\/p>\n","protected":false},"author":482,"featured_media":59386,"comment_status":"open","ping_status":"open","sticky":false,"template":"","format":"standard","meta":{"advanced_seo_description":"","jetpack_seo_html_title":"","jetpack_seo_noindex":false,"_jetpack_memberships_contains_paid_content":false,"footnotes":""},"categories":[15],"tags":[],"class_list":["post-59385","post","type-post","status-publish","format-standard","has-post-thumbnail","hentry","category-comunidad"],"jetpack_featured_media_url":"https:\/\/i0.wp.com\/eltrabajo.cl\/portal\/wp-content\/uploads\/2015\/06\/Presupuestos-participativos.jpg?fit=530%2C350&ssl=1","jetpack_sharing_enabled":true,"jetpack_likes_enabled":true,"jetpack-related-posts":[],"_links":{"self":[{"href":"https:\/\/eltrabajo.cl\/portal\/wp-json\/wp\/v2\/posts\/59385","targetHints":{"allow":["GET"]}}],"collection":[{"href":"https:\/\/eltrabajo.cl\/portal\/wp-json\/wp\/v2\/posts"}],"about":[{"href":"https:\/\/eltrabajo.cl\/portal\/wp-json\/wp\/v2\/types\/post"}],"author":[{"embeddable":true,"href":"https:\/\/eltrabajo.cl\/portal\/wp-json\/wp\/v2\/users\/482"}],"replies":[{"embeddable":true,"href":"https:\/\/eltrabajo.cl\/portal\/wp-json\/wp\/v2\/comments?post=59385"}],"version-history":[{"count":0,"href":"https:\/\/eltrabajo.cl\/portal\/wp-json\/wp\/v2\/posts\/59385\/revisions"}],"wp:featuredmedia":[{"embeddable":true,"href":"https:\/\/eltrabajo.cl\/portal\/wp-json\/wp\/v2\/media\/59386"}],"wp:attachment":[{"href":"https:\/\/eltrabajo.cl\/portal\/wp-json\/wp\/v2\/media?parent=59385"}],"wp:term":[{"taxonomy":"category","embeddable":true,"href":"https:\/\/eltrabajo.cl\/portal\/wp-json\/wp\/v2\/categories?post=59385"},{"taxonomy":"post_tag","embeddable":true,"href":"https:\/\/eltrabajo.cl\/portal\/wp-json\/wp\/v2\/tags?post=59385"}],"curies":[{"name":"wp","href":"https:\/\/api.w.org\/{rel}","templated":true}]}}