{"id":5939,"date":"2011-11-10T08:42:57","date_gmt":"2011-11-10T12:42:57","guid":{"rendered":"http:\/\/www.eltrabajo.cl\/portal\/?p=5939"},"modified":"2011-11-10T08:42:57","modified_gmt":"2011-11-10T12:42:57","slug":"elsa-pizarro-%e2%80%9cagresion-a-valencia-nada-tiene-que-ver-conmigo%e2%80%9d","status":"publish","type":"post","link":"https:\/\/eltrabajo.cl\/portal\/elsa-pizarro-%e2%80%9cagresion-a-valencia-nada-tiene-que-ver-conmigo%e2%80%9d\/","title":{"rendered":"Elsa Pizarro: \u201cAgresi\u00f3n a Valencia nada tiene que ver conmigo\u201d"},"content":{"rendered":"<figure id=\"attachment_5940\" aria-describedby=\"caption-attachment-5940\" style=\"width: 600px\" class=\"wp-caption alignnone\"><a href=\"http:\/\/www.eltrabajo.cl\/portal\/archives\/5939\/elsa\" rel=\"attachment wp-att-5940\"><img data-recalc-dims=\"1\" loading=\"lazy\" decoding=\"async\" class=\"size-full wp-image-5940\" title=\"Elsa\" src=\"https:\/\/i0.wp.com\/www.eltrabajo.cl\/portal\/wp-content\/uploads\/2011\/11\/Elsa.jpg?resize=600%2C579\" alt=\"\" width=\"600\" height=\"579\" srcset=\"https:\/\/i0.wp.com\/eltrabajo.cl\/portal\/wp-content\/uploads\/2011\/11\/Elsa.jpg?w=600&amp;ssl=1 600w, https:\/\/i0.wp.com\/eltrabajo.cl\/portal\/wp-content\/uploads\/2011\/11\/Elsa.jpg?resize=155%2C150&amp;ssl=1 155w, https:\/\/i0.wp.com\/eltrabajo.cl\/portal\/wp-content\/uploads\/2011\/11\/Elsa.jpg?resize=300%2C289&amp;ssl=1 300w, https:\/\/i0.wp.com\/eltrabajo.cl\/portal\/wp-content\/uploads\/2011\/11\/Elsa.jpg?resize=150%2C144&amp;ssl=1 150w, https:\/\/i0.wp.com\/eltrabajo.cl\/portal\/wp-content\/uploads\/2011\/11\/Elsa.jpg?resize=400%2C386&amp;ssl=1 400w\" sizes=\"auto, (max-width: 600px) 100vw, 600px\" \/><\/a><figcaption id=\"caption-attachment-5940\" class=\"wp-caption-text\">Elsa Pizarro asegura que cuenta con firmas de apoyo y que repudian la determinaci\u00f3n de la Junta Vecinal de La Troya de sacarla de la casa en propiedad de esa entidad.<\/figcaption><\/figure>\n<p><strong>Lidia Pizarro, la mujer acusada de enviar a diez \u201cmatones\u201d a golpear al presidente vecinal en La Troya, asegura que ella se encontraba en La Serena desde hace tiempo cuando ocurri\u00f3 el problema.<\/strong><\/p>\n<p>Roberto Gonz\u00e1lez Short &#8211; rgonzalez@eltrabajo.cl<\/p>\n<p>Muy sorprendida dijo estar Elsa Lidia Pizarro Mart\u00ednez en una visita realizada a DIARIO EL TRABAJO, tras ser se\u00f1alada por el presidente de la junta vecinal de La Troya, Javier Valencia, como la presunta responsable de haber enviado a diez personas a tirarle piedras a su casa con intenciones de acabar con su vida.<\/p>\n<p>Seg\u00fan Pizarro, el presidente de la junta vecinal en cuesti\u00f3n est\u00e1 faltando a la verdad en relaci\u00f3n a los hechos que \u00e9l denunci\u00f3 en nuestro medio, raz\u00f3n por la cual habl\u00f3 en Exclusiva con DIARIO EL TRABAJO.<\/p>\n<p><strong>VERSIONES CONTRADICTORIAS<\/strong><\/p>\n<p>Contradictoriamente a lo denunciado a nuestro medio por Valencia, Pizarro afirma una versi\u00f3n muy diferente: \u00abLo que yo sostengo es que el problema que ese se\u00f1or tuvo la madrugada del s\u00e1bado pasado no tiene relaci\u00f3n alguna con el hecho de que Javier intenta expulsarme de mi casa desde hace mucho tiempo\u00bb, afirm\u00f3 Pizarro Mart\u00ednez, mientras acusa a Valencia de haber agredido a una jovencita, raz\u00f3n por lo cual varios amigos de la muchacha le reclamaron y posteriormente hubo el enfrentamiento.<\/p>\n<p><strong>LICOR, INSULTOS Y GOLPES<\/strong><\/p>\n<p>Seg\u00fan Pizarro, hace algunas semanas varios j\u00f3venes, entre ellos un hijo suyo y un sobrino del mismo presidente vecinal, habr\u00edan participado en un robo en varias casas de La Troya. Elsa reconoce que su hijo actu\u00f3 mal, pero que esa no es raz\u00f3n para que se le relacione a ella en el il\u00edcito.<\/p>\n<p>\u00abA m\u00ed la Polic\u00eda nunca me llev\u00f3 detenida, a esos supuestos matones ni los conozco, no s\u00e9 qui\u00e9nes son, entiendo que los golpes que Valencia recibi\u00f3 fue por golpear y llamarle \u201cpelele\u201d a una de las mujeres que hac\u00eda una llamada por celular. El Valencia estaba tomando licor en su casa y desde ah\u00ed ofendi\u00f3 a la ni\u00f1a, discutieron y Valencia le peg\u00f3. El problema lo provoc\u00f3 \u00e9l\u00bb, coment\u00f3 Elsa Lidia Pizarro.<\/p>\n<p><strong>\u201c\u00bfQU\u00c9 \u2018TRANCA\u2019 TIENE CONMIGO?\u201d<\/strong><\/p>\n<p>Seg\u00fan Pizarro, ella ha reunido m\u00e1s de 65 firmas de personas que repudian la decisi\u00f3n de la Junta Vecinal de La Troya de sacarlos de la vivienda, argumentando que ella y sus hijos son un peligro para la comunidad.<\/p>\n<p>\u00abYo quiero saber qu\u00e9 \u2018tranca\u2019 tiene el Javier conmigo, el delito del robo lo cometi\u00f3 mi hijo y no yo, yo tengo muchas firmas que me apoyan para no perder mi casa, una vivienda que constru\u00ed con mi esposo y el apoyo de amigos, solo la propiedad es de la junta vecinal\u00bb, puntualiz\u00f3 Lidia Pizarro.<\/p>\n<p>DIARIO EL TRABAJO intent\u00f3 hablar con Javier Valencia, pero hasta el cierre de esta edici\u00f3n no fue posible.<\/p>\n","protected":false},"excerpt":{"rendered":"<p>Lidia Pizarro, la mujer acusada de enviar a diez \u201cmatones\u201d a golpear al presidente vecinal en La Troya, asegura que ella se encontraba en La Serena desde hace tiempo cuando ocurri\u00f3 el&#8230;<\/p>\n","protected":false},"author":482,"featured_media":5940,"comment_status":"open","ping_status":"open","sticky":false,"template":"","format":"standard","meta":{"advanced_seo_description":"","jetpack_seo_html_title":"","jetpack_seo_noindex":false,"_jetpack_memberships_contains_paid_content":false,"footnotes":""},"categories":[15],"tags":[],"class_list":["post-5939","post","type-post","status-publish","format-standard","has-post-thumbnail","hentry","category-comunidad"],"jetpack_featured_media_url":"https:\/\/i0.wp.com\/eltrabajo.cl\/portal\/wp-content\/uploads\/2011\/11\/Elsa.jpg?fit=600%2C579&ssl=1","jetpack_sharing_enabled":true,"jetpack_likes_enabled":true,"jetpack-related-posts":[],"_links":{"self":[{"href":"https:\/\/eltrabajo.cl\/portal\/wp-json\/wp\/v2\/posts\/5939","targetHints":{"allow":["GET"]}}],"collection":[{"href":"https:\/\/eltrabajo.cl\/portal\/wp-json\/wp\/v2\/posts"}],"about":[{"href":"https:\/\/eltrabajo.cl\/portal\/wp-json\/wp\/v2\/types\/post"}],"author":[{"embeddable":true,"href":"https:\/\/eltrabajo.cl\/portal\/wp-json\/wp\/v2\/users\/482"}],"replies":[{"embeddable":true,"href":"https:\/\/eltrabajo.cl\/portal\/wp-json\/wp\/v2\/comments?post=5939"}],"version-history":[{"count":0,"href":"https:\/\/eltrabajo.cl\/portal\/wp-json\/wp\/v2\/posts\/5939\/revisions"}],"wp:featuredmedia":[{"embeddable":true,"href":"https:\/\/eltrabajo.cl\/portal\/wp-json\/wp\/v2\/media\/5940"}],"wp:attachment":[{"href":"https:\/\/eltrabajo.cl\/portal\/wp-json\/wp\/v2\/media?parent=5939"}],"wp:term":[{"taxonomy":"category","embeddable":true,"href":"https:\/\/eltrabajo.cl\/portal\/wp-json\/wp\/v2\/categories?post=5939"},{"taxonomy":"post_tag","embeddable":true,"href":"https:\/\/eltrabajo.cl\/portal\/wp-json\/wp\/v2\/tags?post=5939"}],"curies":[{"name":"wp","href":"https:\/\/api.w.org\/{rel}","templated":true}]}}