{"id":59397,"date":"2015-06-25T09:14:08","date_gmt":"2015-06-25T12:14:08","guid":{"rendered":"http:\/\/www.eltrabajo.cl\/portal\/?p=59397"},"modified":"2015-06-25T09:27:33","modified_gmt":"2015-06-25T12:27:33","slug":"alumna-de-liceo-manuel-marin-fritis-obtiene-2-lugar-regional-en-concurso-de-cuentos","status":"publish","type":"post","link":"https:\/\/eltrabajo.cl\/portal\/alumna-de-liceo-manuel-marin-fritis-obtiene-2-lugar-regional-en-concurso-de-cuentos\/","title":{"rendered":"Alumna de Liceo Manuel Mar\u00edn Fritis obtiene 2\u00b0 lugar regional en concurso de cuentos"},"content":{"rendered":"<figure id=\"attachment_59398\" aria-describedby=\"caption-attachment-59398\" style=\"width: 300px\" class=\"wp-caption alignleft\"><a href=\"https:\/\/i0.wp.com\/www.eltrabajo.cl\/portal\/wp-content\/uploads\/2015\/06\/concursod-de-cuentos-2.jpg\"><img data-recalc-dims=\"1\" loading=\"lazy\" decoding=\"async\" class=\"wp-image-59398 size-medium\" src=\"https:\/\/i0.wp.com\/www.eltrabajo.cl\/portal\/wp-content\/uploads\/2015\/06\/concursod-de-cuentos-2-300x197.jpg?resize=300%2C197\" alt=\"Catalina Pizarro Ahumada, alumna del 7\u00b0 a\u00f1o B\u00e1sico del Liceo manuel Mar\u00edn Fritis, que obtuvo el 2\u00b0 lugar Regional con su creaci\u00f3n literaria llamada \u2018El Cuento de la Princesa Orolonco\u2019.\" width=\"300\" height=\"197\" srcset=\"https:\/\/i0.wp.com\/eltrabajo.cl\/portal\/wp-content\/uploads\/2015\/06\/concursod-de-cuentos-2.jpg?resize=300%2C197&amp;ssl=1 300w, https:\/\/i0.wp.com\/eltrabajo.cl\/portal\/wp-content\/uploads\/2015\/06\/concursod-de-cuentos-2.jpg?resize=200%2C131&amp;ssl=1 200w, https:\/\/i0.wp.com\/eltrabajo.cl\/portal\/wp-content\/uploads\/2015\/06\/concursod-de-cuentos-2.jpg?resize=228%2C150&amp;ssl=1 228w, https:\/\/i0.wp.com\/eltrabajo.cl\/portal\/wp-content\/uploads\/2015\/06\/concursod-de-cuentos-2.jpg?resize=400%2C263&amp;ssl=1 400w, https:\/\/i0.wp.com\/eltrabajo.cl\/portal\/wp-content\/uploads\/2015\/06\/concursod-de-cuentos-2.jpg?w=530&amp;ssl=1 530w\" sizes=\"auto, (max-width: 300px) 100vw, 300px\" \/><\/a><figcaption id=\"caption-attachment-59398\" class=\"wp-caption-text\">Catalina Pizarro Ahumada, alumna del 7\u00b0 a\u00f1o B\u00e1sico del Liceo manuel Mar\u00edn Fritis, que obtuvo el 2\u00b0 lugar Regional con su creaci\u00f3n literaria llamada \u2018El Cuento de la Princesa Orolonco\u2019.<\/figcaption><\/figure>\n<p><strong>PUTAENDO<\/strong>.- Con la presencia de autoridades locales, regionales y provinciales, as\u00ed como docentes y ni\u00f1os provenientes de lejanos lugares de la regi\u00f3n, se realiz\u00f3 en la Escuela Brasilia de Limache la premiaci\u00f3n de los ganadores de la vig\u00e9sima segunda versi\u00f3n del concurso literario \u2018Historias de nuestra tierra\u2019 organizado por el Ministerio de Agricultura a trav\u00e9s de la Fundaci\u00f3n de Comunicaciones, Capacitaci\u00f3n y Cultura del Agro (Fucoa).<br \/>\nLa Docente del Liceo Manuel Mar\u00edn Fritis Srta. Carmen Manzano Arancibia, profesora jefe del 7\u00b0 a\u00f1o B, junto a sus alumnos una vez estudiadas las bases decidieron participar como grupo curso, realizados los trabajos se hizo una selecci\u00f3n interna y se enviaron los trabajos al concurso. Esto fue en octubre de 2014 y reci\u00e9n a fines de abril se entregaron los ganadores de este concurso que es a nivel nacional, grande fue la sorpresa cuando reciben el comunicado que la alumna Catalina Pizarro Ahumada obtuvo el 2\u00b0 lugar a nivel regional con su creaci\u00f3n literaria llamada \u2018El Cuento de la Princesa Orolonco\u2019. En la categor\u00eda infantil, \u2018Me lo cont\u00f3 mi abuelito\u2019, destac\u00e1ndose por su creatividad y poniendo acento en la historia de Putaendo.<\/p>\n<figure id=\"attachment_59399\" aria-describedby=\"caption-attachment-59399\" style=\"width: 300px\" class=\"wp-caption alignright\"><a href=\"https:\/\/i0.wp.com\/www.eltrabajo.cl\/portal\/wp-content\/uploads\/2015\/06\/concurso-de-cuentos-1.jpg\"><img data-recalc-dims=\"1\" loading=\"lazy\" decoding=\"async\" class=\"wp-image-59399 size-medium\" src=\"https:\/\/i0.wp.com\/www.eltrabajo.cl\/portal\/wp-content\/uploads\/2015\/06\/concurso-de-cuentos-1-300x198.jpg?resize=300%2C198\" alt=\"Posan para Diario El Trabajo la alumna premiada, Javiera Cortes Saa, Claudia Araya Sa\u00e1, Srta. Carmen Manzano Arancibia, Sebasti\u00e1n Vergara P\u00e9rez y Constanza Vega Elgueta.\" width=\"300\" height=\"198\" srcset=\"https:\/\/i0.wp.com\/eltrabajo.cl\/portal\/wp-content\/uploads\/2015\/06\/concurso-de-cuentos-1.jpg?resize=300%2C198&amp;ssl=1 300w, https:\/\/i0.wp.com\/eltrabajo.cl\/portal\/wp-content\/uploads\/2015\/06\/concurso-de-cuentos-1.jpg?resize=200%2C132&amp;ssl=1 200w, https:\/\/i0.wp.com\/eltrabajo.cl\/portal\/wp-content\/uploads\/2015\/06\/concurso-de-cuentos-1.jpg?resize=228%2C150&amp;ssl=1 228w, https:\/\/i0.wp.com\/eltrabajo.cl\/portal\/wp-content\/uploads\/2015\/06\/concurso-de-cuentos-1.jpg?resize=400%2C263&amp;ssl=1 400w, https:\/\/i0.wp.com\/eltrabajo.cl\/portal\/wp-content\/uploads\/2015\/06\/concurso-de-cuentos-1.jpg?w=530&amp;ssl=1 530w\" sizes=\"auto, (max-width: 300px) 100vw, 300px\" \/><\/a><figcaption id=\"caption-attachment-59399\" class=\"wp-caption-text\">Posan para Diario El Trabajo la alumna premiada, Javiera Cortes Saa, Claudia Araya Sa\u00e1, Srta. Carmen Manzano Arancibia, Sebasti\u00e1n Vergara P\u00e9rez y Constanza Vega Elgueta.<\/figcaption><\/figure>\n<p>Carmen Manzano expreso a Diario El Trabajo \u201cpara m\u00ed y para los ni\u00f1os la obtenci\u00f3n del 2\u00b0 lugar fue una gran sorpresa, esto quiere decir que ac\u00e1 en el Liceo si se puede trabajar con ni\u00f1os, ya que hay capacidades, y se pueden hacer cosas motivando a los estudiantes\u201d.<br \/>\nLa alumna premiada asisti\u00f3 a la ceremonia de premiaci\u00f3n junto a la Directora(S) del Liceo Manuel Mar\u00edn Fritis Sra. Cecilia Tapia Castro, la Profesora Jefe y de la asignatura de Lenguaje la Srta. Carmen Manzano Arancibia. Adem\u00e1s asistieron los alumnos Claudia Araya Sa\u00e1, Felipe Meza Pe\u00f1aloza, Constanza Vega Elgueta y Sebasti\u00e1n Vergara P\u00e9rez, quienes tambi\u00e9n participaron en dicho concurso.<br \/>\nFueron los propios ganadores que mediante sus palabras, dieron por iniciada la vig\u00e9simo tercera convocatoria del concurso \u201cHistorias de nuestra tierra\u201d. El plazo para enviar los cuentos y poemas es el 30 de septiembre a las 12:00 horas. M\u00e1s informaci\u00f3n en www.concursocuentos.cl<\/p>\n","protected":false},"excerpt":{"rendered":"<p>PUTAENDO.- Con la presencia de autoridades locales, regionales y provinciales, as\u00ed como docentes y ni\u00f1os provenientes de lejanos lugares de la regi\u00f3n, se realiz\u00f3 en la Escuela Brasilia de Limache la premiaci\u00f3n&#8230;<\/p>\n","protected":false},"author":482,"featured_media":59398,"comment_status":"open","ping_status":"open","sticky":false,"template":"","format":"standard","meta":{"advanced_seo_description":"","jetpack_seo_html_title":"","jetpack_seo_noindex":false,"_jetpack_memberships_contains_paid_content":false,"footnotes":""},"categories":[15],"tags":[],"class_list":["post-59397","post","type-post","status-publish","format-standard","has-post-thumbnail","hentry","category-comunidad"],"jetpack_featured_media_url":"https:\/\/i0.wp.com\/eltrabajo.cl\/portal\/wp-content\/uploads\/2015\/06\/concursod-de-cuentos-2.jpg?fit=530%2C348&ssl=1","jetpack_sharing_enabled":true,"jetpack_likes_enabled":true,"jetpack-related-posts":[],"_links":{"self":[{"href":"https:\/\/eltrabajo.cl\/portal\/wp-json\/wp\/v2\/posts\/59397","targetHints":{"allow":["GET"]}}],"collection":[{"href":"https:\/\/eltrabajo.cl\/portal\/wp-json\/wp\/v2\/posts"}],"about":[{"href":"https:\/\/eltrabajo.cl\/portal\/wp-json\/wp\/v2\/types\/post"}],"author":[{"embeddable":true,"href":"https:\/\/eltrabajo.cl\/portal\/wp-json\/wp\/v2\/users\/482"}],"replies":[{"embeddable":true,"href":"https:\/\/eltrabajo.cl\/portal\/wp-json\/wp\/v2\/comments?post=59397"}],"version-history":[{"count":0,"href":"https:\/\/eltrabajo.cl\/portal\/wp-json\/wp\/v2\/posts\/59397\/revisions"}],"wp:featuredmedia":[{"embeddable":true,"href":"https:\/\/eltrabajo.cl\/portal\/wp-json\/wp\/v2\/media\/59398"}],"wp:attachment":[{"href":"https:\/\/eltrabajo.cl\/portal\/wp-json\/wp\/v2\/media?parent=59397"}],"wp:term":[{"taxonomy":"category","embeddable":true,"href":"https:\/\/eltrabajo.cl\/portal\/wp-json\/wp\/v2\/categories?post=59397"},{"taxonomy":"post_tag","embeddable":true,"href":"https:\/\/eltrabajo.cl\/portal\/wp-json\/wp\/v2\/tags?post=59397"}],"curies":[{"name":"wp","href":"https:\/\/api.w.org\/{rel}","templated":true}]}}