{"id":59401,"date":"2015-06-25T09:22:52","date_gmt":"2015-06-25T12:22:52","guid":{"rendered":"http:\/\/www.eltrabajo.cl\/portal\/?p=59401"},"modified":"2015-06-25T09:22:52","modified_gmt":"2015-06-25T12:22:52","slug":"confirman-pesquisa-por-presunto-caso-de-meningitis-en-alumna-de-instituto-chacabuco","status":"publish","type":"post","link":"https:\/\/eltrabajo.cl\/portal\/confirman-pesquisa-por-presunto-caso-de-meningitis-en-alumna-de-instituto-chacabuco\/","title":{"rendered":"Confirman pesquisa por presunto caso de meningitis en alumna de Instituto Chacabuco"},"content":{"rendered":"<figure id=\"attachment_59402\" aria-describedby=\"caption-attachment-59402\" style=\"width: 300px\" class=\"wp-caption alignleft\"><a href=\"https:\/\/i0.wp.com\/www.eltrabajo.cl\/portal\/wp-content\/uploads\/2015\/06\/mariomendes4.jpg\"><img data-recalc-dims=\"1\" loading=\"lazy\" decoding=\"async\" class=\"wp-image-59402 size-medium\" src=\"https:\/\/i0.wp.com\/www.eltrabajo.cl\/portal\/wp-content\/uploads\/2015\/06\/mariomendes4-300x198.jpg?resize=300%2C198\" alt=\"Doctor Mario M\u00e9ndez, representante del Seremi de Salud en el Valle de Aconcagua.\" width=\"300\" height=\"198\" srcset=\"https:\/\/i0.wp.com\/eltrabajo.cl\/portal\/wp-content\/uploads\/2015\/06\/mariomendes4.jpg?resize=300%2C198&amp;ssl=1 300w, https:\/\/i0.wp.com\/eltrabajo.cl\/portal\/wp-content\/uploads\/2015\/06\/mariomendes4.jpg?resize=200%2C132&amp;ssl=1 200w, https:\/\/i0.wp.com\/eltrabajo.cl\/portal\/wp-content\/uploads\/2015\/06\/mariomendes4.jpg?resize=228%2C150&amp;ssl=1 228w, https:\/\/i0.wp.com\/eltrabajo.cl\/portal\/wp-content\/uploads\/2015\/06\/mariomendes4.jpg?resize=400%2C263&amp;ssl=1 400w, https:\/\/i0.wp.com\/eltrabajo.cl\/portal\/wp-content\/uploads\/2015\/06\/mariomendes4.jpg?w=530&amp;ssl=1 530w\" sizes=\"auto, (max-width: 300px) 100vw, 300px\" \/><\/a><figcaption id=\"caption-attachment-59402\" class=\"wp-caption-text\">Doctor Mario M\u00e9ndez, representante del Seremi de Salud en el Valle de Aconcagua.<\/figcaption><\/figure>\n<p><strong>En 48 horas el instituto de Salud P\u00fablica entregar\u00eda la confirmaci\u00f3n oficial.<\/strong><\/p>\n<p><strong>LOS ANDES.<\/strong>&#8211; El representante de la Serem\u00eda de Salud en el Valle de Aconcagua, doctor Mario M\u00e9ndez, confirm\u00f3 la pesquisa de un caso sospechoso de meningitis que afecta a una alumna de 18 a\u00f1os de cuarto a\u00f1o medio del Instituto Chacabuco.<br \/>\nEl profesional se\u00f1al\u00f3 que la adolecente se encuentra internada desde hace dos d\u00edas en la UTI del Hospital San Camilo de San Felipe y se espera la confirmaci\u00f3n positiva o negativa del Instituto de Salud P\u00fablica sobre la presencia de Meningitis, hecho que deber\u00eda ocurrir dentro de las pr\u00f3ximas 48 horas.<br \/>\n\u201cElla ten\u00eda un cuadro bastante cr\u00edtico por lo que fue derivada desde un centro privado de Los Andes hacia el Hospital San Camilo donde qued\u00f3 internada, siendo sometida a un tratamiento antimicrobiano que esperamos d\u00e9 resultado\u201d, expres\u00f3.<br \/>\nM\u00e9ndez puntualiz\u00f3 que se est\u00e1 llevando adelante el bloqueo de los contactos directos que tuvo la joven, es decir sus compa\u00f1eros de curso y familiares directos, \u201clos cuales ya fueron tratados por personal de la Seremi de Salud el d\u00eda de hoy\u201d (ayer).<br \/>\nAgreg\u00f3 que los s\u00edntomas comenzaron el d\u00eda lunes 22 y al existir antecedentes cl\u00ednicos les permitieron establecer sospechas de estar ante un caso de meningitis y por eso su derivaci\u00f3n al Hospital San Camilo.<br \/>\nEl doctor M\u00e9ndez afirm\u00f3 que la joven presenta un diagn\u00f3stico reservado a la espera que responda favorablemente al tratamiento con medicamentos de \u00faltima generaci\u00f3n.<br \/>\nAl mismo tiempo, llam\u00f3 a la comunidad a estar tranquila porque el contagio no se produce de una manera tan f\u00e1cil, \u201cpues tiene que existir un contacto m\u00e1s directo con las v\u00edas a\u00e9reas y por eso le pedimos a la comunidad educativa de ese colegio que tenga la calma suficiente porque se est\u00e1n aplicando todos los protocolos que corresponde y esperamos que la alumna se recupere\u201d.<br \/>\nSe\u00f1al\u00f3 que se realizar\u00e1 una labor educativa con los apoderados del colegio por parte de personal de epidemiolog\u00eda de la oficina Aconcagua de la Serem\u00eda de salud.<br \/>\nDijo finalmente que no cuentan con antecedentes de d\u00f3nde pudo producirse el contagio de la estudiante.<\/p>\n","protected":false},"excerpt":{"rendered":"<p>En 48 horas el instituto de Salud P\u00fablica entregar\u00eda la confirmaci\u00f3n oficial. LOS ANDES.&#8211; El representante de la Serem\u00eda de Salud en el Valle de Aconcagua, doctor Mario M\u00e9ndez, confirm\u00f3 la pesquisa&#8230;<\/p>\n","protected":false},"author":482,"featured_media":59402,"comment_status":"open","ping_status":"open","sticky":false,"template":"","format":"standard","meta":{"advanced_seo_description":"","jetpack_seo_html_title":"","jetpack_seo_noindex":false,"_jetpack_memberships_contains_paid_content":false,"footnotes":""},"categories":[15],"tags":[],"class_list":["post-59401","post","type-post","status-publish","format-standard","has-post-thumbnail","hentry","category-comunidad"],"jetpack_featured_media_url":"https:\/\/i0.wp.com\/eltrabajo.cl\/portal\/wp-content\/uploads\/2015\/06\/mariomendes4.jpg?fit=530%2C349&ssl=1","jetpack_sharing_enabled":true,"jetpack_likes_enabled":true,"jetpack-related-posts":[],"_links":{"self":[{"href":"https:\/\/eltrabajo.cl\/portal\/wp-json\/wp\/v2\/posts\/59401","targetHints":{"allow":["GET"]}}],"collection":[{"href":"https:\/\/eltrabajo.cl\/portal\/wp-json\/wp\/v2\/posts"}],"about":[{"href":"https:\/\/eltrabajo.cl\/portal\/wp-json\/wp\/v2\/types\/post"}],"author":[{"embeddable":true,"href":"https:\/\/eltrabajo.cl\/portal\/wp-json\/wp\/v2\/users\/482"}],"replies":[{"embeddable":true,"href":"https:\/\/eltrabajo.cl\/portal\/wp-json\/wp\/v2\/comments?post=59401"}],"version-history":[{"count":0,"href":"https:\/\/eltrabajo.cl\/portal\/wp-json\/wp\/v2\/posts\/59401\/revisions"}],"wp:featuredmedia":[{"embeddable":true,"href":"https:\/\/eltrabajo.cl\/portal\/wp-json\/wp\/v2\/media\/59402"}],"wp:attachment":[{"href":"https:\/\/eltrabajo.cl\/portal\/wp-json\/wp\/v2\/media?parent=59401"}],"wp:term":[{"taxonomy":"category","embeddable":true,"href":"https:\/\/eltrabajo.cl\/portal\/wp-json\/wp\/v2\/categories?post=59401"},{"taxonomy":"post_tag","embeddable":true,"href":"https:\/\/eltrabajo.cl\/portal\/wp-json\/wp\/v2\/tags?post=59401"}],"curies":[{"name":"wp","href":"https:\/\/api.w.org\/{rel}","templated":true}]}}