{"id":59404,"date":"2015-06-25T09:25:23","date_gmt":"2015-06-25T12:25:23","guid":{"rendered":"http:\/\/www.eltrabajo.cl\/portal\/?p=59404"},"modified":"2015-06-25T09:25:23","modified_gmt":"2015-06-25T12:25:23","slug":"adolescente-arriesga-20-anos-por-dos-delitos-de-robo-con-intimidacion","status":"publish","type":"post","link":"https:\/\/eltrabajo.cl\/portal\/adolescente-arriesga-20-anos-por-dos-delitos-de-robo-con-intimidacion\/","title":{"rendered":"Adolescente arriesga 20 a\u00f1os por dos delitos de robo con intimidaci\u00f3n"},"content":{"rendered":"<figure id=\"attachment_59405\" aria-describedby=\"caption-attachment-59405\" style=\"width: 300px\" class=\"wp-caption alignleft\"><a href=\"https:\/\/i0.wp.com\/www.eltrabajo.cl\/portal\/wp-content\/uploads\/2015\/06\/Detenidos1.jpg\"><img data-recalc-dims=\"1\" loading=\"lazy\" decoding=\"async\" class=\"wp-image-59405 size-medium\" src=\"https:\/\/i0.wp.com\/www.eltrabajo.cl\/portal\/wp-content\/uploads\/2015\/06\/Detenidos1-300x198.jpg?resize=300%2C198\" alt=\"En aquella ocasi\u00f3n, se realiz\u00f3 una espectacular persecuci\u00f3n por parte de Carabineros para la captura de esta peligrosa pandilla que cometi\u00f3 dos delitos de robo con intimidaci\u00f3n en el sector de Piguch\u00e9n de Putaendo el 31 de marzo de 2014.\" width=\"300\" height=\"198\" srcset=\"https:\/\/i0.wp.com\/eltrabajo.cl\/portal\/wp-content\/uploads\/2015\/06\/Detenidos1.jpg?resize=300%2C198&amp;ssl=1 300w, https:\/\/i0.wp.com\/eltrabajo.cl\/portal\/wp-content\/uploads\/2015\/06\/Detenidos1.jpg?resize=200%2C132&amp;ssl=1 200w, https:\/\/i0.wp.com\/eltrabajo.cl\/portal\/wp-content\/uploads\/2015\/06\/Detenidos1.jpg?resize=227%2C150&amp;ssl=1 227w, https:\/\/i0.wp.com\/eltrabajo.cl\/portal\/wp-content\/uploads\/2015\/06\/Detenidos1.jpg?resize=400%2C264&amp;ssl=1 400w, https:\/\/i0.wp.com\/eltrabajo.cl\/portal\/wp-content\/uploads\/2015\/06\/Detenidos1.jpg?w=530&amp;ssl=1 530w\" sizes=\"auto, (max-width: 300px) 100vw, 300px\" \/><\/a><figcaption id=\"caption-attachment-59405\" class=\"wp-caption-text\">En aquella ocasi\u00f3n, se realiz\u00f3 una espectacular persecuci\u00f3n por parte de Carabineros para la captura de esta peligrosa pandilla que cometi\u00f3 dos delitos de robo con intimidaci\u00f3n en el sector de Piguch\u00e9n de Putaendo el 31 de marzo de 2014.<\/figcaption><\/figure>\n<ul>\n<li><strong>El \u00faltimo menor de edad que faltaba por procesar judicialmente, integraba una peligrosa pandilla delictual que cometi\u00f3 dos robos con intimidaci\u00f3n en el sector de Piguch\u00e9n de Putaendo, siendo considerado culpable de estos delitos por el Tribunal Oral en Lo Penal de San Felipe.<\/strong><\/li>\n<\/ul>\n<p>Un adolescente de 16 a\u00f1os de edad, que integraba una peligrosa banda delictual, fue considerado culpable por dos delitos de robo con intimidaci\u00f3n tras el veredicto emitido por los jueces del Tribunal Oral en Lo Penal de San Felipe. La Fiscal\u00eda persigue obtener dos condenas que podr\u00edan alcanzar los 20 a\u00f1os en total.<br \/>\nLos hechos comenzaron a desencadenarse el pasado 31 de marzo de 2014 cerca de las 10:30 horas, cuando la pandilla de muchachos compuesta por tres menores de edad y un adulto, abordaron un veh\u00edculo marca Chevrolet desde Los Andes para dirigirse hasta la comuna de Putaendo luego de haber consumido alcohol y drogas durante la noche.<br \/>\nAl introducirse hasta el sector de Piguch\u00e9n, irrumpieron al interior de una parcela donde se encontraba una mujer que portaba entre en sus brazos una beb\u00e9, siendo intimidada por los individuos con un cuchillo y un destornillador. Simult\u00e1neamente uno de los antisociales, de apenas doce a\u00f1os de edad, con extrema violencia se apoder\u00f3 de un notebook y dos tel\u00e9fonos celulares para luego escapar a bordo del veh\u00edculo.<br \/>\nMinutos m\u00e1s tarde, los pandilleros se dirigieron hasta el almac\u00e9n y botiller\u00eda \u2018Santa Ana\u2019 ubicado en esa misma localidad, donde descendieron para amenazar a la propietaria, robando una importante cantidad de dinero y cajetillas de cigarrillos.<br \/>\nAmbos delitos fueron denunciados ante Carabineros de la Tenencia de Putaendo, despleg\u00e1ndose un plan candado para ir en persecuci\u00f3n de los sujetos que escapaban a gran velocidad en el veh\u00edculo que se dirig\u00eda en direcci\u00f3n a San Felipe.<br \/>\nEl operativo policial cont\u00f3 con el apoyo de un gran contingente de efectivos policiales que debieron desplazarse hasta la comuna de Rinconada donde se pretend\u00eda interceptar el veh\u00edculo que se desplazaba a toda marcha en direcci\u00f3n a Santiago, logrando darles alcance en las cercan\u00edas del Santuario de Santa Teresa en donde fueron reducidos por Carabineros.<br \/>\nLos antisociales fueron identificados como Jos\u00e9 Miguel Pozo Tapia de 20 a\u00f1os, D.P.A. de 16 a\u00f1os, E.M.I. de 16 a\u00f1os y el menor de 12 a\u00f1os de edad A.S.O., todos, a excepci\u00f3n del menor de 12 a\u00f1os, con un amplio prontuario policial y con domicilio en la comuna de Colina.<br \/>\nEl caso qued\u00f3 en investigaci\u00f3n por la Fiscal\u00eda de San Felipe y durante este \u00faltimo per\u00edodo comenz\u00f3 a llevar a juicio individualmente a cada uno de los imputados por estos hechos. En el caso de Pozo Tapia, fue condenado en juicio abreviado en el Juzgado de Garant\u00eda de esta comuna, mientras que el adolescente E.A.M.I. de 16 a\u00f1os, fue sentenciado a programas de reinserci\u00f3n social a cargo del Servicio Nacional de Menores, Sename, bajo r\u00e9gimen semicerrado por un plazo de cinco a\u00f1os.<br \/>\nSin embargo al menor de los integrantes de esta pandilla, de doce a\u00f1os, la Ley lo considera inimputable por estos delitos cometidos.<br \/>\nAsimismo el adolescente de iniciales D.P.A. de 16 a\u00f1os de edad, fue sometido a juicio oral desde este lunes en el Tribunal Oral en Lo Penal de San Felipe, y en el veredicto los jueces resolvieron condenarlo por los dos delitos de robo con intimidaci\u00f3n, donde la Fiscal\u00eda persigue obtener una pena privativa de libertad bajo la modalidad de r\u00e9gimen cerrado por su condici\u00f3n de menor de edad.<br \/>\nEn este sentido la ponderaci\u00f3n de las penas asignadas contra este adolescente que actualmente se encuentra en el Centro de Internaci\u00f3n Provisoria en la comuna de San Joaqu\u00edn, en Santiago, por otro delito, alcanzar\u00edan los 10 a\u00f1os respectivamente por cada uno de los hechos que fueron condenados por los jueces, sentencia que ser\u00e1 dada a conocer ma\u00f1ana viernes en la sala del Tribunal Oral.<br \/>\n<strong>Pablo Salinas Sald\u00edas<\/strong><\/p>\n<div class=\"tiled-gallery type-rectangular tiled-gallery-unresized\" data-original-width=\"640\" data-carousel-extra='null' itemscope itemtype=\"http:\/\/schema.org\/ImageGallery\" > <div class=\"gallery-row\" style=\"width: 640px; height: 211px;\" data-original-width=\"640\" data-original-height=\"211\" > <div class=\"gallery-group images-1\" style=\"width: 320px; height: 211px;\" data-original-width=\"320\" data-original-height=\"211\" > <div class=\"tiled-gallery-item tiled-gallery-item-large\" itemprop=\"associatedMedia\" itemscope itemtype=\"http:\/\/schema.org\/ImageObject\"> <a href=\"https:\/\/eltrabajo.cl\/portal\/adolescente-arriesga-20-anos-por-dos-delitos-de-robo-con-intimidacion\/detenidos2-2\/\" border=\"0\" itemprop=\"url\"> <meta itemprop=\"width\" content=\"316\"> <meta itemprop=\"height\" content=\"207\"> <img decoding=\"async\" class=\"\" data-attachment-id=\"59407\" data-orig-file=\"https:\/\/eltrabajo.cl\/portal\/wp-content\/uploads\/2015\/06\/Detenidos2.jpg\" data-orig-size=\"530,348\" data-comments-opened=\"1\" data-image-meta=\"{&quot;aperture&quot;:&quot;0&quot;,&quot;credit&quot;:&quot;&quot;,&quot;camera&quot;:&quot;&quot;,&quot;caption&quot;:&quot;&quot;,&quot;created_timestamp&quot;:&quot;0&quot;,&quot;copyright&quot;:&quot;&quot;,&quot;focal_length&quot;:&quot;0&quot;,&quot;iso&quot;:&quot;0&quot;,&quot;shutter_speed&quot;:&quot;0&quot;,&quot;title&quot;:&quot;&quot;,&quot;orientation&quot;:&quot;0&quot;}\" data-image-title=\"Detenidos2\" data-image-description=\"&lt;p&gt;Los antisociales fueron capturados en el sector de Auco tras una intensa persecuci\u00f3n de Carabineros, siendo procesados judicialmente de manera individual.&lt;\/p&gt; \" data-medium-file=\"https:\/\/i0.wp.com\/eltrabajo.cl\/portal\/wp-content\/uploads\/2015\/06\/Detenidos2.jpg?fit=300%2C197&#038;ssl=1\" data-large-file=\"https:\/\/i0.wp.com\/eltrabajo.cl\/portal\/wp-content\/uploads\/2015\/06\/Detenidos2.jpg?fit=530%2C348&#038;ssl=1\" src=\"https:\/\/i0.wp.com\/eltrabajo.cl\/portal\/wp-content\/uploads\/2015\/06\/Detenidos2.jpg?w=316&#038;h=207&#038;ssl=1\" srcset=\"https:\/\/i0.wp.com\/eltrabajo.cl\/portal\/wp-content\/uploads\/2015\/06\/Detenidos2.jpg?w=530&amp;ssl=1 530w, https:\/\/i0.wp.com\/eltrabajo.cl\/portal\/wp-content\/uploads\/2015\/06\/Detenidos2.jpg?resize=200%2C131&amp;ssl=1 200w, https:\/\/i0.wp.com\/eltrabajo.cl\/portal\/wp-content\/uploads\/2015\/06\/Detenidos2.jpg?resize=300%2C197&amp;ssl=1 300w, https:\/\/i0.wp.com\/eltrabajo.cl\/portal\/wp-content\/uploads\/2015\/06\/Detenidos2.jpg?resize=228%2C150&amp;ssl=1 228w, https:\/\/i0.wp.com\/eltrabajo.cl\/portal\/wp-content\/uploads\/2015\/06\/Detenidos2.jpg?resize=400%2C263&amp;ssl=1 400w\" width=\"316\" height=\"207\" loading=\"lazy\" data-original-width=\"316\" data-original-height=\"207\" itemprop=\"http:\/\/schema.org\/image\" title=\"Detenidos2\" alt=\"Los antisociales fueron capturados en el sector de Auco tras una intensa persecuci\u00f3n de Carabineros, siendo procesados judicialmente de manera individual.\" style=\"width: 316px; height: 207px;\" \/> <\/a> <div class=\"tiled-gallery-caption\" itemprop=\"caption description\"> Los antisociales fueron capturados en el sector de Auco tras una intensa persecuci\u00f3n de Carabineros, siendo procesados judicialmente de manera individual. <\/div> <\/div> <\/div> <!-- close group --> <div class=\"gallery-group images-1\" style=\"width: 320px; height: 211px;\" data-original-width=\"320\" data-original-height=\"211\" > <div class=\"tiled-gallery-item tiled-gallery-item-large\" itemprop=\"associatedMedia\" itemscope itemtype=\"http:\/\/schema.org\/ImageObject\"> <a href=\"https:\/\/eltrabajo.cl\/portal\/adolescente-arriesga-20-anos-por-dos-delitos-de-robo-con-intimidacion\/recuperado1-4\/\" border=\"0\" itemprop=\"url\"> <meta itemprop=\"width\" content=\"316\"> <meta itemprop=\"height\" content=\"207\"> <img decoding=\"async\" class=\"\" data-attachment-id=\"59408\" data-orig-file=\"https:\/\/eltrabajo.cl\/portal\/wp-content\/uploads\/2015\/06\/Recuperado1.jpg\" data-orig-size=\"530,348\" data-comments-opened=\"1\" data-image-meta=\"{&quot;aperture&quot;:&quot;0&quot;,&quot;credit&quot;:&quot;&quot;,&quot;camera&quot;:&quot;&quot;,&quot;caption&quot;:&quot;&quot;,&quot;created_timestamp&quot;:&quot;0&quot;,&quot;copyright&quot;:&quot;[wopmind]&quot;,&quot;focal_length&quot;:&quot;0&quot;,&quot;iso&quot;:&quot;0&quot;,&quot;shutter_speed&quot;:&quot;0&quot;,&quot;title&quot;:&quot;&quot;,&quot;orientation&quot;:&quot;0&quot;}\" data-image-title=\"Recuperado1\" data-image-description=\"&lt;p&gt;Este autom\u00f3vil marca Chevrolet fue utilizado por la pandilla delictiva, impactando un poste al momento de ser capturados por Carabineros.&lt;\/p&gt; \" data-medium-file=\"https:\/\/i0.wp.com\/eltrabajo.cl\/portal\/wp-content\/uploads\/2015\/06\/Recuperado1.jpg?fit=300%2C197&#038;ssl=1\" data-large-file=\"https:\/\/i0.wp.com\/eltrabajo.cl\/portal\/wp-content\/uploads\/2015\/06\/Recuperado1.jpg?fit=530%2C348&#038;ssl=1\" src=\"https:\/\/i0.wp.com\/eltrabajo.cl\/portal\/wp-content\/uploads\/2015\/06\/Recuperado1.jpg?w=316&#038;h=207&#038;ssl=1\" srcset=\"https:\/\/i0.wp.com\/eltrabajo.cl\/portal\/wp-content\/uploads\/2015\/06\/Recuperado1.jpg?w=530&amp;ssl=1 530w, https:\/\/i0.wp.com\/eltrabajo.cl\/portal\/wp-content\/uploads\/2015\/06\/Recuperado1.jpg?resize=200%2C131&amp;ssl=1 200w, https:\/\/i0.wp.com\/eltrabajo.cl\/portal\/wp-content\/uploads\/2015\/06\/Recuperado1.jpg?resize=300%2C197&amp;ssl=1 300w, https:\/\/i0.wp.com\/eltrabajo.cl\/portal\/wp-content\/uploads\/2015\/06\/Recuperado1.jpg?resize=228%2C150&amp;ssl=1 228w, https:\/\/i0.wp.com\/eltrabajo.cl\/portal\/wp-content\/uploads\/2015\/06\/Recuperado1.jpg?resize=400%2C263&amp;ssl=1 400w\" width=\"316\" height=\"207\" loading=\"lazy\" data-original-width=\"316\" data-original-height=\"207\" itemprop=\"http:\/\/schema.org\/image\" title=\"Recuperado1\" alt=\"Este autom\u00f3vil marca Chevrolet fue utilizado por la pandilla delictiva, impactando un poste al momento de ser capturados por Carabineros.\" style=\"width: 316px; height: 207px;\" \/> <\/a> <div class=\"tiled-gallery-caption\" itemprop=\"caption description\"> Este autom\u00f3vil marca Chevrolet fue utilizado por la pandilla delictiva, impactando un poste al momento de ser capturados por Carabineros. <\/div> <\/div> <\/div> <!-- close group --> <\/div> <!-- close row --> <\/div>\n","protected":false},"excerpt":{"rendered":"<p>El \u00faltimo menor de edad que faltaba por procesar judicialmente, integraba una peligrosa pandilla delictual que cometi\u00f3 dos robos con intimidaci\u00f3n en el sector de Piguch\u00e9n de Putaendo, siendo considerado culpable de&#8230;<\/p>\n","protected":false},"author":482,"featured_media":59405,"comment_status":"open","ping_status":"open","sticky":false,"template":"","format":"standard","meta":{"advanced_seo_description":"","jetpack_seo_html_title":"","jetpack_seo_noindex":false,"_jetpack_memberships_contains_paid_content":false,"footnotes":""},"categories":[21],"tags":[],"class_list":["post-59404","post","type-post","status-publish","format-standard","has-post-thumbnail","hentry","category-policial"],"jetpack_featured_media_url":"https:\/\/i0.wp.com\/eltrabajo.cl\/portal\/wp-content\/uploads\/2015\/06\/Detenidos1.jpg?fit=530%2C350&ssl=1","jetpack_sharing_enabled":true,"jetpack_likes_enabled":true,"jetpack-related-posts":[],"_links":{"self":[{"href":"https:\/\/eltrabajo.cl\/portal\/wp-json\/wp\/v2\/posts\/59404","targetHints":{"allow":["GET"]}}],"collection":[{"href":"https:\/\/eltrabajo.cl\/portal\/wp-json\/wp\/v2\/posts"}],"about":[{"href":"https:\/\/eltrabajo.cl\/portal\/wp-json\/wp\/v2\/types\/post"}],"author":[{"embeddable":true,"href":"https:\/\/eltrabajo.cl\/portal\/wp-json\/wp\/v2\/users\/482"}],"replies":[{"embeddable":true,"href":"https:\/\/eltrabajo.cl\/portal\/wp-json\/wp\/v2\/comments?post=59404"}],"version-history":[{"count":0,"href":"https:\/\/eltrabajo.cl\/portal\/wp-json\/wp\/v2\/posts\/59404\/revisions"}],"wp:featuredmedia":[{"embeddable":true,"href":"https:\/\/eltrabajo.cl\/portal\/wp-json\/wp\/v2\/media\/59405"}],"wp:attachment":[{"href":"https:\/\/eltrabajo.cl\/portal\/wp-json\/wp\/v2\/media?parent=59404"}],"wp:term":[{"taxonomy":"category","embeddable":true,"href":"https:\/\/eltrabajo.cl\/portal\/wp-json\/wp\/v2\/categories?post=59404"},{"taxonomy":"post_tag","embeddable":true,"href":"https:\/\/eltrabajo.cl\/portal\/wp-json\/wp\/v2\/tags?post=59404"}],"curies":[{"name":"wp","href":"https:\/\/api.w.org\/{rel}","templated":true}]}}