{"id":59410,"date":"2015-06-25T09:26:28","date_gmt":"2015-06-25T12:26:28","guid":{"rendered":"http:\/\/www.eltrabajo.cl\/portal\/?p=59410"},"modified":"2015-06-25T09:26:28","modified_gmt":"2015-06-25T12:26:28","slug":"golpeo-y-arrastro-por-el-suelo-a-su-madre-y-a-su-abuelo-de-80-anos","status":"publish","type":"post","link":"https:\/\/eltrabajo.cl\/portal\/golpeo-y-arrastro-por-el-suelo-a-su-madre-y-a-su-abuelo-de-80-anos\/","title":{"rendered":"Golpe\u00f3 y arrastr\u00f3 por el suelo a su madre y a su abuelo de 80 a\u00f1os"},"content":{"rendered":"<figure id=\"attachment_59411\" aria-describedby=\"caption-attachment-59411\" style=\"width: 300px\" class=\"wp-caption alignleft\"><a href=\"https:\/\/i0.wp.com\/www.eltrabajo.cl\/portal\/wp-content\/uploads\/2015\/06\/MariaAguilera.jpg\"><img data-recalc-dims=\"1\" loading=\"lazy\" decoding=\"async\" class=\"wp-image-59411 size-medium\" src=\"https:\/\/i0.wp.com\/www.eltrabajo.cl\/portal\/wp-content\/uploads\/2015\/06\/MariaAguilera-300x198.jpg?resize=300%2C198\" alt=\"Mar\u00eda Aguilera de 57 a\u00f1os de edad denunci\u00f3 a su hijo por constantes agresiones f\u00edsicas y verbales hacia ella y su padre de 80 a\u00f1os de edad.\" width=\"300\" height=\"198\" srcset=\"https:\/\/i0.wp.com\/eltrabajo.cl\/portal\/wp-content\/uploads\/2015\/06\/MariaAguilera.jpg?resize=300%2C198&amp;ssl=1 300w, https:\/\/i0.wp.com\/eltrabajo.cl\/portal\/wp-content\/uploads\/2015\/06\/MariaAguilera.jpg?resize=200%2C132&amp;ssl=1 200w, https:\/\/i0.wp.com\/eltrabajo.cl\/portal\/wp-content\/uploads\/2015\/06\/MariaAguilera.jpg?resize=227%2C150&amp;ssl=1 227w, https:\/\/i0.wp.com\/eltrabajo.cl\/portal\/wp-content\/uploads\/2015\/06\/MariaAguilera.jpg?resize=400%2C264&amp;ssl=1 400w, https:\/\/i0.wp.com\/eltrabajo.cl\/portal\/wp-content\/uploads\/2015\/06\/MariaAguilera.jpg?w=530&amp;ssl=1 530w\" sizes=\"auto, (max-width: 300px) 100vw, 300px\" \/><\/a><figcaption id=\"caption-attachment-59411\" class=\"wp-caption-text\">Mar\u00eda Aguilera de 57 a\u00f1os de edad denunci\u00f3 a su hijo por constantes agresiones f\u00edsicas y verbales hacia ella y su padre de 80 a\u00f1os de edad.<\/figcaption><\/figure>\n<p><strong>PUTAENDO.<\/strong>&#8211; Un sujeto de 38 a\u00f1os de edad, identificado con las iniciales A.J.I.A., agredi\u00f3 con golpes de pu\u00f1o a su propia madre y a su abuelo de 80 a\u00f1os de edad, quienes resultaron con lesiones menos graves.<br \/>\nLa informaci\u00f3n oficial entregada por el Teniente de Carabineros \u00c1ngelo Acevedo, indica que la ma\u00f1ana de este mi\u00e9rcoles, la mujer acompa\u00f1ada de su padre acudi\u00f3 hasta la Tenencia de Putaendo para realizar una denuncia en contra de su hijo por maltrato f\u00edsico y psicol\u00f3gico.<br \/>\nEl oficial policial sostuvo que cuando la mujer de 57 a\u00f1os de edad y su padre de 80 a\u00f1os regresaron a su domicilio en Calle Brasil de Putaendo, a fin de evitar inconvenientes con su hijo, decidieron ingresar a trav\u00e9s del r\u00edo y llegar a la parte posterior del domicilio, sin embargo el agresor de igual forma los divis\u00f3 y ya estaba en conocimiento que ambos lo hab\u00edan denunciado ante Carabineros, por lo que los increp\u00f3 duramente, abalanz\u00e1ndose sobre ellos y golpe\u00e1ndolos con los pu\u00f1os en el rostro y la cabeza.<br \/>\nComo consecuencia de esta agresi\u00f3n, la mujer y el adulto mayor fueron trasladados hasta el Servicio de Urgencia del Hospital San Antonio, donde fueron diagnosticados con lesiones de car\u00e1cter leve, pero al tratarse de un hecho de violencia intrafamiliar, las lesiones fueron catalogadas como menos graves.<br \/>\nEn tanto, el &#8216;hijo del a\u00f1o&#8217; qued\u00f3 detenido bajo los cargos de lesiones menos graves en el contexto de violencia intrafamiliar, y ser\u00e1 puesto a disposici\u00f3n de Tribunales de Justicia en horas de la ma\u00f1ana de hoy jueves en Putaendo.<\/p>\n<p><strong>MADRE DEL AGRESOR ENTREGA SU TESTIMONIO<\/strong><br \/>\nLa se\u00f1ora Mar\u00eda Aguilera Flores, madre del detenido por agresi\u00f3n, decidi\u00f3 entregar su testimonio a nuestro medio, indicando que efectivamente este mi\u00e9rcoles ella y su padre fueron agredidos salvajemente por su propio hijo, quien no tan s\u00f3lo los golpe\u00f3 en la cabeza y en la cara, sino que los arrastr\u00f3 por el suelo y ocasion\u00f3 muchos da\u00f1os al interior de la vivienda.<br \/>\nLa afectada agreg\u00f3 que durante la ma\u00f1ana acudieron a Carabineros para denunciarlo, porque ya no soportan el maltrato psicol\u00f3gico hacia ella y su padre, ya que su hijo lo insulta de la peor manera, le tira el alimento, lo obliga a ir al ba\u00f1o y constantemente los amenaza, en lo que calific\u00f3 como un infierno que viven a diario, a lo que se suma la grave denuncia hecha por Mar\u00eda Aguilera, que dice relaci\u00f3n que su madre, tambi\u00e9n adulta mayor, que actualmente se encuentra postrada, es obligada a ingerir todos los medicamentos de una sola vez, mezclados con cerveza, lo que es llevado a cabo por su propio hijo.<br \/>\nEsta mujer, visiblemente afectada, declar\u00f3 que su hijo lleg\u00f3 en el mes de mayo desde Noruega, e indic\u00f3 que desde ese momento han vivido un calvario interminable, y que cuando fueron auxiliados por vecinos que impidieron que la golpiza continuara, su hijo les advirti\u00f3 que esto reci\u00e9n comenzaba y que no iba a parar hasta matarlos, por lo que Mar\u00eda Aguilera sostuvo que no saben qu\u00e9 hacer por la situaci\u00f3n que viven.<br \/>\nLa v\u00edctima pretend\u00eda mostrarnos los da\u00f1os dejados al interior de la vivienda, pero uno de sus hijos nos solicit\u00f3 que nos retir\u00e1ramos del domicilio, a lo cual accedimos en forma inmediata.<br \/>\nFinalmente, Mar\u00eda Aguilera precis\u00f3 que la \u00fanica esperanza que hoy tienen es que la Fiscal\u00eda les ayude y evite que tanto ella como sus padres sigan viviendo el calvario que lamentablemente viven a diario por parte de su propio hijo.<br \/>\n<strong>Patricio Gallardo M.<\/strong><\/p>\n","protected":false},"excerpt":{"rendered":"<p>PUTAENDO.&#8211; Un sujeto de 38 a\u00f1os de edad, identificado con las iniciales A.J.I.A., agredi\u00f3 con golpes de pu\u00f1o a su propia madre y a su abuelo de 80 a\u00f1os de edad, quienes&#8230;<\/p>\n","protected":false},"author":482,"featured_media":59411,"comment_status":"open","ping_status":"open","sticky":false,"template":"","format":"standard","meta":{"advanced_seo_description":"","jetpack_seo_html_title":"","jetpack_seo_noindex":false,"_jetpack_memberships_contains_paid_content":false,"footnotes":""},"categories":[21],"tags":[],"class_list":["post-59410","post","type-post","status-publish","format-standard","has-post-thumbnail","hentry","category-policial"],"jetpack_featured_media_url":"https:\/\/i0.wp.com\/eltrabajo.cl\/portal\/wp-content\/uploads\/2015\/06\/MariaAguilera.jpg?fit=530%2C350&ssl=1","jetpack_sharing_enabled":true,"jetpack_likes_enabled":true,"jetpack-related-posts":[],"_links":{"self":[{"href":"https:\/\/eltrabajo.cl\/portal\/wp-json\/wp\/v2\/posts\/59410","targetHints":{"allow":["GET"]}}],"collection":[{"href":"https:\/\/eltrabajo.cl\/portal\/wp-json\/wp\/v2\/posts"}],"about":[{"href":"https:\/\/eltrabajo.cl\/portal\/wp-json\/wp\/v2\/types\/post"}],"author":[{"embeddable":true,"href":"https:\/\/eltrabajo.cl\/portal\/wp-json\/wp\/v2\/users\/482"}],"replies":[{"embeddable":true,"href":"https:\/\/eltrabajo.cl\/portal\/wp-json\/wp\/v2\/comments?post=59410"}],"version-history":[{"count":0,"href":"https:\/\/eltrabajo.cl\/portal\/wp-json\/wp\/v2\/posts\/59410\/revisions"}],"wp:featuredmedia":[{"embeddable":true,"href":"https:\/\/eltrabajo.cl\/portal\/wp-json\/wp\/v2\/media\/59411"}],"wp:attachment":[{"href":"https:\/\/eltrabajo.cl\/portal\/wp-json\/wp\/v2\/media?parent=59410"}],"wp:term":[{"taxonomy":"category","embeddable":true,"href":"https:\/\/eltrabajo.cl\/portal\/wp-json\/wp\/v2\/categories?post=59410"},{"taxonomy":"post_tag","embeddable":true,"href":"https:\/\/eltrabajo.cl\/portal\/wp-json\/wp\/v2\/tags?post=59410"}],"curies":[{"name":"wp","href":"https:\/\/api.w.org\/{rel}","templated":true}]}}