{"id":59417,"date":"2015-06-26T09:20:35","date_gmt":"2015-06-26T12:20:35","guid":{"rendered":"http:\/\/www.eltrabajo.cl\/portal\/?p=59417"},"modified":"2015-06-26T09:20:35","modified_gmt":"2015-06-26T12:20:35","slug":"inician-ii-taller-de-futbol-infantil-por-la-vida-sana-en-rinconada","status":"publish","type":"post","link":"https:\/\/eltrabajo.cl\/portal\/inician-ii-taller-de-futbol-infantil-por-la-vida-sana-en-rinconada\/","title":{"rendered":"Inician \u2018II taller de f\u00fatbol infantil por la vida sana\u2019 en Rinconada"},"content":{"rendered":"<figure id=\"attachment_59418\" aria-describedby=\"caption-attachment-59418\" style=\"width: 300px\" class=\"wp-caption alignleft\"><a href=\"https:\/\/i0.wp.com\/www.eltrabajo.cl\/portal\/wp-content\/uploads\/2015\/06\/Proyecto-deportivo.jpg\"><img data-recalc-dims=\"1\" loading=\"lazy\" decoding=\"async\" class=\"wp-image-59418 size-medium\" src=\"https:\/\/i0.wp.com\/www.eltrabajo.cl\/portal\/wp-content\/uploads\/2015\/06\/Proyecto-deportivo-300x197.jpg?resize=300%2C197\" alt=\"La gobernadora Mar\u00eda Victoria Rodr\u00edguez, junto al alcalde de Rinconada, Pedro Caballer\u00eda, dieron inicio al \u2018II Taller de f\u00fatbol infantil por la vida sana\u2019 con financiamiento del Fondo del 6% del Gobierno Regional.\" width=\"300\" height=\"197\" srcset=\"https:\/\/i0.wp.com\/eltrabajo.cl\/portal\/wp-content\/uploads\/2015\/06\/Proyecto-deportivo.jpg?resize=300%2C197&amp;ssl=1 300w, https:\/\/i0.wp.com\/eltrabajo.cl\/portal\/wp-content\/uploads\/2015\/06\/Proyecto-deportivo.jpg?resize=200%2C131&amp;ssl=1 200w, https:\/\/i0.wp.com\/eltrabajo.cl\/portal\/wp-content\/uploads\/2015\/06\/Proyecto-deportivo.jpg?resize=228%2C150&amp;ssl=1 228w, https:\/\/i0.wp.com\/eltrabajo.cl\/portal\/wp-content\/uploads\/2015\/06\/Proyecto-deportivo.jpg?resize=400%2C263&amp;ssl=1 400w, https:\/\/i0.wp.com\/eltrabajo.cl\/portal\/wp-content\/uploads\/2015\/06\/Proyecto-deportivo.jpg?w=530&amp;ssl=1 530w\" sizes=\"auto, (max-width: 300px) 100vw, 300px\" \/><\/a><figcaption id=\"caption-attachment-59418\" class=\"wp-caption-text\">La gobernadora Mar\u00eda Victoria Rodr\u00edguez, junto al alcalde de Rinconada, Pedro Caballer\u00eda, dieron inicio al \u2018II Taller de f\u00fatbol infantil por la vida sana\u2019 con financiamiento del Fondo del 6% del Gobierno Regional.<\/figcaption><\/figure>\n<p><strong>RINCONADA.<\/strong>&#8211; La gobernadora provincial de Los Andes, Mar\u00eda Victoria Rodr\u00edguez, y el alcalde de la comuna de Rinconada, Pedro Caballer\u00eda, dieron inicio al proyecto \u2018II Taller de f\u00fatbol infantil por la vida sana de Rinconada\u2019, llevado a cabo por el Club Deportivo Diamante y su filial infanto-juvenil \u2018Diamantitos\u2019 en el recinto del mismo lugar.<br \/>\n\u00c9ste proyecto fue financiado gracias al Fondo del 6% de Cultura, Deportes y Seguridad Ciudadana del Gobierno Regional de Valpara\u00edso, en el cual se utilizar\u00e1n espacios de recreaci\u00f3n y aprendizaje sobre f\u00fatbol, adem\u00e1s de integraci\u00f3n entre los diversos actores que participen del programa. Su inversi\u00f3n supera el mill\u00f3n de pesos, monto que permitir\u00e1 dotar de equipamiento deportivo a la instituci\u00f3n.<br \/>\nEl alcalde de la comuna de Rinconada, Pedro Caballer\u00eda, se mostr\u00f3 agradecido y satisfecho por este proyecto, el cual permitir\u00e1 contribuir al desarrollo de los clubes deportivos de la zona, reflejando un compromiso por parte del Gobierno Regional en fomentar el auge de la comunidad.<br \/>\nPor su parte, la gobernadora provincial de Los Andes, Mar\u00eda Victoria Rodr\u00edguez, manifest\u00f3 que este proyecto permite dar las herramientas necesarias para que ni\u00f1os de la comuna puedan desenvolverse en el deporte, muestra de la preocupaci\u00f3n por el desarrollo del pa\u00eds.<br \/>\n\u201cEste club ha tenido la habilidad de cumplir con el objetivo que se han propuesto. No es solo diversi\u00f3n, sino entregar valores, que los ni\u00f1os crezcan dentro de las normas que queremos para que sean personas de bien en el futuro. Quiero felicitar a los peque\u00f1os, a los dirigentes del club, al alcalde, que a trav\u00e9s de estas clases de f\u00fatbol han encontrado la forma de canalizar sus inquietudes, y aplicando la disciplina para que se proyecten en un futuro, sin caer en conductas de riesgo\u201d, puntualiz\u00f3 la autoridad.<\/p>\n","protected":false},"excerpt":{"rendered":"<p>RINCONADA.&#8211; La gobernadora provincial de Los Andes, Mar\u00eda Victoria Rodr\u00edguez, y el alcalde de la comuna de Rinconada, Pedro Caballer\u00eda, dieron inicio al proyecto \u2018II Taller de f\u00fatbol infantil por la vida&#8230;<\/p>\n","protected":false},"author":482,"featured_media":59418,"comment_status":"open","ping_status":"open","sticky":false,"template":"","format":"standard","meta":{"advanced_seo_description":"","jetpack_seo_html_title":"","jetpack_seo_noindex":false,"_jetpack_memberships_contains_paid_content":false,"footnotes":""},"categories":[15],"tags":[],"class_list":["post-59417","post","type-post","status-publish","format-standard","has-post-thumbnail","hentry","category-comunidad"],"jetpack_featured_media_url":"https:\/\/i0.wp.com\/eltrabajo.cl\/portal\/wp-content\/uploads\/2015\/06\/Proyecto-deportivo.jpg?fit=530%2C348&ssl=1","jetpack_sharing_enabled":true,"jetpack_likes_enabled":true,"jetpack-related-posts":[],"_links":{"self":[{"href":"https:\/\/eltrabajo.cl\/portal\/wp-json\/wp\/v2\/posts\/59417","targetHints":{"allow":["GET"]}}],"collection":[{"href":"https:\/\/eltrabajo.cl\/portal\/wp-json\/wp\/v2\/posts"}],"about":[{"href":"https:\/\/eltrabajo.cl\/portal\/wp-json\/wp\/v2\/types\/post"}],"author":[{"embeddable":true,"href":"https:\/\/eltrabajo.cl\/portal\/wp-json\/wp\/v2\/users\/482"}],"replies":[{"embeddable":true,"href":"https:\/\/eltrabajo.cl\/portal\/wp-json\/wp\/v2\/comments?post=59417"}],"version-history":[{"count":0,"href":"https:\/\/eltrabajo.cl\/portal\/wp-json\/wp\/v2\/posts\/59417\/revisions"}],"wp:featuredmedia":[{"embeddable":true,"href":"https:\/\/eltrabajo.cl\/portal\/wp-json\/wp\/v2\/media\/59418"}],"wp:attachment":[{"href":"https:\/\/eltrabajo.cl\/portal\/wp-json\/wp\/v2\/media?parent=59417"}],"wp:term":[{"taxonomy":"category","embeddable":true,"href":"https:\/\/eltrabajo.cl\/portal\/wp-json\/wp\/v2\/categories?post=59417"},{"taxonomy":"post_tag","embeddable":true,"href":"https:\/\/eltrabajo.cl\/portal\/wp-json\/wp\/v2\/tags?post=59417"}],"curies":[{"name":"wp","href":"https:\/\/api.w.org\/{rel}","templated":true}]}}